{"id":480812,"date":"2025-10-22T01:01:34","date_gmt":"2025-10-22T01:01:34","guid":{"rendered":"https:\/\/www.europesays.com\/fr\/480812\/"},"modified":"2025-10-22T01:01:34","modified_gmt":"2025-10-22T01:01:34","slug":"un-nouveau-supermarche-de-ce-quartier-vandalise-lequipe-en-colere","status":"publish","type":"post","link":"https:\/\/www.europesays.com\/fr\/480812\/","title":{"rendered":"un nouveau supermarch\u00e9 de ce quartier vandalis\u00e9, l&rsquo;\u00e9quipe en col\u00e8re"},"content":{"rendered":"<p>            Par<br \/>\n        <strong><br \/>\n            <a href=\"https:\/\/actu.fr\/auteur\/arthur-frand\" title=\"Consulter tous les articles de Arthur Frand\" target=\"_blank\" rel=\"noopener\">Arthur Frand<\/a><br \/>\n        <\/strong><\/p>\n<p>        Publi\u00e9 le<\/p>\n<p>            20 oct. 2025 \u00e0 11h00        <\/p>\n<p>Une bien mauvaise surprise. Le Super U du quartier Caucade \u00e0 l\u2019ouest de <a href=\"https:\/\/actu.fr\/nice\/\" target=\"_blank\" rel=\"noopener\">Nice<\/a>, dans les <a href=\"https:\/\/actu.fr\/provence-alpes-cote-d-azur\/alpes-maritimes_06\" target=\"_blank\" rel=\"noopener\">Alpes-Maritimes<\/a>, a \u00e9t\u00e9 <strong>vandalis\u00e9<\/strong> dans la nuit de ce samedi\u00a018 au dimanche 19\u00a0octobre. Ce grand supermarch\u00e9 n\u2019est ouvert que depuis deux mois. Les g\u00e9rants de l\u2019\u00e9tablissement ne cachent pas leur col\u00e8re et leur d\u00e9ception. Ils n\u2019entendent pas en rester l\u00e0 et ont port\u00e9 plainte.<\/p>\n<p>    <a href=\"https:\/\/www.google.com\/maps\/embed?pb=!1m18!1m12!1m3!1d2885.616890490159!2d7.217442076822753!3d43.676936971101085!2m3!1f0!2f0!3f0!3m2!1i1024!2i768!4f13.1!3m3!1m2!1s0x12cdd10005c952b3%3A0xd82d83efa024107f!2sSuper%20U%20et%20Drive!5e0!3m2!1sfr!2sfr!4v1760949667690!5m2!1sfr!2sfr\" title=\"Ouvrie le lien\" target=\"_blank\" rel=\"noopener\">Cliquez ici pour visualiser le contenu<\/a><\/p>\n<p>\u00ab\u2009Un acte de vandalisme gratuit\u2009\u00bb<\/p>\n<p class=\" wall-content\">Une fa\u00e7ade ext\u00e9rieure d\u00e9grad\u00e9e et des bouts de mur d\u00e9coll\u00e9s\u2026 L\u2019\u00e9quipe du Super U Nice Caucade, situ\u00e9 dans le quartier de Caucade \u00e0 l\u2019ouest de la ville, est tomb\u00e9e des nues ce dimanche 19\u00a0octobre en d\u00e9couvrant <strong>les d\u00e9g\u00e2ts<\/strong> au petit matin.<\/p>\n<p class=\" wall-content\">\u00ab\u2009Hier soir, le b\u00e2timent a \u00e9t\u00e9 victime d\u2019un acte de <strong>vandalisme gratuit<\/strong>. Des individus ont d\u00e9grad\u00e9 nos murs et caus\u00e9 d\u2019importants d\u00e9g\u00e2ts mat\u00e9riels\u2009\u00bb, a \u00e9crit le magasin sur ses r\u00e9seaux sociaux.<\/p>\n<p>Un grand supermarch\u00e9 inaugur\u00e9 fin ao\u00fbt<\/p>\n<p class=\" wall-content\">Ce grand supermarch\u00e9 est tout r\u00e9cent dans le paysage ni\u00e7ois. Il n\u2019est ouvert que depuis le 13\u00a0ao\u00fbt dernier. Inaugur\u00e9 le 27\u00a0ao\u00fbt, le b\u00e2timent de 2\u2009300 m\u00b2 a une particularit\u00e9\u2009: il abrite un v\u00e9ritable complexe omnisports avec deux terrains sur le toit.<\/p>\n<p class=\" wall-content\">Ce projet innovant a \u00e9t\u00e9 financ\u00e9 \u00e0 la fois par U et par la mairie de Nice. Une premi\u00e8re en France. Le Super U Nice Caucade a \u00e9t\u00e9 <strong>ouvert apr\u00e8s deux ans de travaux<\/strong>. Il emploie 120 salari\u00e9s et a permis 60 cr\u00e9ations de poste selon Dominique Schelcher, pr\u00e9sident de la Coop\u00e9rative U.<\/p>\n<p>    <img   decoding=\"async\" loading=\"lazy\" src=\"https:\/\/www.europesays.com\/fr\/wp-content\/uploads\/2025\/10\/nice-caucade-2-960x640.jpg\" alt=\"Nice Caucade 2\" width=\"960\" height=\"640\"\/><br \/>\n    Une partie des d\u00e9g\u00e2ts visibles sur la fa\u00e7ade ext\u00e9rieure du Super U dans le quartier de Caucade. (\u00a9Super U Nice Caucade)<\/p>\n<p>Votre r\u00e9gion, votre actu !<\/p>\n<p>Recevez chaque jour les infos qui comptent pour vous.<\/p>\n<p>\t<a href=\"https:\/\/actu.fr\/newsletter\" class=\"ac-btn ac-btn--corner ac-btn--medium ac-btn--blue800\" target=\"_blank\" rel=\"noopener\">S&rsquo;incrire<\/a><\/p>\n<p class=\" wall-content\">Cet acte de vandalisme est donc un <strong>gros coup dur<\/strong> pour l\u2019\u00e9quipe qui a d\u00e9pens\u00e9 du temps et de l\u2019\u00e9nergie pour l\u2019ouverture et fid\u00e9liser une client\u00e8le.<\/p>\n<p class=\" wall-content\">\u00ab\u2009Au-del\u00e0 de la r\u00e9paration, c\u2019est surtout une immense d\u00e9ception. Nous travaillons chaque jour pour offrir un lieu agr\u00e9able, pratique et convivial \u00e0 notre quartier, et voir ce travail sabot\u00e9 par <strong>quelques imb\u00e9ciles<\/strong> est insupportable\u2009\u00bb, souligne l\u2019\u00e9quipe du Super U Nice Caucade.<\/p>\n<p class=\" wall-content\">Cette derni\u00e8re remercie ses clients pour <strong>le soutien apport\u00e9<\/strong>. \u00ab\u2009Nous ne baisserons pas les bras. Nous allons tout remettre en \u00e9tat et continuer \u00e0 avancer, gr\u00e2ce \u00e0 vous et pour vous. Nous avons ouvert ce supermarch\u00e9 avec enthousiasme et avons \u00e9t\u00e9 incroyablement bien accueillis par nos clients.\u2009\u00bb<\/p>\n<p>Une plainte d\u00e9pos\u00e9e par les g\u00e9rants<\/p>\n<p class=\" wall-content\">Aucune trace d\u2019effraction n\u2019a \u00e9t\u00e9 constat\u00e9e sur les lieux. Mais les d\u00e9g\u00e2ts sont bien visibles sur la fa\u00e7ade ext\u00e9rieure. Les g\u00e9rants du supermarch\u00e9 ont imm\u00e9diatement <strong>port\u00e9 plainte<\/strong>.<\/p>\n<p class=\" wall-content\">\u00ab\u2009Les responsables seront retrouv\u00e9s\u2009\u00bb, esp\u00e8re l\u2019\u00e9quipe du Super U Nice Caucade, qui en appelle \u00e0 la solidarit\u00e9 collective. \u00ab\u2009Si vous avez vu quelque chose, n\u2019h\u00e9sitez pas \u00e0 nous contacter. Chaque t\u00e9moignage compte\u2009\u00bb, pr\u00e9cise le magasin.<\/p>\n<p class=\" wall-content\">Personnalisez votre actualit\u00e9 en ajoutant vos villes et m\u00e9dias en favori avec <a href=\"https:\/\/moncompte.actu.fr\" title=\"D\u00e9couvez Mon Actu\" rel=\"nofollow noopener\" data-trk=\"{&quot;cta&quot;:{&quot;action&quot;:&quot;https:\\\/\\\/moncompte.actu.fr&quot;,&quot;category&quot;:&quot;mon compte&quot;,&quot;from&quot;:&quot;article footer&quot;,&quot;name&quot;:&quot;Mon actu&quot;,&quot;type&quot;:&quot;cta&quot;}}\" target=\"_blank\">Mon Actu<\/a>.<\/p>\n","protected":false},"excerpt":{"rendered":"Par Arthur Frand Publi\u00e9 le 20 oct. 2025 \u00e0 11h00 Une bien mauvaise surprise. Le Super U du&hellip;\n","protected":false},"author":2,"featured_media":480813,"comment_status":"","ping_status":"","sticky":false,"template":"","format":"standard","meta":{"footnotes":""},"categories":[2819],"tags":[1111,11,215,1777,674,1011,27,12,2401,1072,882,25,104],"class_list":{"0":"post-480812","1":"post","2":"type-post","3":"status-publish","4":"format-standard","5":"has-post-thumbnail","7":"category-nice","8":"tag-actu","9":"tag-actualites","10":"tag-commerce","11":"tag-eu","12":"tag-europe","13":"tag-fr","14":"tag-france","15":"tag-news","16":"tag-nice","17":"tag-police","18":"tag-provence-alpes-cote-dazur","19":"tag-republique-francaise","20":"tag-societe"},"share_on_mastodon":{"url":"https:\/\/pubeurope.com\/@fr\/115415121381685893","error":""},"_links":{"self":[{"href":"https:\/\/www.europesays.com\/fr\/wp-json\/wp\/v2\/posts\/480812","targetHints":{"allow":["GET"]}}],"collection":[{"href":"https:\/\/www.europesays.com\/fr\/wp-json\/wp\/v2\/posts"}],"about":[{"href":"https:\/\/www.europesays.com\/fr\/wp-json\/wp\/v2\/types\/post"}],"author":[{"embeddable":true,"href":"https:\/\/www.europesays.com\/fr\/wp-json\/wp\/v2\/users\/2"}],"replies":[{"embeddable":true,"href":"https:\/\/www.europesays.com\/fr\/wp-json\/wp\/v2\/comments?post=480812"}],"version-history":[{"count":0,"href":"https:\/\/www.europesays.com\/fr\/wp-json\/wp\/v2\/posts\/480812\/revisions"}],"wp:featuredmedia":[{"embeddable":true,"href":"https:\/\/www.europesays.com\/fr\/wp-json\/wp\/v2\/media\/480813"}],"wp:attachment":[{"href":"https:\/\/www.europesays.com\/fr\/wp-json\/wp\/v2\/media?parent=480812"}],"wp:term":[{"taxonomy":"category","embeddable":true,"href":"https:\/\/www.europesays.com\/fr\/wp-json\/wp\/v2\/categories?post=480812"},{"taxonomy":"post_tag","embeddable":true,"href":"https:\/\/www.europesays.com\/fr\/wp-json\/wp\/v2\/tags?post=480812"}],"curies":[{"name":"wp","href":"https:\/\/api.w.org\/{rel}","templated":true}]}}