{"id":480816,"date":"2025-10-22T01:03:28","date_gmt":"2025-10-22T01:03:28","guid":{"rendered":"https:\/\/www.europesays.com\/fr\/480816\/"},"modified":"2025-10-22T01:03:28","modified_gmt":"2025-10-22T01:03:28","slug":"la-mediatheque-de-bouguenais-rouvre-ses-portes-apres-trois-mois-de-travaux","status":"publish","type":"post","link":"https:\/\/www.europesays.com\/fr\/480816\/","title":{"rendered":"La m\u00e9diath\u00e8que de Bouguenais rouvre ses portes apr\u00e8s trois mois de travaux"},"content":{"rendered":"<p>Accueil en fanfare le vendredi 17\u00a0octobre, avec le Terminus Brass Band, pour les usagers de la m\u00e9diath\u00e8que Condorcet, venus f\u00eater la r\u00e9ouverture apr\u00e8s trois mois de fermeture pour travaux.<\/p>\n<p>C\u00f4t\u00e9s officiels, les \u00e9lus de la mairie \u00e9taient venus en force pour cette inauguration, accompagn\u00e9s de Myriam Bigeard, conseill\u00e8re d\u00e9partementale, et de Julie Laernoes, d\u00e9put\u00e9 de la circonscription, &#8230;<\/p>\n<p>\u00a0<\/p>\n","protected":false},"excerpt":{"rendered":"Accueil en fanfare le vendredi 17\u00a0octobre, avec le Terminus Brass Band, pour les usagers de la m\u00e9diath\u00e8que Condorcet,&hellip;\n","protected":false},"author":2,"featured_media":480817,"comment_status":"","ping_status":"","sticky":false,"template":"","format":"standard","meta":{"footnotes":""},"categories":[2818],"tags":[1111,11,5173,1777,674,1011,27,16582,2561,766,12,2636,3761,25,3760,3272,2086],"class_list":{"0":"post-480816","1":"post","2":"type-post","3":"status-publish","4":"format-standard","5":"has-post-thumbnail","7":"category-nantes","8":"tag-actu","9":"tag-actualites","10":"tag-bouguenais","11":"tag-eu","12":"tag-europe","13":"tag-fr","14":"tag-france","15":"tag-mediatheque","16":"tag-mois","17":"tag-nantes","18":"tag-news","19":"tag-pays-de-la-loire","20":"tag-portes","21":"tag-republique-francaise","22":"tag-rouvre","23":"tag-saint-nazaire","24":"tag-travaux"},"share_on_mastodon":{"url":"https:\/\/pubeurope.com\/@fr\/115415128692804463","error":""},"_links":{"self":[{"href":"https:\/\/www.europesays.com\/fr\/wp-json\/wp\/v2\/posts\/480816","targetHints":{"allow":["GET"]}}],"collection":[{"href":"https:\/\/www.europesays.com\/fr\/wp-json\/wp\/v2\/posts"}],"about":[{"href":"https:\/\/www.europesays.com\/fr\/wp-json\/wp\/v2\/types\/post"}],"author":[{"embeddable":true,"href":"https:\/\/www.europesays.com\/fr\/wp-json\/wp\/v2\/users\/2"}],"replies":[{"embeddable":true,"href":"https:\/\/www.europesays.com\/fr\/wp-json\/wp\/v2\/comments?post=480816"}],"version-history":[{"count":0,"href":"https:\/\/www.europesays.com\/fr\/wp-json\/wp\/v2\/posts\/480816\/revisions"}],"wp:featuredmedia":[{"embeddable":true,"href":"https:\/\/www.europesays.com\/fr\/wp-json\/wp\/v2\/media\/480817"}],"wp:attachment":[{"href":"https:\/\/www.europesays.com\/fr\/wp-json\/wp\/v2\/media?parent=480816"}],"wp:term":[{"taxonomy":"category","embeddable":true,"href":"https:\/\/www.europesays.com\/fr\/wp-json\/wp\/v2\/categories?post=480816"},{"taxonomy":"post_tag","embeddable":true,"href":"https:\/\/www.europesays.com\/fr\/wp-json\/wp\/v2\/tags?post=480816"}],"curies":[{"name":"wp","href":"https:\/\/api.w.org\/{rel}","templated":true}]}}