{"id":480825,"date":"2025-10-22T01:09:12","date_gmt":"2025-10-22T01:09:12","guid":{"rendered":"https:\/\/www.europesays.com\/fr\/480825\/"},"modified":"2025-10-22T01:09:12","modified_gmt":"2025-10-22T01:09:12","slug":"previsions-du-mercredi-22-octobre-2025-13","status":"publish","type":"post","link":"https:\/\/www.europesays.com\/fr\/480825\/","title":{"rendered":"pr\u00e9visions du mercredi 22 octobre 2025"},"content":{"rendered":"<p class=\"mb-4 text-lg md:leading-8 break-words\"><strong>M\u00e9t\u00e9o &#8211; La journ\u00e9e se passera sous un ciel mitig\u00e9, marqu\u00e9e par de l\u00e9g\u00e8res averses. Les temp\u00e9ratures seront de 16\u00b0C la matin\u00e9e et de 18\u00b0C l&rsquo;apr\u00e8s-midi&#8230;<\/strong><\/p>\n<p class=\"mb-4 text-lg md:leading-8 break-words\">Dans la journ\u00e9e, les temp\u00e9ratures seront de 18\u00b0C \u00e0 Toulouse. Le matin, il est possible que de petites averses aient lieu. Il va faire 16\u00b0C en moyenne. Un vent de sud-ouest soufflera doucement. L&rsquo;apr\u00e8s-midi, du mauvais temps est \u00e0 pr\u00e9voir. Des pluies \u00e9parses vont tomber. Les temp\u00e9ratures afficheront entre 17 et 19\u00b0C. Il va pleuvoir le soir. Les valeurs avoisineront les 16\u00b0C. Le ciel sera pluvieux dans la nuit de mercredi \u00e0 jeudi.<\/p>\n<p class=\"mb-4 text-lg md:leading-8 break-words\">Demain, \u00e0 Toulouse, des nuages ne voudront pas laisser leur place au soleil. Il faudra s&rsquo;attendre \u00e0 des perturbations, les Toulousains se retrouveront sous des pluies \u00e9parses. Une baisse des temp\u00e9ratures est attendue. On anticipe des temp\u00e9ratures avoisinant 14\u00b0C. Un vent d&rsquo;ouest, atteignant 28 km\/h, soufflera. La matin\u00e9e va rester couverte \u00e0 cause de nuages qui perdurent dans le ciel. Les valeurs s&rsquo;\u00e9chelonneront entre 14 et 16\u00b0C. La grisaille ne se dissipe toujours pas, il va y avoir encore des nuages demain apr\u00e8s-midi. Les maximales iront jusqu&rsquo;\u00e0 16\u00b0C tandis que les minimales seront de 13\u00b0C. Les nuages en pr\u00e9vision demain soir, et un ciel encore maussade. Il faudra emporter son parapluie pour s&rsquo;abriter des pluies \u00e9parses. Il fera environ 12\u00b0C.<\/p>\n<p class=\"mb-4 text-lg md:leading-8 break-words\">Peu de changements pour la suite. Une m\u00e9t\u00e9o pluvieuse, pour des temp\u00e9ratures de 14\u00b0C en moyenne, est \u00e0 pr\u00e9voir.<\/p>\n<p class=\"mb-4 text-lg md:leading-8 break-words\"><a href=\"https:\/\/www.20minutes.fr\/planete\/previsions-meteo\/4180790-20251022-meteo-toulouse-previsions-mercredi-22-octobre-2025?at_medium=RSS%20feed&amp;at_campaign=ynews&amp;utm_source=yahoo&amp;utm_medium=rss&amp;utm_campaign=news_feed&amp;utm_content=read_more_link&quot;\" rel=\"nofollow noopener\" target=\"_blank\" data-ylk=\"slk:Lire la suite sur 20minutes;elm:context_link;itc:0;sec:content-canvas\" class=\"link \">Lire la suite sur 20minutes<\/a><\/p>\n","protected":false},"excerpt":{"rendered":"M\u00e9t\u00e9o &#8211; La journ\u00e9e se passera sous un ciel mitig\u00e9, marqu\u00e9e par de l\u00e9g\u00e8res averses. Les temp\u00e9ratures seront&hellip;\n","protected":false},"author":2,"featured_media":480826,"comment_status":"","ping_status":"","sticky":false,"template":"","format":"standard","meta":{"footnotes":""},"categories":[2816],"tags":[1111,11,1777,674,1011,27,51394,2487,12,2680,25,2312,55605],"class_list":{"0":"post-480825","1":"post","2":"type-post","3":"status-publish","4":"format-standard","5":"has-post-thumbnail","7":"category-toulouse","8":"tag-actu","9":"tag-actualites","10":"tag-eu","11":"tag-europe","12":"tag-fr","13":"tag-france","14":"tag-la-matinee","15":"tag-meteo","16":"tag-news","17":"tag-occitanie","18":"tag-republique-francaise","19":"tag-toulouse","20":"tag-vent-douest"},"share_on_mastodon":{"url":"https:\/\/pubeurope.com\/@fr\/115415152479511349","error":""},"_links":{"self":[{"href":"https:\/\/www.europesays.com\/fr\/wp-json\/wp\/v2\/posts\/480825","targetHints":{"allow":["GET"]}}],"collection":[{"href":"https:\/\/www.europesays.com\/fr\/wp-json\/wp\/v2\/posts"}],"about":[{"href":"https:\/\/www.europesays.com\/fr\/wp-json\/wp\/v2\/types\/post"}],"author":[{"embeddable":true,"href":"https:\/\/www.europesays.com\/fr\/wp-json\/wp\/v2\/users\/2"}],"replies":[{"embeddable":true,"href":"https:\/\/www.europesays.com\/fr\/wp-json\/wp\/v2\/comments?post=480825"}],"version-history":[{"count":0,"href":"https:\/\/www.europesays.com\/fr\/wp-json\/wp\/v2\/posts\/480825\/revisions"}],"wp:featuredmedia":[{"embeddable":true,"href":"https:\/\/www.europesays.com\/fr\/wp-json\/wp\/v2\/media\/480826"}],"wp:attachment":[{"href":"https:\/\/www.europesays.com\/fr\/wp-json\/wp\/v2\/media?parent=480825"}],"wp:term":[{"taxonomy":"category","embeddable":true,"href":"https:\/\/www.europesays.com\/fr\/wp-json\/wp\/v2\/categories?post=480825"},{"taxonomy":"post_tag","embeddable":true,"href":"https:\/\/www.europesays.com\/fr\/wp-json\/wp\/v2\/tags?post=480825"}],"curies":[{"name":"wp","href":"https:\/\/api.w.org\/{rel}","templated":true}]}}