{"id":480833,"date":"2025-10-22T01:13:13","date_gmt":"2025-10-22T01:13:13","guid":{"rendered":"https:\/\/www.europesays.com\/fr\/480833\/"},"modified":"2025-10-22T01:13:13","modified_gmt":"2025-10-22T01:13:13","slug":"previsions-du-mercredi-22-octobre-2025-15","status":"publish","type":"post","link":"https:\/\/www.europesays.com\/fr\/480833\/","title":{"rendered":"pr\u00e9visions du mercredi 22 octobre 2025"},"content":{"rendered":"<p class=\"mb-4 text-lg md:leading-8 break-words\"><strong>M\u00e9t\u00e9o &#8211; La m\u00e9t\u00e9o devrait s&rsquo;am\u00e9liorer durant la journ\u00e9e. Les temp\u00e9ratures seront de 18\u00b0C le matin et de 20\u00b0C l&rsquo;apr\u00e8s-midi&#8230;<\/strong><\/p>\n<p class=\"mb-4 text-lg md:leading-8 break-words\">Dans la journ\u00e9e, les temp\u00e9ratures seront de 19\u00b0C \u00e0 Marseille. Un vent de nord-ouest soufflera l\u00e9g\u00e8rement, avec 17 km\/h. On observera la pr\u00e9sence persistante de nuages le matin. On anticipe des valeurs avoisinant 18\u00b0C. L&rsquo;apr\u00e8s-midi, un ciel avec des \u00e9claircies va peu \u00e0 peu remplacer les nuages. Les temp\u00e9ratures s&rsquo;\u00e9chelonneront entre 19 et 21\u00b0C. Il va faire 18\u00b0C en moyenne le soir. Pendant que vous dormirez, dans la nuit de mercredi \u00e0 jeudi, le ciel sera pluvieux.<\/p>\n<p class=\"mb-4 text-lg md:leading-8 break-words\">Marseille, o\u00f9 des nuages subsisteront demain, continuera d&rsquo;attendre le soleil. Une baisse des temp\u00e9ratures est \u00e0 pr\u00e9voir. Le mercure affichera 17\u00b0C en moyenne. Un vent de nord-ouest, enregistrant 31 km\/h, soufflera. La grisaille ne se disperse toujours pas, il y aura encore des nuages le matin. Il faudra pr\u00e9voir son parapluie pour se prot\u00e9ger des pluies \u00e9parses. Il fera environ 19\u00b0C. Cet apr\u00e8s-midi rimera avec beau soleil. Les maximales pourront atteindre 17\u00b0C tandis que les minimales seront de 15\u00b0C. Un vent de nord-ouest soufflera \u00e0 50 km\/h. Apr\u00e8s un petit \u00e9pisode nuageux, on pr\u00e9voit une embellie pour cette soir\u00e9e. Un vent de nord-ouest soufflera \u00e0 53 km\/h.<\/p>\n<p class=\"mb-4 text-lg md:leading-8 break-words\">Une am\u00e9lioration est pr\u00e9vue les jours qui suivent. Il va faire un temps relativement ensoleill\u00e9 avec des temp\u00e9ratures d&rsquo;environ 15\u00b0C.<\/p>\n<p class=\"mb-4 text-lg md:leading-8 break-words\"><a href=\"https:\/\/www.20minutes.fr\/planete\/previsions-meteo\/4180789-20251022-meteo-marseille-previsions-mercredi-22-octobre-2025?at_medium=RSS%20feed&amp;at_campaign=ynews&amp;utm_source=yahoo&amp;utm_medium=rss&amp;utm_campaign=news_feed&amp;utm_content=read_more_link&quot;\" rel=\"nofollow noopener\" target=\"_blank\" data-ylk=\"slk:Lire la suite sur 20minutes;elm:context_link;itc:0;sec:content-canvas\" class=\"link \">Lire la suite sur 20minutes<\/a><\/p>\n","protected":false},"excerpt":{"rendered":"M\u00e9t\u00e9o &#8211; La m\u00e9t\u00e9o devrait s&rsquo;am\u00e9liorer durant la journ\u00e9e. Les temp\u00e9ratures seront de 18\u00b0C le matin et de&hellip;\n","protected":false},"author":2,"featured_media":480834,"comment_status":"","ping_status":"","sticky":false,"template":"","format":"standard","meta":{"footnotes":""},"categories":[2814],"tags":[1111,11,1777,674,1011,27,44166,884,12,882,25],"class_list":{"0":"post-480833","1":"post","2":"type-post","3":"status-publish","4":"format-standard","5":"has-post-thumbnail","7":"category-marseille","8":"tag-actu","9":"tag-actualites","10":"tag-eu","11":"tag-europe","12":"tag-fr","13":"tag-france","14":"tag-le-matin","15":"tag-marseille","16":"tag-news","17":"tag-provence-alpes-cote-dazur","18":"tag-republique-francaise"},"share_on_mastodon":{"url":"https:\/\/pubeurope.com\/@fr\/115415168224207862","error":""},"_links":{"self":[{"href":"https:\/\/www.europesays.com\/fr\/wp-json\/wp\/v2\/posts\/480833","targetHints":{"allow":["GET"]}}],"collection":[{"href":"https:\/\/www.europesays.com\/fr\/wp-json\/wp\/v2\/posts"}],"about":[{"href":"https:\/\/www.europesays.com\/fr\/wp-json\/wp\/v2\/types\/post"}],"author":[{"embeddable":true,"href":"https:\/\/www.europesays.com\/fr\/wp-json\/wp\/v2\/users\/2"}],"replies":[{"embeddable":true,"href":"https:\/\/www.europesays.com\/fr\/wp-json\/wp\/v2\/comments?post=480833"}],"version-history":[{"count":0,"href":"https:\/\/www.europesays.com\/fr\/wp-json\/wp\/v2\/posts\/480833\/revisions"}],"wp:featuredmedia":[{"embeddable":true,"href":"https:\/\/www.europesays.com\/fr\/wp-json\/wp\/v2\/media\/480834"}],"wp:attachment":[{"href":"https:\/\/www.europesays.com\/fr\/wp-json\/wp\/v2\/media?parent=480833"}],"wp:term":[{"taxonomy":"category","embeddable":true,"href":"https:\/\/www.europesays.com\/fr\/wp-json\/wp\/v2\/categories?post=480833"},{"taxonomy":"post_tag","embeddable":true,"href":"https:\/\/www.europesays.com\/fr\/wp-json\/wp\/v2\/tags?post=480833"}],"curies":[{"name":"wp","href":"https:\/\/api.w.org\/{rel}","templated":true}]}}