{"id":480837,"date":"2025-10-22T01:15:15","date_gmt":"2025-10-22T01:15:15","guid":{"rendered":"https:\/\/www.europesays.com\/fr\/480837\/"},"modified":"2025-10-22T01:15:15","modified_gmt":"2025-10-22T01:15:15","slug":"rhone-un-nouvel-hotel-a-laeroport-lyon-saint-exupery","status":"publish","type":"post","link":"https:\/\/www.europesays.com\/fr\/480837\/","title":{"rendered":"Rh\u00f4ne. Un nouvel h\u00f4tel \u00e0 l\u2019a\u00e9roport Lyon-Saint-Exup\u00e9ry"},"content":{"rendered":"<p>Vinci Immobilier a livr\u00e9 \u00e0 l\u2019exploitant Dalofi un nouvel h\u00f4tel 3 \u00e9toiles Hampton by Hilton sur le site de l\u2019a\u00e9roport Lyon-Saint-Exup\u00e9ry. Lanc\u00e9 en avril\u00a02023, ce projet a transform\u00e9 les anciens bureaux de l\u2019a\u00e9roport de Lyon en un \u00e9tablissement lifestyle de 120 chambres.<\/p>\n<p>  Restaurant-bar, espace de coworking, salle de fitness<\/p>\n<p>Pr\u00e8s de 935 m2 de surface de bureaux ont \u00e9t\u00e9 r\u00e9partis en un restaurant-bar, un centre d\u2019affaires, un espace de coworking et des salles de r\u00e9union. Le projet int\u00e8gre \u00e9galement une salle de fitness et un parking priv\u00e9. Connect\u00e9 au terminal 2 et \u00e0 la gare TGV, le b\u00e2timent a \u00e9t\u00e9 enti\u00e8rement r\u00e9habilit\u00e9 par le cabinet International d\u2019architecture, tout en conservant sa structure.<\/p>\n<p>Les chambres r\u00e9pondent aux standards Hilton\u00a0: \u00ab\u00a0lumineuses et enti\u00e8rement \u00e9quip\u00e9es\u00a0\u00bb. Le tout \u00e0 des prix variant de 81 \u00e0 115\u00a0euros. Pour ce co\u00fbt, les espaces communs offrent une vue panoramique sur les pistes. Le b\u00e2timent int\u00e8gre \u00e9galement un espace accessible au public, dans le but de favoriser l\u2019animation et l\u2019attractivit\u00e9 du site. Le centre d\u2019affaires ouvrira, quant \u00e0 lui, d\u2019ici d\u00e9cembre.<\/p>\n<p>Ce nouvel h\u00f4tel vient compl\u00e9ter l\u2019offre d\u00e9j\u00e0 existante sur la plateforme a\u00e9roportuaire, qui compte\u00a0: le Moxy Lyon Airport (terminal 2), <a href=\"https:\/\/www.leprogres.fr\/economie\/2020\/08\/17\/l-aeroport-lyon-saint-exupery-mise-sur-un-nouvel-hotel\" target=\"_blank\" rel=\"noopener\">le NH Hotel<\/a> (terminal 1), le Comfort Hotel et l\u2019Ibis Budget Hotel, situ\u00e9s \u00e0 l\u2019ext\u00e9rieur du site.<\/p>\n<p>  81 \u00e0 115\u00a0euros la nuit<\/p>\n<p>Certifi\u00e9 BREEAM\u00ae very good, le projet met l\u2019accent sur l\u2019efficacit\u00e9 \u00e9nerg\u00e9tique et l\u2019impact carbone r\u00e9duit. \u00ab\u00a0Depuis 2023, plus de 70\u00a0% de nos projets h\u00f4teliers reposent sur des restructurations ou le recyclage des friches \u00e0 Paris, Lille ou Strasbourg\u00a0\u00bb, souligne Jean-Luc Guermonprez, directeur g\u00e9n\u00e9ral adjoint de Vinci Immobilier, en charge du p\u00f4le h\u00f4tellerie et international.<\/p>\n<p>Pour rappel, l\u2019a\u00e9roport Lyon-Saint Exup\u00e9ry compte \u00e9galement 16 boutiques, 17 caf\u00e9s et restaurants, ainsi que d\u00e9sormais cinq h\u00f4tels.<\/p>\n","protected":false},"excerpt":{"rendered":"Vinci Immobilier a livr\u00e9 \u00e0 l\u2019exploitant Dalofi un nouvel h\u00f4tel 3 \u00e9toiles Hampton by Hilton sur le site&hellip;\n","protected":false},"author":2,"featured_media":480838,"comment_status":"","ping_status":"","sticky":false,"template":"","format":"standard","meta":{"footnotes":""},"categories":[1889],"tags":[1111,11,2430,4406,130,33,1777,674,1011,27,2428,12,25,602],"class_list":{"0":"post-480837","1":"post","2":"type-post","3":"status-publish","4":"format-standard","5":"has-post-thumbnail","7":"category-lyon","8":"tag-actu","9":"tag-actualites","10":"tag-auvergne-rhone-alpes","11":"tag-commerce-et-services","12":"tag-consommation","13":"tag-economie","14":"tag-eu","15":"tag-europe","16":"tag-fr","17":"tag-france","18":"tag-lyon","19":"tag-news","20":"tag-republique-francaise","21":"tag-tourisme"},"share_on_mastodon":{"url":"https:\/\/pubeurope.com\/@fr\/115415175824805023","error":""},"_links":{"self":[{"href":"https:\/\/www.europesays.com\/fr\/wp-json\/wp\/v2\/posts\/480837","targetHints":{"allow":["GET"]}}],"collection":[{"href":"https:\/\/www.europesays.com\/fr\/wp-json\/wp\/v2\/posts"}],"about":[{"href":"https:\/\/www.europesays.com\/fr\/wp-json\/wp\/v2\/types\/post"}],"author":[{"embeddable":true,"href":"https:\/\/www.europesays.com\/fr\/wp-json\/wp\/v2\/users\/2"}],"replies":[{"embeddable":true,"href":"https:\/\/www.europesays.com\/fr\/wp-json\/wp\/v2\/comments?post=480837"}],"version-history":[{"count":0,"href":"https:\/\/www.europesays.com\/fr\/wp-json\/wp\/v2\/posts\/480837\/revisions"}],"wp:featuredmedia":[{"embeddable":true,"href":"https:\/\/www.europesays.com\/fr\/wp-json\/wp\/v2\/media\/480838"}],"wp:attachment":[{"href":"https:\/\/www.europesays.com\/fr\/wp-json\/wp\/v2\/media?parent=480837"}],"wp:term":[{"taxonomy":"category","embeddable":true,"href":"https:\/\/www.europesays.com\/fr\/wp-json\/wp\/v2\/categories?post=480837"},{"taxonomy":"post_tag","embeddable":true,"href":"https:\/\/www.europesays.com\/fr\/wp-json\/wp\/v2\/tags?post=480837"}],"curies":[{"name":"wp","href":"https:\/\/api.w.org\/{rel}","templated":true}]}}