{"id":480851,"date":"2025-10-22T01:24:12","date_gmt":"2025-10-22T01:24:12","guid":{"rendered":"https:\/\/www.europesays.com\/fr\/480851\/"},"modified":"2025-10-22T01:24:12","modified_gmt":"2025-10-22T01:24:12","slug":"rencontre-en-hongrie-reportee-trump-ne-veut-pas-de-perte-de-temps-avec-poutine","status":"publish","type":"post","link":"https:\/\/www.europesays.com\/fr\/480851\/","title":{"rendered":"Rencontre en Hongrie report\u00e9e\u2026 Trump \u00ab\u00a0ne veut pas de perte de temps\u00a0\u00bb avec Poutine"},"content":{"rendered":"<p>Pour <a href=\"https:\/\/www.20minutes.fr\/monde\/ukraine\/4180130-20251018-guerre-ukraine-deux-belligerants-devraient-arreter-estime-trump\" target=\"_blank\" class=\"c-link c-link--is-underlined\" rel=\"noopener\">Donald Trump<\/a>, c\u2019est une nouvelle fois un coup d\u2019\u00e9p\u00e9e dans l\u2019eau pour obtenir la paix en Ukraine. La rencontre attendue \u00e0 Budapest entre le locataire de la Maison-Blanche et le ma\u00eetre du Kremlin n\u2019aura en effet pour l\u2019instant pas lieu.<\/p>\n<p>Le pr\u00e9sident des Etats-Unis avait annonc\u00e9 r\u00e9cemment qu\u2019il rencontrerait <a href=\"https:\/\/www.20minutes.fr\/monde\/vladimir_poutine\/\" target=\"_blank\" class=\"c-link c-link--is-underlined\" rel=\"noopener\">Vladimir Poutine<\/a> au cours des deux prochaines semaines. En parall\u00e8le, il faisait pression sur l\u2019Ukraine pour qu\u2019<a href=\"https:\/\/www.20minutes.fr\/monde\/ukraine\/4180754-20251021-guerre-ukraine-trump-veut-zelensky-cede-donbass-russie-tourne-rond\" target=\"_blank\" class=\"c-link c-link--is-underlined\" rel=\"noopener\">elle renonce \u00e0 la r\u00e9gion orientale du Donbass<\/a> en \u00e9change de la paix, a r\u00e9v\u00e9l\u00e9 un haut responsable ukrainien.<\/p>\n<p>Rubio et Lavrov arr\u00eatent les pr\u00e9paratifs<\/p>\n<p>Interrog\u00e9 mardi par la presse \u00e0 la Maison-Blanche, Donald Trump a d\u00e9clar\u00e9 ne pas vouloir d\u2019une \u00ab\u00a0rencontre pour rien\u00a0\u00bb avec son homologue russe. \u00ab\u00a0Je ne veux pas de perte de temps, donc on verra ce qu\u2019il va se passer\u00a0\u00bb, a-t-il ajout\u00e9, sans donner de d\u00e9tails sur la raison de ce report sine die.<\/p>\n<\/p>\n<p>Le secr\u00e9taire d\u2019Etat am\u00e9ricain Marco Rubio et le ministre russe des Affaires \u00e9trang\u00e8res Sergue\u00ef Lavrov ont \u00e9galement annul\u00e9 une r\u00e9union pr\u00e9vue pour organiser la rencontre de Budapest, dont ils avaient pourtant parl\u00e9 la veille au t\u00e9l\u00e9phone. Le Kremlin avait d\u00e9clar\u00e9 plus t\u00f4t mardi qu\u2019il n\u2019y avait pas de date \u00ab\u00a0pr\u00e9cise\u00a0\u00bb pour une nouvelle rencontre Trump-Poutine.<\/p>\n<p><a href=\"https:\/\/www.20minutes.fr\/monde\/ukraine\/\" target=\"_blank\" class=\"c-link c-btn c-btn--primary\" rel=\"noopener\">Notre dossier sur la Guerre en Ukraine<\/a><\/p>\n<p>Le pr\u00e9sident am\u00e9ricain a montr\u00e9 une frustration croissante envers le pr\u00e9sident Poutine au cours des derniers mois, malgr\u00e9 ce qu\u2019il d\u00e9crit comme une bonne entente personnelle entre eux. Et cela n\u2019est pas mieux entre Kiev et Washington avec de nombreux d\u00e9saccords, notamment sur le Donbass. A la suite de la rencontre vendredi entre Donald Trump et Volodymyr Zelensky \u00e0 la Maison-Blanche, un haut responsable ukrainien a ainsi estim\u00e9 que les efforts diplomatiques visant \u00e0 mettre fin \u00e0 la guerre entre la Russie et l\u2019Ukraine semblaient \u00ab\u00a0tourner en rond\u00a0\u00bb.<\/p>\n","protected":false},"excerpt":{"rendered":"Pour Donald Trump, c\u2019est une nouvelle fois un coup d\u2019\u00e9p\u00e9e dans l\u2019eau pour obtenir la paix en Ukraine.&hellip;\n","protected":false},"author":2,"featured_media":480852,"comment_status":"","ping_status":"","sticky":false,"template":"","format":"standard","meta":{"footnotes":""},"categories":[1590],"tags":[47,11,75,73,1777,674,131,74,12,132,220,133,135,134],"class_list":{"0":"post-480851","1":"post","2":"type-post","3":"status-publish","4":"format-standard","5":"has-post-thumbnail","7":"category-ukraine","8":"tag-actualite","9":"tag-actualites","10":"tag-donald-trump","11":"tag-etats-unis","12":"tag-eu","13":"tag-europe","14":"tag-guerre-en-ukraine","15":"tag-monde","16":"tag-news","17":"tag-russie","18":"tag-ukraine","19":"tag-video","20":"tag-vladimir-poutine","21":"tag-volodymyr-zelensky"},"share_on_mastodon":{"url":"https:\/\/pubeurope.com\/@fr\/115415211576053641","error":""},"_links":{"self":[{"href":"https:\/\/www.europesays.com\/fr\/wp-json\/wp\/v2\/posts\/480851","targetHints":{"allow":["GET"]}}],"collection":[{"href":"https:\/\/www.europesays.com\/fr\/wp-json\/wp\/v2\/posts"}],"about":[{"href":"https:\/\/www.europesays.com\/fr\/wp-json\/wp\/v2\/types\/post"}],"author":[{"embeddable":true,"href":"https:\/\/www.europesays.com\/fr\/wp-json\/wp\/v2\/users\/2"}],"replies":[{"embeddable":true,"href":"https:\/\/www.europesays.com\/fr\/wp-json\/wp\/v2\/comments?post=480851"}],"version-history":[{"count":0,"href":"https:\/\/www.europesays.com\/fr\/wp-json\/wp\/v2\/posts\/480851\/revisions"}],"wp:featuredmedia":[{"embeddable":true,"href":"https:\/\/www.europesays.com\/fr\/wp-json\/wp\/v2\/media\/480852"}],"wp:attachment":[{"href":"https:\/\/www.europesays.com\/fr\/wp-json\/wp\/v2\/media?parent=480851"}],"wp:term":[{"taxonomy":"category","embeddable":true,"href":"https:\/\/www.europesays.com\/fr\/wp-json\/wp\/v2\/categories?post=480851"},{"taxonomy":"post_tag","embeddable":true,"href":"https:\/\/www.europesays.com\/fr\/wp-json\/wp\/v2\/tags?post=480851"}],"curies":[{"name":"wp","href":"https:\/\/api.w.org\/{rel}","templated":true}]}}