{"id":480859,"date":"2025-10-22T01:29:19","date_gmt":"2025-10-22T01:29:19","guid":{"rendered":"https:\/\/www.europesays.com\/fr\/480859\/"},"modified":"2025-10-22T01:29:19","modified_gmt":"2025-10-22T01:29:19","slug":"de-moins-en-moins-de-jeunes-agriculteurs-en-europe-le-plan-de-bruxelles-pour-inverser-la-tendance","status":"publish","type":"post","link":"https:\/\/www.europesays.com\/fr\/480859\/","title":{"rendered":"De moins en moins de jeunes agriculteurs en Europe\u00a0: le plan de Bruxelles pour inverser la tendance"},"content":{"rendered":"<p>Une profession \u00e0 l\u2019image de l\u2019UE\u00a0: vieillissante. C\u2019est \u00e0 Chypre que la part des agriculteurs de moins de 40 ans est la plus basse (5\u00a0%) et en Autriche qu\u2019elle est la plus importante (23\u00a0%) &#8211; la France est \u00e0 18\u00a0%. L\u2019agriculteur europ\u00e9en a en moyenne 57 ans &#8211;<a href=\"https:\/\/www.letelegramme.fr\/finistere\/plabennec-29860\/le-pays-des-abers-veut-transmettre-et-optimiser-le-foncier-agricole-6673981.php\" title=\"www.letelegramme.fr\" target=\"_blank\" rel=\"noopener\"> 51, 5 en France <\/a>&#8211; et la part des moins de 40 ans a plong\u00e9 \u00e0 12\u00a0% de la population agricole europ\u00e9enne en 2020 contre 28\u00a0% en 2010. Le plan de Bruxelles est donc de la remonter \u00e0 24\u00a0% en 2040, en rendant le m\u00e9tier plus attractif. L\u2019exemple \u00e0 suivre\u00a0: celui de la r\u00e9ussite autrichienne, qui combine aides financi\u00e8res \u00e0 l\u2019installation, avantages fiscaux sur les transmissions d\u2019exploitations, formations et incitations \u00e0 l\u2019adoption de pratiques comme l\u2019agriculture bio.<\/p>\n<p>Un \u00ab\u00a0pack de d\u00e9marrage\u00a0\u00bb<\/p>\n<p>Le commissaire Christophe Hansen demande aux 27 de doubler leurs budgets totaux actuels de la Pac pour le renouvellement \u00e0, au moins, 6\u00a0% de leurs enveloppes r\u00e9serv\u00e9es \u00e0 l\u2019agriculture, contre 3\u00a0% actuellement. En dehors de la stricte enveloppe de 300 milliards d\u2019euros pour <a href=\"https:\/\/www.letelegramme.fr\/economie\/que-va-devenir-la-pac-tempete-en-vue-a-bruxelles-6855831.php\" title=\"www.letelegramme.fr\" target=\"_blank\" rel=\"noopener\">la Pac, qui va bient\u00f4t faire l\u2019objet d\u2019un \u00e2pre combat<\/a> entre les \u00c9tats membres inquiets de sa diminution, ils pourront puiser dans d\u2019autres outils comme le nouveau Fonds de comp\u00e9titivit\u00e9.<\/p>\n<p>Les 27 devront aussi mettre \u00e0 disposition des jeunes agriculteurs un \u00ab\u00a0pack de d\u00e9marrage\u00a0\u00bb complet, comprenant une aide \u00e0 l\u2019installation, une aide au revenu d\u00e9gressive, une aide \u00e0 l\u2019investissement et l\u2019acc\u00e8s aux instruments financiers.<\/p>\n<p>Sur l\u2019acc\u00e8s au cr\u00e9dit, elle propose le triplement du niveau maximal de l\u2019aide de la Pac pour l\u2019installation des jeunes agriculteurs, de 100\u00a0000 \u00e0 300\u00a0000 euros, et une intervention de l\u2019UE jusqu\u2019\u00e0 85\u00a0% pour soutenir les investissements des jeunes agriculteurs.<\/p>\n<p>La Commission a aussi propos\u00e9, dans le cadre de sa refonte de la PAC, de supprimer les paiements directs aux agriculteurs en retraite, d\u00e8s 2032. La Commission incite donc les pays membres \u00e0 am\u00e9liorer la retraite des agriculteurs pour qu\u2019ils puissent partir l\u2019esprit tranquille et c\u00e9der plus facilement leur exploitation. Bruxelles demande encore d\u2019am\u00e9liorer la profession avec des mesures de soutien \u00e0 la cr\u00e9ation d\u2019entreprises et \u00e0 la formation, de meilleurs dispositifs de succession ou encore des services d\u2019aide sociale pour mieux concilier vie professionnelle et vie priv\u00e9e.<\/p>\n","protected":false},"excerpt":{"rendered":"Une profession \u00e0 l\u2019image de l\u2019UE\u00a0: vieillissante. C\u2019est \u00e0 Chypre que la part des agriculteurs de moins de&hellip;\n","protected":false},"author":2,"featured_media":480860,"comment_status":"","ping_status":"","sticky":false,"template":"","format":"standard","meta":{"footnotes":""},"categories":[1586],"tags":[11,5825,33,1777,674,1011,27,12,25],"class_list":{"0":"post-480859","1":"post","2":"type-post","3":"status-publish","4":"format-standard","5":"has-post-thumbnail","7":"category-europe","8":"tag-actualites","9":"tag-agroalimentaire","10":"tag-economie","11":"tag-eu","12":"tag-europe","13":"tag-fr","14":"tag-france","15":"tag-news","16":"tag-republique-francaise"},"share_on_mastodon":{"url":"https:\/\/pubeurope.com\/@fr\/115415231049325610","error":""},"_links":{"self":[{"href":"https:\/\/www.europesays.com\/fr\/wp-json\/wp\/v2\/posts\/480859","targetHints":{"allow":["GET"]}}],"collection":[{"href":"https:\/\/www.europesays.com\/fr\/wp-json\/wp\/v2\/posts"}],"about":[{"href":"https:\/\/www.europesays.com\/fr\/wp-json\/wp\/v2\/types\/post"}],"author":[{"embeddable":true,"href":"https:\/\/www.europesays.com\/fr\/wp-json\/wp\/v2\/users\/2"}],"replies":[{"embeddable":true,"href":"https:\/\/www.europesays.com\/fr\/wp-json\/wp\/v2\/comments?post=480859"}],"version-history":[{"count":0,"href":"https:\/\/www.europesays.com\/fr\/wp-json\/wp\/v2\/posts\/480859\/revisions"}],"wp:featuredmedia":[{"embeddable":true,"href":"https:\/\/www.europesays.com\/fr\/wp-json\/wp\/v2\/media\/480860"}],"wp:attachment":[{"href":"https:\/\/www.europesays.com\/fr\/wp-json\/wp\/v2\/media?parent=480859"}],"wp:term":[{"taxonomy":"category","embeddable":true,"href":"https:\/\/www.europesays.com\/fr\/wp-json\/wp\/v2\/categories?post=480859"},{"taxonomy":"post_tag","embeddable":true,"href":"https:\/\/www.europesays.com\/fr\/wp-json\/wp\/v2\/tags?post=480859"}],"curies":[{"name":"wp","href":"https:\/\/api.w.org\/{rel}","templated":true}]}}