{"id":480861,"date":"2025-10-22T01:30:16","date_gmt":"2025-10-22T01:30:16","guid":{"rendered":"https:\/\/www.europesays.com\/fr\/480861\/"},"modified":"2025-10-22T01:30:16","modified_gmt":"2025-10-22T01:30:16","slug":"marie-toussaint-face-a-la-destruction-de-leurope-verte-tenir-le-coup-et-se-battre","status":"publish","type":"post","link":"https:\/\/www.europesays.com\/fr\/480861\/","title":{"rendered":"Marie Toussaint : face \u00e0 la destruction de l\u2019Europe verte, \u00ab\u00a0tenir le coup et se battre\u00a0\u00bb"},"content":{"rendered":"<p>L\u2019eurod\u00e9put\u00e9e Marie Toussaint, vice-pr\u00e9sidente du <a href=\"https:\/\/www.greens-efa.eu\/fr\/\" target=\"_blank\" rel=\"noreferrer noopener\">groupe des Verts\/ALE<\/a> au Parlement europ\u00e9en, revient sur la proposition de loi de la Commission europ\u00e9enne qui vise \u00e0 vider de son contenu <a href=\"https:\/\/www.touteleurope.eu\/environnement\/qu-est-ce-que-le-pacte-vert-pour-l-europe\/\" target=\"_blank\" rel=\"noreferrer noopener\">le Pacte vert<\/a>. Elle appelle \u00e0 un sursaut pour l\u2019\u00e9cologie et la d\u00e9fense des droits humains.<\/p>\n<p><strong>La proposition de loi qui s\u2019attaque au Pacte vert est la premi\u00e8re issue de la Commission europ\u00e9enne, dont le mandat de la pr\u00e9sidente, Ursula von der Leyen, a \u00e9t\u00e9 renouvel\u00e9 en d\u00e9cembre\u00a02024. Ce texte traduit-il un tournant dans la politique de la Commission europ\u00e9enne\u00a0?<\/strong><\/p>\n<p><strong>Marie Toussaint\u00a0: <\/strong>Ursula von der Leyen a commis un p\u00e9ch\u00e9 originel pour son deuxi\u00e8me mandat. La pr\u00e9sidente de la Commission europ\u00e9enne a d\u00e9cid\u00e9 de s\u2019allier avec Giorgia Meloni en d\u00e9signant Raffaele Fitto comme vice-pr\u00e9sident de la Commission alors qu\u2019il est issu du parti d\u2019extr\u00eame droite, Fratelli d\u2019Italia. C\u2019est un tournant majeur puisque le cercle \u00ab\u00a0prod\u00e9mocratique et pro-europ\u00e9en\u00a0\u00bb scelle d\u00e9sormais des strat\u00e9gies\u00a0\u2013 au moins th\u00e8me par th\u00e8me\u00a0\u2013 avec une partie ou toute l\u2019extr\u00eame droite europ\u00e9enne.<\/p>\n<p>            <a href=\"https:\/\/www.politis.fr\/articles\/2024\/01\/inaction-climatique-europeenne\/\" target=\"_blank\" class=\" gt_sujet\" rel=\"noopener\"><\/p>\n<p>            <strong>Sur le m\u00eame sujet :<\/strong> Inaction climatique europ\u00e9enne<\/p>\n<p>    <\/a><\/p>\n<p>Une fois ces nominations men\u00e9es, la premi\u00e8re d\u00e9cision d\u2019Ursula von der Leyen a \u00e9t\u00e9 de d\u00e9tricoter le Pacte vert. Elle a voulu d\u00e9faire les r\u00e8gles r\u00e9gissant l\u2019encadrement des activit\u00e9s des entreprises tant sur la question des droits humains que sur la durabilit\u00e9. Cette proposition de loi, <a href=\"https:\/\/www.amnesty.fr\/responsabilite-des-entreprises\/actualites\/la-loi-omnibus-ou-le-brutal-demantelement-de-norme?utm_source=google&amp;utm_medium=cpc&amp;utm_campaign=PERI_grants_eng_trafic_pmax&amp;utm_content=&amp;utm_term=&amp;gad_source=1&amp;gad_campaignid=22329745188&amp;gbraid=0AAAAADuHBO-8yxYX8zl33Ud0Hf5vwXZl6&amp;gclid=CjwKCAjw3tzHBhBREiwAlMJoUqrPWDu2c0L9RU0Gy0Jj5p_oRYUfqPQrrblEUaqeJb1nEbXXaPfeOBoCCeEQAvD_BwE\" target=\"_blank\" rel=\"noopener\">dite Omnibus<\/a> [elle rassemble plusieurs paquets d\u2019amendements de simplification, N.D.L.R.] touche trois textes\u00a0: la transparence des entreprises sur leurs impacts sociaux, environnementaux et de gouvernance (CSRD), la pr\u00e9vention et la r\u00e9paration des dommages sociaux et environnementaux des entreprises (C3RD), et la taxonomie verte, qui d\u00e9signe une classification europ\u00e9enne des entreprises en fonction de leur impact sur le climat.<\/p>\n<blockquote class=\"wp-block-quote is-layout-flow wp-block-quote-is-layout-flow\">\n<p>Les Verts et la rapporteuse socialiste ont \u00e9t\u00e9 un partenaire g\u00eanant pour la droite europ\u00e9enne\u00a0: on a voulu r\u00e9sister.<\/p>\n<\/blockquote>\n<p><strong>Comment avez-vous r\u00e9agi quand vous avez re\u00e7u la proposition de loi\u00a0?<\/strong><\/p>\n<p>Les socialistes et les lib\u00e9raux ne voulaient pas toucher au Pacte vert. Mais la Commission a voulu faire intervenir un dispositif qui permet de suspendre les directives du Pacte vert, en attendant d\u2019avoir le r\u00e9sultat des n\u00e9gociations. C\u2019est ce qu\u2019on appelle un \u00ab\u00a0Stop the clock\u00a0\u00bb dans le jargon europ\u00e9en. Les groupes socialistes, lib\u00e9raux et la moiti\u00e9 des Verts ont accept\u00e9 de voter ce \u00ab\u00a0Stop the clock\u00a0\u00bb pour, en \u00e9change, obtenir de la droite la non-remise en cause des fondamentaux du Pacte vert.<\/p>\n<p><strong>Comment se sont d\u00e9roul\u00e9es ces n\u00e9gociations\u00a0?<\/strong><\/p>\n<p>Dans ce cadre, une plateforme avait \u00e9t\u00e9 mise en place, pour r\u00e9unir des personnes charg\u00e9es de piloter ces n\u00e9gociations entre les quatre groupes politiques, dont j\u2019ai fait partie pour les Verts. Mais cette plateforme s\u2019est tr\u00e8s peu r\u00e9unie, en r\u00e9alit\u00e9. Les n\u00e9gociations se sont pass\u00e9es en commissions, sans v\u00e9ritable respect de l\u2019engagement de la droite, qui en a profit\u00e9 pour s\u2019allier avec l\u2019extr\u00eame droite en int\u00e9grant ses amendements. Les Verts et la rapporteuse socialiste ont \u00e9t\u00e9 un partenaire g\u00eanant pour la droite europ\u00e9enne\u00a0: on a voulu r\u00e9sister. D\u2019o\u00f9 notre exclusion des d\u00e9bats, men\u00e9e apr\u00e8s la partie d\u2019\u00e9checs jou\u00e9e par la droite.<\/p>\n<blockquote class=\"wp-block-quote is-layout-flow wp-block-quote-is-layout-flow\">\n<p>C\u2019est comme si la Commission avait int\u00e9gr\u00e9 le syst\u00e8me de pens\u00e9e de certaines multinationales. <\/p>\n<\/blockquote>\n<p><strong>Comment luttez-vous contre cette alliance entre la droite et l<\/strong><strong>\u2019extr\u00eame droite europ\u00e9enne\u00a0?<\/strong><\/p>\n<p>Il faut aller sur le terrain et aller chercher les \u00e9lecteur\u00b7ices pour leur dire qu\u2019une autre direction est possible. Il y a la vie politique fran\u00e7aise\u2026 Mais dans l\u2019Union europ\u00e9enne, la situation est pire. Il faut tenir le coup et se battre, parce qu\u2019un nombre croissant de d\u00e9cisions europ\u00e9ennes sont prises avec une coop\u00e9ration avec l\u2019extr\u00eame droite contre les forces d\u00e9mocratiques et pro-europ\u00e9ennes.<\/p>\n<p>            <a href=\"https:\/\/www.politis.fr\/articles\/2024\/05\/elections-europeennes-marie-toussaint-les-ecologistes-si-la-coalition-des-droites-lemporte-cela-pourrait-entrainer-la-plongee-vers-le-chaos\/\" target=\"_blank\" class=\" gt_sujet\" rel=\"noopener\"><\/p>\n<p>            <strong>Sur le m\u00eame sujet :<\/strong> Marie Toussaint : \u00ab\u00a0Si la coalition des droites l\u2019emporte, cela pourrait entra\u00eener la plong\u00e9e vers le chaos\u00a0\u00bb<\/p>\n<p>    <\/a><\/p>\n<p><strong>Quelle a \u00e9t\u00e9 l\u2019influence r\u00e9elle des lobbys industriels sur la Commission europ\u00e9enne\u00a0?<\/strong><\/p>\n<p>Des enqu\u00eates ont montr\u00e9 que TotalEnergies a jou\u00e9 un r\u00f4le important dans la destruction des r\u00e8gles, tant de durabilit\u00e9 que de respect des droits humains. A contrario, des entreprises comme Nestl\u00e9 ou Ferrero se sont engag\u00e9es pour la protection des l\u00e9gislations qui avaient \u00e9t\u00e9 adopt\u00e9es sur le Pacte vert, non sans greenwashing (1). C\u2019est comme si la Commission avait int\u00e9gr\u00e9 le syst\u00e8me de pens\u00e9e de certaines multinationales. Les faits ne comptent plus. Seule l\u2019id\u00e9ologie pr\u00e9vaut. Ce qui est ironique, puisqu\u2019on nous reproche \u00e0 nous, les Verts, d\u2019appartenir au camp des id\u00e9ologues.<\/p>\n<p>                1<\/p>\n<p>Proc\u00e9d\u00e9 de marketing\u00a0ou de\u00a0relations publiques\u00a0utilis\u00e9 par une\u00a0organisation\u00a0pour se donner une image\u00a0trompeuse\u00a0de responsabilit\u00e9\u00a0\u00e9cologique.<\/p>\n<p><strong>D\u2019apr\u00e8s les chiffres, 80 \u00e0 93\u00a0% des entreprises seraient exempt\u00e9es du devoir de transparence fix\u00e9 par le Pacte vert. Selon vous, cette simplification est une fausse bonne id\u00e9e de la Commission\u00a0?<\/strong><\/p>\n<p>Ce n\u2019est pas une simplification\u00a0: c\u2019est une complexification, dangereuse pour les droits sociaux et l\u2019environnement. Prenons l\u2019exemple des PME du secteur minier. Avec la r\u00e9vision du Pacte vert, ces entreprises, qui appartiennent \u00e0 un secteur \u00e0 risque en termes de pollution et de droits humains, seront exon\u00e9r\u00e9es de toute transparence. C\u2019est un non-sens.<\/p>\n<p><strong>Quel serait l<\/strong><strong>\u2019impact pour les \u00c9tats membres de l<\/strong><strong>\u2019Union\u00a0?<\/strong><\/p>\n<p>La Commission veut emp\u00eacher les \u00c9tats membres d\u2019aller plus loin que ce qui est adopt\u00e9 au Parlement europ\u00e9en. C\u2019est un renversement complet. Les m\u00e9dias europ\u00e9ens en ont beaucoup parl\u00e9. En France, c\u2019est silence complet. L\u2019instabilit\u00e9 politique fait que la presse traite de moins en moins les enjeux sociaux et environnementaux, a fortiori lorsqu\u2019ils se situent \u00e0 l\u2019\u00e9chelle europ\u00e9enne.<\/p>\n<p>        <a href=\"https:\/\/www.politis.fr\/boutique\/\" target=\"_blank\" class=\"gt_abonnement\" rel=\"noopener\"><\/p>\n<p>            Recevez Politis chez vous chaque semaine !<\/p>\n<p>    <\/a><\/p>\n","protected":false},"excerpt":{"rendered":"L\u2019eurod\u00e9put\u00e9e Marie Toussaint, vice-pr\u00e9sidente du groupe des Verts\/ALE au Parlement europ\u00e9en, revient sur la proposition de loi de&hellip;\n","protected":false},"author":2,"featured_media":480862,"comment_status":"","ping_status":"","sticky":false,"template":"","format":"standard","meta":{"footnotes":""},"categories":[1586],"tags":[11,436,1777,674,1779,1011,27,10626,12,17749,25,1778,364],"class_list":{"0":"post-480861","1":"post","2":"type-post","3":"status-publish","4":"format-standard","5":"has-post-thumbnail","7":"category-europe","8":"tag-actualites","9":"tag-environnement","10":"tag-eu","11":"tag-europe","12":"tag-european-union","13":"tag-fr","14":"tag-france","15":"tag-luttes-environnementales","16":"tag-news","17":"tag-politique-europeenne","18":"tag-republique-francaise","19":"tag-ue","20":"tag-union-europeenne"},"share_on_mastodon":{"url":"https:\/\/pubeurope.com\/@fr\/115415234960795750","error":""},"_links":{"self":[{"href":"https:\/\/www.europesays.com\/fr\/wp-json\/wp\/v2\/posts\/480861","targetHints":{"allow":["GET"]}}],"collection":[{"href":"https:\/\/www.europesays.com\/fr\/wp-json\/wp\/v2\/posts"}],"about":[{"href":"https:\/\/www.europesays.com\/fr\/wp-json\/wp\/v2\/types\/post"}],"author":[{"embeddable":true,"href":"https:\/\/www.europesays.com\/fr\/wp-json\/wp\/v2\/users\/2"}],"replies":[{"embeddable":true,"href":"https:\/\/www.europesays.com\/fr\/wp-json\/wp\/v2\/comments?post=480861"}],"version-history":[{"count":0,"href":"https:\/\/www.europesays.com\/fr\/wp-json\/wp\/v2\/posts\/480861\/revisions"}],"wp:featuredmedia":[{"embeddable":true,"href":"https:\/\/www.europesays.com\/fr\/wp-json\/wp\/v2\/media\/480862"}],"wp:attachment":[{"href":"https:\/\/www.europesays.com\/fr\/wp-json\/wp\/v2\/media?parent=480861"}],"wp:term":[{"taxonomy":"category","embeddable":true,"href":"https:\/\/www.europesays.com\/fr\/wp-json\/wp\/v2\/categories?post=480861"},{"taxonomy":"post_tag","embeddable":true,"href":"https:\/\/www.europesays.com\/fr\/wp-json\/wp\/v2\/tags?post=480861"}],"curies":[{"name":"wp","href":"https:\/\/api.w.org\/{rel}","templated":true}]}}