{"id":480869,"date":"2025-10-22T01:36:32","date_gmt":"2025-10-22T01:36:32","guid":{"rendered":"https:\/\/www.europesays.com\/fr\/480869\/"},"modified":"2025-10-22T01:36:32","modified_gmt":"2025-10-22T01:36:32","slug":"si-je-peux-les-empecher-de-vivre-la-moitie-de-ce-que-jai-vecu-cest-deja-gagne","status":"publish","type":"post","link":"https:\/\/www.europesays.com\/fr\/480869\/","title":{"rendered":"Si je peux les emp\u00eacher de vivre la moiti\u00e9 de ce que j&rsquo;ai v\u00e9cu, c&rsquo;est d\u00e9j\u00e0 gagn\u00e9"},"content":{"rendered":"<p>            Par<br \/>\n        <strong><br \/>\n            <a href=\"https:\/\/actu.fr\/auteur\/emilie-dudonfournier\" title=\"Consulter tous les articles de Emilie Dudon-Fournier\" rel=\"nofollow noopener\" target=\"_blank\">Emilie Dudon-Fournier<\/a><br \/>\n        <\/strong><\/p>\n<p>        Publi\u00e9 le<\/p>\n<p>            21 oct. 2025 \u00e0 16h57        <\/p>\n<p>Il a d\u00e9but\u00e9 la semaine derni\u00e8re. Un mois et demi apr\u00e8s le lancement des championnats professionnels, <strong>Rodrigo Capo Ortega<\/strong> s\u2019est rendu \u00e0 Bayonne, Dax et Mont-de-Marsan pour sensibiliser les joueurs professionnels et des centres de formation sur le sujet de la <strong>sant\u00e9 mentale<\/strong>. Accompagn\u00e9 par le psychologue r\u00e9f\u00e9rent de la <a href=\"https:\/\/actu.fr\/tag\/lnr\" rel=\"nofollow noopener\" target=\"_blank\">LNR<\/a>, Jean-Luc Douillard, et par Jean-Paul Piovesan, traducteur, l\u2019ancien capitaine de <a href=\"https:\/\/actu.fr\/tag\/castres-olympique\" rel=\"nofollow noopener\" target=\"_blank\">Castres<\/a> (aujourd\u2019hui charg\u00e9 des relations publiques du CO et entra\u00eeneur \u00e0 Montredon, en R\u00e9gionale 1) vient partager son exp\u00e9rience. De coach mental, tout d\u2019abord, mais aussi d\u2019homme. L\u2019ex 2e ligne de l\u2019Uruguay a en effet connu une profonde d\u00e9pression et l\u2019alcoolisme apr\u00e8s l\u2019arr\u00eat de sa carri\u00e8re, en 2020. Entretien.<\/p>\n<p>Tourn\u00e9e dans 20 clubs avec Jean-Marc Doussain<\/p>\n<p class=\"ac-article-content__question wall-content\"><strong class=\"color-primary\">Actu : <\/strong>En quoi consistent vos interventions aupr\u00e8s des clubs\u00a0?<\/p>\n<p class=\" wall-content\"><strong class=\"color-primary\">Rodrigo Capo Ortega : <\/strong>C&rsquo;est la 2e ann\u00e9e que la tourn\u00e9e \u00ab\u00a0pr\u00e9vention sant\u00e9 mentale\u00a0\u00bb a lieu. Elle est issue d&rsquo;un partenariat entre la LNR et \u00ab\u00a0N\u00e9o H\u00e9ros\u00a0\u00bb, l&rsquo;association de Rapha\u00ebl Poulain. L&rsquo;an dernier, c&rsquo;est Rapha\u00ebl qui est all\u00e9 dans les 30 clubs avec Jean-Luc et Jean-Paul. Cette ann\u00e9e, c&rsquo;est moi et Jean-Marc Doussain qui tournons. Nous visiterons 20 clubs. Avec Jean-Marc, nous venons partager notre parcours en tant qu&rsquo;hommes avant tout. Jean-Luc, lui, aborde plut\u00f4t les aspects th\u00e9oriques autour de la d\u00e9pression et des addictions.<\/p>\n<p class=\"ac-article-content__question wall-content\">Comment se sont pass\u00e9es vos premi\u00e8res interventions ?<\/p>\n<p class=\" wall-content\"><strong class=\"color-primary\">R.C.O. : <\/strong>Tr\u00e8s bien. J&rsquo;ai \u00e9t\u00e9 surpris, content et satisfait des interventions que nous avons faites et surtout de voir comment les joueurs ont r\u00e9agi. Il y a eu un vrai \u00e9change avec eux, ils ont os\u00e9 parler davantage, poser plus de questions. On voit que c&rsquo;est un sujet qui commence \u00e0 toucher tout le monde. Ils prennent conscience que la sant\u00e9 mentale est fondamentale. Nous avons demand\u00e9 un retour aux clubs visit\u00e9s l&rsquo;an dernier et 30% nous ont demand\u00e9 de revenir pour en parler encore.<\/p>\n<p>    <img   decoding=\"async\" loading=\"lazy\" src=\"https:\/\/www.europesays.com\/fr\/wp-content\/uploads\/2025\/10\/icon-blo-290918-02-02-960x640.jpg\" alt=\"Rodrigo Capo Ortega sera c\u00e9l\u00e9br\u00e9 ce week-end par le club de Castres\" width=\"960\" height=\"640\"\/><br \/>\n    Rodrigo Capo Ortega a \u00e9t\u00e9 l\u2019une des figures les plus embl\u00e9matiques de Castres durant pr\u00e8s de 20 ans. (\u00a9Icon Sport)<\/p>\n<p class=\"ac-article-content__question wall-content\">On parle plus des addictions que de la d\u00e9pression dans le rugby. <\/p>\n<p class=\" wall-content\"><strong class=\"color-primary\">R.C.O. : <\/strong>Oui. Et pourtant&#8230; Comme je le dis aux mecs lors de mes interventions, \u00ab\u00a0il va falloir que vous appreniez \u00e0 vous enlever vos d\u00e9guisements de super-h\u00e9ros et \u00e0 mettre les d\u00e9guisements d&rsquo;humains avant tout. Parce que, n&rsquo;oubliez pas que c&rsquo;est ce qu&rsquo;on est : des humains\u00a0\u00bb. On a le droit d&rsquo;\u00eatre triste, d&rsquo;\u00eatre nerveux, de s&rsquo;exprimer. Ce qui ressort souvent, c&rsquo;est qu&rsquo;ils se sentent honteux. Ils ont honte de dire ce qui se passe.  <\/p>\n<p>Bastareaud ou Dusautoir pour faire passer des messages<\/p>\n<p class=\"ac-article-content__question wall-content\">Quels seront les prochains clubs visit\u00e9s ?<\/p>\n<p class=\" wall-content\"><strong class=\"color-primary\">R.C.O. : <\/strong>En novembre, Jean-Marc se rendra \u00e0 Grenoble, \u00e0 Lyon et \u00e0 Valence-Romans. Durant les interventions, on projette aussi des vid\u00e9os d&rsquo;anciens joueurs comme Mathieu Bastareaud ou Thierry Dusautoir qui font passer de bons messages. <\/p>\n<p>Votre r\u00e9gion, votre actu !<\/p>\n<p>Recevez chaque jour les infos qui comptent pour vous.<\/p>\n<p>\t<a href=\"https:\/\/actu.fr\/newsletter\" class=\"ac-btn ac-btn--corner ac-btn--medium ac-btn--blue800\" rel=\"nofollow noopener\" target=\"_blank\">S&rsquo;incrire<\/a><\/p>\n<p class=\"ac-article-content__question wall-content\">Lors d&rsquo;une interview de Fulgence Ouedraogo r\u00e9cemment, il nous confiait que le terme \u00ab\u00a0sant\u00e9 mentale\u00a0\u00bb n&rsquo;existait pas quand il jouait. C&rsquo;est quelque chose qui n&rsquo;\u00e9tait pas pris en compte \u00e0 votre \u00e9poque.<\/p>\n<p class=\" wall-content\"><strong class=\"color-primary\">R.C.O. : <\/strong>On n&rsquo;en parlait pas du tout. Je vois que maintenant, certains consultent des professionnels \u00e0 l&rsquo;ext\u00e9rieur pour les aider. C&rsquo;est bien. Quand on va voir un psy, c&rsquo;est un cadeau qu&rsquo;on se fait. Pourquoi ? Parce que comme je dis aux joueurs : \u00ab\u00a0Dans la semaine, vous travaillez ici, vous faites de la muscu, vous allez au terrain, vous faites des s\u00e9ances vid\u00e9o. Apr\u00e8s, quand vous sortez du club, ceux qui ont des familles sont avec leurs \u00e9pouses et leurs enfants, les autres passent du temps avec des potes. Le week-end, vous avez les matchs. Et quand prenez-vous du temps pour vous ? Pour travailler sur vous ? Jamais.\u00a0\u00bb Souvent, les gens attendent d&rsquo;aller mal pour aller voir quelqu&rsquo;un. Au contraire, si on le fait en allant bien, on va se sentir encore mieux.<\/p>\n<p class=\"ac-article-content__question wall-content\">L&rsquo;aspect mental doit-il faire partie de la prise en charge du joueur, au m\u00eame titre que le reste ?<\/p>\n<p class=\" wall-content\"><strong class=\"color-primary\">R.C.O. : <\/strong>Oui ! Je vais vous donner un exemple : en passant mon dipl\u00f4me de coach mental, j&rsquo;ai appris \u00e0 utiliser la respiration. C&rsquo;est un outil formidable ! Et malheureusement, personne ne nous l&rsquo;enseigne quand on est joueur. Pourtant, \u00e7a aide \u00e0 g\u00e9rer les \u00e9motions, quand on est fatigu\u00e9. Savoir qu&rsquo;une micro-sieste est l&rsquo;\u00e9quivalent d&rsquo;un cycle de sommeil peut tout changer. Ce sont des choses essentielles qui ne sont pas sues.<\/p>\n<blockquote class=\"ac-article-quote wall-content\">\n<p>\u00ab\u00a0En passant mon dipl\u00f4me de coach mental, j&rsquo;ai appris \u00e0 utiliser la respiration. C&rsquo;est un outil formidable ! Et malheureusement, personne ne nous l&rsquo;enseigne quand on est joueur. Pourtant, \u00e7a aide \u00e0 g\u00e9rer les \u00e9motions, quand on est fatigu\u00e9. Savoir qu&rsquo;une micro-sieste est l&rsquo;\u00e9quivalent d&rsquo;un cycle de sommeil peut tout changer. Ce sont des choses essentielles qui ne sont pas sues.\u00a0\u00bb<\/p>\n<p>    <strong>Rodrigo Capo Ortega<\/strong><br \/>\n        Ancien 2e ligne de Castres et de l&rsquo;Uruguay    <\/p><\/blockquote>\n<p class=\"ac-article-content__question wall-content\">A titre personnel, pourquoi vous investir sur ce th\u00e8me ?<\/p>\n<p class=\" wall-content\"><strong class=\"color-primary\">R.C.O. : <\/strong>C&rsquo;est un sujet qui me touche beaucoup car je suis pass\u00e9 par l\u00e0. Et si je peux donner un peu de ma personne aux autres, les faire sourire et les emp\u00eacher de vivre la moiti\u00e9 de ce que j&rsquo;ai v\u00e9cu, c&rsquo;est d\u00e9j\u00e0 gagn\u00e9. Le matin, je sais pourquoi je me l\u00e8ve. C&rsquo;est quelque chose qui me pla\u00eet beaucoup, me fait du bien et me remplit.<\/p>\n<p>2 ans de d\u00e9pression et d\u2019alcoolisme<\/p>\n<p class=\"ac-article-content__question wall-content\">Qu&rsquo;avez-vous v\u00e9cu ?<\/p>\n<p class=\" wall-content\"><strong class=\"color-primary\">R.C.O. : <\/strong>J&rsquo;avais annonc\u00e9 l&rsquo;arr\u00eat de ma carri\u00e8re en 2020. J&rsquo;ai voulu jouer le plus longtemps possible pour que mes enfants puissent \u00eatre grands et que mon dernier match reste grav\u00e9 pour nous tous. Malheureusement, je n&rsquo;ai pas v\u00e9cu cette derni\u00e8re \u00e0 cause du Covid. J&rsquo;ai disput\u00e9 mon dernier match \u00e0 Bordeaux. J&rsquo;ai marqu\u00e9 un essai de 80 m\u00e8tres, c&rsquo;\u00e9tait super mais je ne savais pas que c&rsquo;\u00e9tait le dernier. Puis le championnat a \u00e9t\u00e9 suspendu, je me disais que \u00e7a allait forc\u00e9ment reprendre. J&rsquo;\u00e9tais dans un d\u00e9ni total, je refusais de me dire que je n&rsquo;allais plus revenir sur le terrain de toute ma vie. Et puis quand le verdict est tomb\u00e9, je suis entr\u00e9 en d\u00e9pression. De plus en plus, jusqu&rsquo;\u00e0 conna\u00eetre l&rsquo;alcoolisme et toucher le fond. J&rsquo;ai \u00e9t\u00e9 malade de 2020 \u00e0 2022.<\/p>\n<p>    <img   decoding=\"async\" loading=\"lazy\" src=\"https:\/\/www.europesays.com\/fr\/wp-content\/uploads\/2025\/10\/rodrigo-capo-ortega-rugby-castres-2019-960x640.jpg\" alt=\"De 2002 \u00e0 2020, Rodrigo Capo Ortega a disput\u00e9 plus de 450 matchs sous le maillot du CO.\" width=\"960\" height=\"640\"\/><br \/>\n    De 2002 \u00e0 2020, Rodrigo Capo Ortega a disput\u00e9 plus de 450 matchs sous le maillot du CO. (\u00a9Icon Sport)<\/p>\n<p class=\"ac-article-content__question wall-content\">Comment vous en \u00eates-vous sorti ?<\/p>\n<p class=\" wall-content\"><strong class=\"color-primary\">R.C.O. : <\/strong>Heureusement que j&rsquo;ai eu ma femme et mes proches. Ils m&rsquo;ont dit qu&rsquo;il fallait que j&rsquo;aille \u00e0 l&rsquo;h\u00f4pital pour me faire soigner. \u00c7a m&rsquo;a fait beaucoup de bien. \u00c7a m&rsquo;a permis de trouver plein de r\u00e9ponses, d&rsquo;apprendre de nouvelles choses, d&rsquo;apprendre sur moi. J&rsquo;ai beaucoup appris aussi des gens qui \u00e9taient l\u00e0-bas et qui connaissaient des situations bien pires que la mienne. Aujourd&rsquo;hui, je me sens bien \u00e0 nouveau, \u00e7a fait 3 ans que tout va bien. C&rsquo;est \u00e7a la vie : on tombe et on se rel\u00e8ve un million de fois.<\/p>\n<blockquote class=\"ac-article-quote wall-content\">\n<p>\u00ab\u00a0A l&rsquo;arr\u00eat de ma carri\u00e8re,  je n&rsquo;avais plus de cadres. Tout s&rsquo;est cass\u00e9 la gueule. Aussi, j&rsquo;avais peur de ne plus \u00eatre aim\u00e9 par ma famille et mes proches de la m\u00eame mani\u00e8re que quand je jouais au rugby. Ce n&rsquo;\u00e9tait pas vrai, bien s\u00fbr. Mais quand tu es en d\u00e9pression, tu vois tout en noir.\u00a0\u00bb<\/p>\n<p>    <strong>Rodrigo Capo Ortega<\/strong><br \/>\n        Ancien 2e ligne de Castres et de l&rsquo;Uruguay     <\/p><\/blockquote>\n<p class=\"ac-article-content__question wall-content\">Qu&rsquo;avez-vous particuli\u00e8rement mal v\u00e9cu \u00e0 l&rsquo;arr\u00eat de votre carri\u00e8re ?<\/p>\n<p class=\" wall-content\"><strong class=\"color-primary\">R.C.O. : <\/strong>J&rsquo;ai enfin compris pourquoi j&rsquo;ai fait cette d\u00e9pression. Depuis petit jusqu&rsquo;\u00e0 mon arriv\u00e9e en France, j&rsquo;ai eu des cadres dans ma vie : ma famille, l&rsquo;\u00e9cole, le sport, mes amis. Quand j&rsquo;ai d\u00e9barqu\u00e9 ici, ces cadres \u00e9taient form\u00e9s par le rugby, ma femme, mes enfants. A la fin de ma carri\u00e8re, ma femme a voulu s&rsquo;\u00e9manciper et commencer \u00e0 travailler. Donc en fait, elle est \u00ab\u00a0partie\u00a0\u00bb entre guillemets. Elle n&rsquo;\u00e9tait plus l\u00e0, le rugby non plus : je n&rsquo;avais plus de cadres. Tout s&rsquo;est cass\u00e9 la gueule. Aussi, j&rsquo;avais peur de ne plus \u00eatre aim\u00e9 par ma famille et mes proches de la m\u00eame mani\u00e8re que quand je jouais au rugby. Ce n&rsquo;\u00e9tait pas vrai, bien s\u00fbr. Mais quand tu es en d\u00e9pression, tu vois tout en noir. <\/p>\n<p class=\"ac-article-content__question wall-content\">Vous n&rsquo;aviez pas os\u00e9 en parler \u00e0 des co\u00e9quipiers ?<\/p>\n<p class=\" wall-content\"><strong class=\"color-primary\">R.C.O. : <\/strong>Non.<\/p>\n<p class=\"ac-article-content__question wall-content\">Parce que vous aviez honte ? <\/p>\n<p class=\" wall-content\"><strong class=\"color-primary\">R.C.O. : <\/strong>Je ne sais pas si c&rsquo;\u00e9tait de la honte&#8230; Peut-\u00eatre, oui. Je ne pourrais pas vous dire. Quand tu es dans une telle d\u00e9pression et que tu es d\u00e9pendant de quelque chose, tu n&rsquo;es plus d\u00e9cisionnaire de ta vie. L&rsquo;addiction prend le dessus et tu ne d\u00e9cides plus de rien. C&rsquo;est gr\u00e2ce \u00e0 ma femme que je m&rsquo;en suis sorti : elle a \u00e9t\u00e9 tr\u00e8s directive en deux occasions, qui m&rsquo;ont permis d&rsquo;aller \u00e0 la clinique en d\u00e9sintoxication. Parfois, les gens proches me disaient \u00ab\u00a0tu devrais aller voir quelqu&rsquo;un\u00a0\u00bb, \u00ab\u00a0tu me fais de la peine\u00a0\u00bb&#8230; Ce dont ils ne se rendaient pas compte, c&rsquo;est qu&rsquo;ils me faisaient encore plus de mal. Dans ces moments-l\u00e0, on n&rsquo;est plus conscient de rien, on n&rsquo;a plus de pouvoir d\u00e9cisionnaire sur rien. Alors les proches doivent \u00eatre tr\u00e8s directifs et faire \u00e0 la place du malade.<\/p>\n<blockquote class=\"ac-article-quote wall-content\">\n<p>\u00ab\u00a0Quand tu es dans une telle d\u00e9pression et que tu es d\u00e9pendant de quelque chose, tu n&rsquo;es plus d\u00e9cisionnaire de ta vie. L&rsquo;addiction prend le dessus et tu ne d\u00e9cides plus de rien. C&rsquo;est gr\u00e2ce \u00e0 ma femme que je m&rsquo;en suis sorti : elle a \u00e9t\u00e9 tr\u00e8s directive en deux occasions, qui m&rsquo;ont permis d&rsquo;aller \u00e0 la clinique en d\u00e9sintoxication.\u00a0\u00bb<\/p>\n<p>    <strong>Rodrigo Capo Ortega<\/strong><br \/>\n        Ancien 2e ligne de Castres et de l&rsquo;Uruguay    <\/p><\/blockquote>\n<p class=\"ac-article-content__question wall-content\">Car c&rsquo;est une vraie maladie, en effet.<\/p>\n<p class=\" wall-content\"><strong class=\"color-primary\">R.C.O. : <\/strong>Bien s\u00fbr. Et surtout, ce n&rsquo;est pas quelque chose qu&rsquo;on fait volontairement. C&rsquo;est comme quand tu chopes une grippe. Dans mes interventions, j&rsquo;explique que la d\u00e9pression, c&rsquo;est quelqu&rsquo;un qui entre dans ton corps sans ta permission et qui commence \u00e0 te ronger petit \u00e0 petit. Et si tu ne t&rsquo;en rends pas compte \u00e0 temps, c&rsquo;est trop tard. C&rsquo;est pour \u00e7a qu&rsquo;il est si important de parler. Aujourd&rsquo;hui, il y a des num\u00e9ros, des endroits \u00e0 l&rsquo;ext\u00e9rieur du club vers qui les joueurs peuvent se tourner. Par exemple, Jean-Luc (Douillard) donne souvent son num\u00e9ro de t\u00e9l\u00e9phone pour qu&rsquo;ils puissent le joindre. Parfois, parler deux ou trois fois \u00e0 un psy peut suffire. <\/p>\n<p class=\"ac-article-content__question wall-content\">Continuez-vous \u00e0 \u00eatre suivi par le v\u00f4tre ?<\/p>\n<p class=\" wall-content\"><strong class=\"color-primary\">R.C.O. : <\/strong>Bien s\u00fbr.<\/p>\n<p class=\" wall-content\">Personnalisez votre actualit\u00e9 en ajoutant vos villes et m\u00e9dias en favori avec <a href=\"https:\/\/moncompte.actu.fr\" title=\"D\u00e9couvez Mon Actu\" rel=\"nofollow noopener\" data-trk=\"{&quot;cta&quot;:{&quot;action&quot;:&quot;https:\\\/\\\/moncompte.actu.fr&quot;,&quot;category&quot;:&quot;mon compte&quot;,&quot;from&quot;:&quot;article footer&quot;,&quot;name&quot;:&quot;Mon actu&quot;,&quot;type&quot;:&quot;cta&quot;}}\" target=\"_blank\">Mon Actu<\/a>.<\/p>\n","protected":false},"excerpt":{"rendered":"Par Emilie Dudon-Fournier Publi\u00e9 le 21 oct. 2025 \u00e0 16h57 Il a d\u00e9but\u00e9 la semaine derni\u00e8re. Un mois&hellip;\n","protected":false},"author":2,"featured_media":480870,"comment_status":"","ping_status":"","sticky":false,"template":"","format":"standard","meta":{"footnotes":""},"categories":[1416],"tags":[7336,1011,27,2947,479,1468,60,478],"class_list":{"0":"post-480869","1":"post","2":"type-post","3":"status-publish","4":"format-standard","5":"has-post-thumbnail","7":"category-rugby","8":"tag-castres-olympique","9":"tag-fr","10":"tag-france","11":"tag-lnr","12":"tag-rugby","13":"tag-rugby-football","14":"tag-sports","15":"tag-top-14"},"share_on_mastodon":{"url":"https:\/\/pubeurope.com\/@fr\/115415258957606785","error":""},"_links":{"self":[{"href":"https:\/\/www.europesays.com\/fr\/wp-json\/wp\/v2\/posts\/480869","targetHints":{"allow":["GET"]}}],"collection":[{"href":"https:\/\/www.europesays.com\/fr\/wp-json\/wp\/v2\/posts"}],"about":[{"href":"https:\/\/www.europesays.com\/fr\/wp-json\/wp\/v2\/types\/post"}],"author":[{"embeddable":true,"href":"https:\/\/www.europesays.com\/fr\/wp-json\/wp\/v2\/users\/2"}],"replies":[{"embeddable":true,"href":"https:\/\/www.europesays.com\/fr\/wp-json\/wp\/v2\/comments?post=480869"}],"version-history":[{"count":0,"href":"https:\/\/www.europesays.com\/fr\/wp-json\/wp\/v2\/posts\/480869\/revisions"}],"wp:featuredmedia":[{"embeddable":true,"href":"https:\/\/www.europesays.com\/fr\/wp-json\/wp\/v2\/media\/480870"}],"wp:attachment":[{"href":"https:\/\/www.europesays.com\/fr\/wp-json\/wp\/v2\/media?parent=480869"}],"wp:term":[{"taxonomy":"category","embeddable":true,"href":"https:\/\/www.europesays.com\/fr\/wp-json\/wp\/v2\/categories?post=480869"},{"taxonomy":"post_tag","embeddable":true,"href":"https:\/\/www.europesays.com\/fr\/wp-json\/wp\/v2\/tags?post=480869"}],"curies":[{"name":"wp","href":"https:\/\/api.w.org\/{rel}","templated":true}]}}