{"id":480871,"date":"2025-10-22T01:37:13","date_gmt":"2025-10-22T01:37:13","guid":{"rendered":"https:\/\/www.europesays.com\/fr\/480871\/"},"modified":"2025-10-22T01:37:13","modified_gmt":"2025-10-22T01:37:13","slug":"pronos-paris-rmc-le-pari-tennis-deric-salliot-du-21-octobre-atp-500-bale","status":"publish","type":"post","link":"https:\/\/www.europesays.com\/fr\/480871\/","title":{"rendered":"PRONOS PARIS RMC Le pari tennis d\u2019Eric Salliot du 21 octobre \u2013 ATP 500 B\u00e2le"},"content":{"rendered":"<p><strong>Mon pronostic : Wawrinka bat Kecmanovic (2.45)<\/strong><\/p>\n<p>Stan Wawrinka n\u2019a jamais bien perform\u00e9 pour ce tournoi de B\u00e2le, laissant Roger Federer briller sur ses terres pendant de nombreuses ann\u00e9es. Stan a tout de m\u00eame encore un coup \u00e0 jouer pour son premier tour, lui qui reste sur un revers en trois manches \u00e0 Shanga\u00ef contre Marozsan. A 40 ans, le Suisse en a encore dans la raquette et pourrait bien cr\u00e9er une petite surprise en l\u2019emportant contre Kecmanovic. Le Serbe a perdu au 2e tour de Stockholm contre Etcheverry et n\u2019est pas l\u2019adversaire le plus solide. Je vous propose donc de tenter la cote pour ce duel \u00e0 2.45 !<\/p>\n<p><a href=\"https:\/\/www.winamax.fr\/paris-sportifs\/match\/64619534\" target=\"_blank\" class=\"external_link\" rel=\"nofollow noopener\">Pariez sur Kecmanovic \u2013 Wawrinka ici !<\/a><\/p>\n","protected":false},"excerpt":{"rendered":"Mon pronostic : Wawrinka bat Kecmanovic (2.45) Stan Wawrinka n\u2019a jamais bien perform\u00e9 pour ce tournoi de B\u00e2le,&hellip;\n","protected":false},"author":2,"featured_media":480872,"comment_status":"","ping_status":"","sticky":false,"template":"","format":"standard","meta":{"footnotes":""},"categories":[1415],"tags":[1011,27,60,1467],"class_list":{"0":"post-480871","1":"post","2":"type-post","3":"status-publish","4":"format-standard","5":"has-post-thumbnail","7":"category-tennis","8":"tag-fr","9":"tag-france","10":"tag-sports","11":"tag-tennis"},"share_on_mastodon":{"url":"https:\/\/pubeurope.com\/@fr\/115415262366048553","error":""},"_links":{"self":[{"href":"https:\/\/www.europesays.com\/fr\/wp-json\/wp\/v2\/posts\/480871","targetHints":{"allow":["GET"]}}],"collection":[{"href":"https:\/\/www.europesays.com\/fr\/wp-json\/wp\/v2\/posts"}],"about":[{"href":"https:\/\/www.europesays.com\/fr\/wp-json\/wp\/v2\/types\/post"}],"author":[{"embeddable":true,"href":"https:\/\/www.europesays.com\/fr\/wp-json\/wp\/v2\/users\/2"}],"replies":[{"embeddable":true,"href":"https:\/\/www.europesays.com\/fr\/wp-json\/wp\/v2\/comments?post=480871"}],"version-history":[{"count":0,"href":"https:\/\/www.europesays.com\/fr\/wp-json\/wp\/v2\/posts\/480871\/revisions"}],"wp:featuredmedia":[{"embeddable":true,"href":"https:\/\/www.europesays.com\/fr\/wp-json\/wp\/v2\/media\/480872"}],"wp:attachment":[{"href":"https:\/\/www.europesays.com\/fr\/wp-json\/wp\/v2\/media?parent=480871"}],"wp:term":[{"taxonomy":"category","embeddable":true,"href":"https:\/\/www.europesays.com\/fr\/wp-json\/wp\/v2\/categories?post=480871"},{"taxonomy":"post_tag","embeddable":true,"href":"https:\/\/www.europesays.com\/fr\/wp-json\/wp\/v2\/tags?post=480871"}],"curies":[{"name":"wp","href":"https:\/\/api.w.org\/{rel}","templated":true}]}}