{"id":480873,"date":"2025-10-22T01:39:13","date_gmt":"2025-10-22T01:39:13","guid":{"rendered":"https:\/\/www.europesays.com\/fr\/480873\/"},"modified":"2025-10-22T01:39:13","modified_gmt":"2025-10-22T01:39:13","slug":"je-ne-comprends-pas-vraiment-ce-quil-sest-passe","status":"publish","type":"post","link":"https:\/\/www.europesays.com\/fr\/480873\/","title":{"rendered":"\u00ab Je ne comprends pas vraiment ce qu\u2019il s\u2019est pass\u00e9 \u00bb"},"content":{"rendered":"<p>&#13;<\/p>\n<p><strong>Parti de la pole position avec un nouveau record du circuit, Fabio Quartararo n\u2019a pas confirm\u00e9 en course \u00e0 Phillip Island.\u00a0<\/strong><\/p>\n<p>Fabio Quartararo a termin\u00e9 11e, incapable de retrouver le rythme affich\u00e9 la veille. \u00ab\u2009C\u2019est un peu saoulant de toujours avoir la sensation qu\u2019il y a toujours quelque chose, r\u00e9sum\u00e9 El Diablo. On sait qu\u2019apr\u00e8s le Moto2, il y a toujours un petit peu de difficult\u00e9s, mais des difficult\u00e9s comme \u00e7a, je n\u2019en ai jamais eu. On n\u2019avait pas du tout de traction, je n\u2019arrivais pas \u00e0 m\u2019arr\u00eater. C\u2019est assez bizarre de voir ce qu\u2019il s\u2019est pass\u00e9, c\u2019est un peu fatigant.\u2009\u00bb<\/p>\n<p>Malgr\u00e9 la bonne course de son co\u00e9quipier Alex Rins, Quartararo est rest\u00e9 sans solution\u00a0: \u00ab\u2009Clairement, je n\u2019arrivais pas du tout \u00e0 m\u2019arr\u00eater, je n\u2019arrivais pas \u00e0 tourner. Comme je dis, je ne comprends pas vraiment ce qu\u2019il s\u2019est pass\u00e9.\u2009\u00bb<\/p>\n<p>Le Fran\u00e7ais \u00e9voque aussi un besoin de d\u00e9connecter dans ce genre de situation\u00a0: \u00ab\u2009Je ne regarde surtout pas les courses, j\u2019essaye de rester avec les personnes plus proches, d\u2019\u00eatre tranquille, de d\u00e9connecter un petit peu de ce monde, et de m\u2019entra\u00eener. C\u2019est quelque chose qui me fait penser \u00e0 autre chose.\u2009\u00bb<\/p>\n<p>Sur le plan technique, il pointe surtout le manque de grip arri\u00e8re\u00a0: \u00ab\u2009L\u2019arri\u00e8re, on n\u2019a jamais trouv\u00e9 le grip. La moto \u00e9tait tr\u00e8s agressive, je ne sais pas pourquoi on a eu ce genre de mouvements. Hier, on s\u2019est tromp\u00e9 sur le medium \u00e0 l\u2019avant, alors qu\u2019on aurait pu se battre avec Pedro (Acosta) et Jack (Miller). Aujourd\u2019hui, je n&rsquo;arrive pas \u00e0 comprendre ce qui a pu se passer. Normalement, \u00e7a s\u2019am\u00e9liore avec le medium en fin de course, mais l\u00e0, c\u2019\u00e9tait moyen au d\u00e9but, et pire \u00e0 la fin.\u2009\u00bb<\/p>\n<p>&#13;<br \/>\n           &#13;<br \/>\n&#13;<br \/>\n    &#13;<br \/>\n    &#13;<\/p>\n","protected":false},"excerpt":{"rendered":"&#13; Parti de la pole position avec un nouveau record du circuit, Fabio Quartararo n\u2019a pas confirm\u00e9 en&hellip;\n","protected":false},"author":2,"featured_media":480874,"comment_status":"","ping_status":"","sticky":false,"template":"","format":"standard","meta":{"footnotes":""},"categories":[1413],"tags":[1011,27,1457,1456,60],"class_list":{"0":"post-480873","1":"post","2":"type-post","3":"status-publish","4":"format-standard","5":"has-post-thumbnail","7":"category-moto","8":"tag-fr","9":"tag-france","10":"tag-moto","11":"tag-motocycle","12":"tag-sports"},"share_on_mastodon":{"url":"https:\/\/pubeurope.com\/@fr\/115415270272905092","error":""},"_links":{"self":[{"href":"https:\/\/www.europesays.com\/fr\/wp-json\/wp\/v2\/posts\/480873","targetHints":{"allow":["GET"]}}],"collection":[{"href":"https:\/\/www.europesays.com\/fr\/wp-json\/wp\/v2\/posts"}],"about":[{"href":"https:\/\/www.europesays.com\/fr\/wp-json\/wp\/v2\/types\/post"}],"author":[{"embeddable":true,"href":"https:\/\/www.europesays.com\/fr\/wp-json\/wp\/v2\/users\/2"}],"replies":[{"embeddable":true,"href":"https:\/\/www.europesays.com\/fr\/wp-json\/wp\/v2\/comments?post=480873"}],"version-history":[{"count":0,"href":"https:\/\/www.europesays.com\/fr\/wp-json\/wp\/v2\/posts\/480873\/revisions"}],"wp:featuredmedia":[{"embeddable":true,"href":"https:\/\/www.europesays.com\/fr\/wp-json\/wp\/v2\/media\/480874"}],"wp:attachment":[{"href":"https:\/\/www.europesays.com\/fr\/wp-json\/wp\/v2\/media?parent=480873"}],"wp:term":[{"taxonomy":"category","embeddable":true,"href":"https:\/\/www.europesays.com\/fr\/wp-json\/wp\/v2\/categories?post=480873"},{"taxonomy":"post_tag","embeddable":true,"href":"https:\/\/www.europesays.com\/fr\/wp-json\/wp\/v2\/tags?post=480873"}],"curies":[{"name":"wp","href":"https:\/\/api.w.org\/{rel}","templated":true}]}}