{"id":480875,"date":"2025-10-22T01:40:12","date_gmt":"2025-10-22T01:40:12","guid":{"rendered":"https:\/\/www.europesays.com\/fr\/480875\/"},"modified":"2025-10-22T01:40:12","modified_gmt":"2025-10-22T01:40:12","slug":"levolution-de-la-formule-1-en-2026","status":"publish","type":"post","link":"https:\/\/www.europesays.com\/fr\/480875\/","title":{"rendered":"L&rsquo;\u00c9volution de la Formule 1 en 2026"},"content":{"rendered":"<p>                    La Formule 1 change consid\u00e9rablement avec les nouvelles r\u00e8gles techniques pour 2026, qui introduisent des monoplaces plus petites, l\u00e9g\u00e8res et puissantes, avec a\u00e9rodynamique active et un nouvel ensemble de puissance qui \u00e9quilibre moteur thermique et \u00e9lectrique. Mais les changements \u00e9pocaux autour du Circus ont d\u00e9j\u00e0 eu lieu et ne sont pas encore termin\u00e9s. \u00ab Quand on parle de marques qui doivent \u00eatre attentives \u00e0 ce qui se passe autour de la marque, eh bien nous sommes les premiers \u00e0 \u00eatre impliqu\u00e9s dans ce qui se passe dans le monde, nous sommes en contact avec des cultures diff\u00e9rentes, des sensibilit\u00e9s diff\u00e9rentes. Nous devons nous adapter, \u00eatre capables d&rsquo;\u00e9couter, car si nous \u00e9tions rest\u00e9s ancr\u00e9s \u00e0 l&rsquo;id\u00e9e initiale de la Formule 1, nous aurions disparu \u00bb, a d\u00e9clar\u00e9 Stefano Domenicali, pr\u00e9sident et PDG de la Formule 1, lors de son intervention pendant \u00ab Brand Connection, The Age of Meaningful Brands \u00bb, l&rsquo;\u00e9v\u00e9nement organis\u00e9 par Deloitte o\u00f9 il a \u00e9t\u00e9 discut\u00e9 de marques et de consommateurs. \u00ab Au centre, bien s\u00fbr, il y a les courses, il y a les pilotes, il y a la technologie, mais autour de cela, il y a le divertissement. Nous avions l&rsquo;obligation d&rsquo;\u00eatre sensibles \u00e0 r\u00e9pondre aux demandes qui venaient du monde des plus jeunes, pour embrasser une communaut\u00e9 qui changeait \u00bb, a poursuivi le pr\u00e9sident de la Formule 1. \u00ab Il n&rsquo;est pas vrai que nous sommes moins authentiques qu&rsquo;avant, la course reste le centre de la Formule 1, mais nous avons travaill\u00e9 pour offrir une exp\u00e9rience unique \u00e0 ceux qui viennent nous voir. Et n&rsquo;oublions pas que la Formule 1 a toujours travaill\u00e9 sur des technologies qui sont ensuite devenues courantes pour tous \u00bb, les mots de Domenicali, qui regarde ensuite le th\u00e8me de la durabilit\u00e9. \u00ab Regardant la durabilit\u00e9, il faut dire que les voitures ne couvrent que 2 % de l&#8217;empreinte des \u00e9missions, donc ce que nous devons faire, c&rsquo;est penser \u00e0 tout le reste, \u00e0 tout ce qui tourne autour de la course, mais nous devons le faire avec les institutions, qui doivent travailler de mani\u00e8re pragmatique et non id\u00e9ologique. D&rsquo;ici 2030, nous serons neutres en carbone en tant que Formule 1, puis nous devons travailler avec les fournisseurs pour limiter les \u00e9missions autour de l&rsquo;\u00e9v\u00e9nement. \u00bb                    <\/p>\n<p>&#13;<br \/>\n                                \u00a9 TOUS DROITS R\u00c9SERV\u00c9S <br \/>&#13;<br \/>\n                                Cet article est traduit automatiquement                            <\/p>\n","protected":false},"excerpt":{"rendered":"La Formule 1 change consid\u00e9rablement avec les nouvelles r\u00e8gles techniques pour 2026, qui introduisent des monoplaces plus petites,&hellip;\n","protected":false},"author":2,"featured_media":480876,"comment_status":"","ping_status":"","sticky":false,"template":"","format":"standard","meta":{"footnotes":""},"categories":[1412],"tags":[1451,1452,1453,1454,1455,1011,27,60],"class_list":{"0":"post-480875","1":"post","2":"type-post","3":"status-publish","4":"format-standard","5":"has-post-thumbnail","7":"category-f1","8":"tag-f1","9":"tag-formula-1","10":"tag-formula1","11":"tag-formule-1","12":"tag-formule1","13":"tag-fr","14":"tag-france","15":"tag-sports"},"share_on_mastodon":{"url":"https:\/\/pubeurope.com\/@fr\/115415274246468050","error":""},"_links":{"self":[{"href":"https:\/\/www.europesays.com\/fr\/wp-json\/wp\/v2\/posts\/480875","targetHints":{"allow":["GET"]}}],"collection":[{"href":"https:\/\/www.europesays.com\/fr\/wp-json\/wp\/v2\/posts"}],"about":[{"href":"https:\/\/www.europesays.com\/fr\/wp-json\/wp\/v2\/types\/post"}],"author":[{"embeddable":true,"href":"https:\/\/www.europesays.com\/fr\/wp-json\/wp\/v2\/users\/2"}],"replies":[{"embeddable":true,"href":"https:\/\/www.europesays.com\/fr\/wp-json\/wp\/v2\/comments?post=480875"}],"version-history":[{"count":0,"href":"https:\/\/www.europesays.com\/fr\/wp-json\/wp\/v2\/posts\/480875\/revisions"}],"wp:featuredmedia":[{"embeddable":true,"href":"https:\/\/www.europesays.com\/fr\/wp-json\/wp\/v2\/media\/480876"}],"wp:attachment":[{"href":"https:\/\/www.europesays.com\/fr\/wp-json\/wp\/v2\/media?parent=480875"}],"wp:term":[{"taxonomy":"category","embeddable":true,"href":"https:\/\/www.europesays.com\/fr\/wp-json\/wp\/v2\/categories?post=480875"},{"taxonomy":"post_tag","embeddable":true,"href":"https:\/\/www.europesays.com\/fr\/wp-json\/wp\/v2\/tags?post=480875"}],"curies":[{"name":"wp","href":"https:\/\/api.w.org\/{rel}","templated":true}]}}