{"id":480882,"date":"2025-10-22T01:44:16","date_gmt":"2025-10-22T01:44:16","guid":{"rendered":"https:\/\/www.europesays.com\/fr\/480882\/"},"modified":"2025-10-22T01:44:16","modified_gmt":"2025-10-22T01:44:16","slug":"en-italie-une-villa-moderniste-a-la-maniere-de-frank-lloyd-wright","status":"publish","type":"post","link":"https:\/\/www.europesays.com\/fr\/480882\/","title":{"rendered":"En Italie, une villa moderniste \u00e0 la mani\u00e8re de Frank Lloyd Wright"},"content":{"rendered":"<p>Aujourd\u2019hui, la villa conna\u00eet une nouvelle \u00e8re. Son emplacement, entre Grottaferrata et Frascati, permet \u00e0 ses propri\u00e9taires \u2013 Daniele, cadre d\u2019une multinationale technologique, et Sara, directrice g\u00e9n\u00e9rale d\u2019un cabinet de conseil, ainsi que leurs trois filles, Fiamma, Sole et Celeste \u2013 de profiter d\u2019un mode de vie en harmonie avec la <a href=\"https:\/\/www.admagazine.fr\/article\/maison-miroir-beton-ondule-nature\" target=\"_blank\" rel=\"noopener\">nature<\/a>, sans renoncer \u00e0 la proximit\u00e9 de la ville. \u00ab Le projet est n\u00e9 d\u2019un dialogue constant entre l\u2019architecture et le paysage \u00bb, expliquent les architectes. \u00ab Nous avons respect\u00e9 et r\u00e9interpr\u00e9t\u00e9 les signes historiques et mat\u00e9riels du b\u00e2timent d\u2019origine, s\u2019inscrivant ainsi dans une tradition qui, dans les Castelli Romani, allie nature, vill\u00e9giature et m\u00e9moire. \u00bb<\/p>\n<p><img decoding=\"async\" alt=\"Cucina con isola e sgabello\" loading=\"lazy\" class=\"ResponsiveImageContainer-eNxvmU cfBbTk responsive-image__image\"   src=\"https:\/\/www.europesays.com\/fr\/wp-content\/uploads\/2025\/10\/11_STUDIOTAMAT_Villa%20ai%20Castelli%20Romani%20%C2%A9Peter%20Molloy%20(1).jpg\"\/><\/p>\n<p>La cuisine, con\u00e7ue sur mesure, est domin\u00e9e par un grand \u00eelot central en travertin rouge persan et s\u2019ouvre sur le salon, s\u00e9par\u00e9e par une porte vitr\u00e9e.<\/p>\n<p>\u00a9Peter Molloy<\/p>\n<p>Les mat\u00e9riaux authentiques tels que la pierre, les briques apparentes, le bois et le <a href=\"https:\/\/www.admagazine.fr\/article\/escaliers-beton-modeles-interieur-caractere\" target=\"_blank\" rel=\"noopener\">b\u00e9ton<\/a> ont \u00e9t\u00e9 conserv\u00e9s et r\u00e9interpr\u00e9t\u00e9s \u00e0 travers des combinaisons qui mettent en valeur la lumi\u00e8re naturelle. \u00ab Lors de la r\u00e9novation, nous avons choisi de conserver les \u00e9l\u00e9ments architecturaux d\u2019origine, qui ont \u00e9galement inspir\u00e9 le design de certains meubles \u00bb, explique Matteo Soddu, cofondateur de STUDIOTAMAT. \u00ab Je pense, par exemple, aux baies vitr\u00e9es de la cuisine et au bureau de Sara, \u00e0 l\u2019\u00e9tage sup\u00e9rieur, qui ont en commun un motif central en losange qui rappelle les grilles des ann\u00e9es 1950 pr\u00e9sentes dans toute la <a href=\"https:\/\/www.admagazine.fr\/article\/italie-renovation-maison-1-euro\" target=\"_blank\" rel=\"noopener\">maison<\/a>. Ce fut un travail d\u2019\u00e9quilibre : ici, des environnements stimulants et relaxants coexistent en parfaite harmonie. \u00bb<\/p>\n<p>Des espaces harmonieux en dialogue avec les \u00e9l\u00e9ments pr\u00e9existants<\/p>\n<p>D\u00e8s l\u2019entr\u00e9e, on remarque le soin apport\u00e9 par STUDIOTAMAT, qui s\u2019exprime dans une armoire sur mesure recouverte du tissu Viceversa Monet de L\u2019Opificio, avec des bordures en noyer tanganyika, d\u2019une \u00e9l\u00e9gance intemporelle. La porte d\u2019entr\u00e9e d\u2019origine en bois de h\u00eatre, restaur\u00e9e en m\u00eame temps que les fen\u00eatres, conserve \u00e9galement l\u2019identit\u00e9 historique de la demeure, maintenant un lien authentique avec le pass\u00e9. Dans le salon et la salle \u00e0 manger, les <a href=\"https:\/\/www.admagazine.fr\/article\/tendance-couleur-cheminee\" target=\"_blank\" rel=\"noopener\">chemin\u00e9es<\/a>, restaur\u00e9es dans leur splendeur d\u2019origine, s\u2019int\u00e8grent aux murs en pierre, cr\u00e9ant des espaces accueillants, d\u00e9di\u00e9s \u00e0 la convivialit\u00e9 et \u00e0 la d\u00e9tente.<\/p>\n","protected":false},"excerpt":{"rendered":"Aujourd\u2019hui, la villa conna\u00eet une nouvelle \u00e8re. Son emplacement, entre Grottaferrata et Frascati, permet \u00e0 ses propri\u00e9taires \u2013&hellip;\n","protected":false},"author":2,"featured_media":480883,"comment_status":"","ping_status":"","sticky":false,"template":"","format":"standard","meta":{"footnotes":""},"categories":[1358],"tags":[1348,1384,1385,1386,58,59,1011,27,26752,452,3798],"class_list":{"0":"post-480882","1":"post","2":"type-post","3":"status-publish","4":"format-standard","5":"has-post-thumbnail","7":"category-arts-et-design","8":"tag-arts","9":"tag-arts-and-design","10":"tag-arts-et-design","11":"tag-design","12":"tag-divertissement","13":"tag-entertainment","14":"tag-fr","15":"tag-france","16":"tag-frank-lloyd-wright","17":"tag-italie","18":"tag-modernisme"},"share_on_mastodon":{"url":"https:\/\/pubeurope.com\/@fr\/115415290419535992","error":""},"_links":{"self":[{"href":"https:\/\/www.europesays.com\/fr\/wp-json\/wp\/v2\/posts\/480882","targetHints":{"allow":["GET"]}}],"collection":[{"href":"https:\/\/www.europesays.com\/fr\/wp-json\/wp\/v2\/posts"}],"about":[{"href":"https:\/\/www.europesays.com\/fr\/wp-json\/wp\/v2\/types\/post"}],"author":[{"embeddable":true,"href":"https:\/\/www.europesays.com\/fr\/wp-json\/wp\/v2\/users\/2"}],"replies":[{"embeddable":true,"href":"https:\/\/www.europesays.com\/fr\/wp-json\/wp\/v2\/comments?post=480882"}],"version-history":[{"count":0,"href":"https:\/\/www.europesays.com\/fr\/wp-json\/wp\/v2\/posts\/480882\/revisions"}],"wp:featuredmedia":[{"embeddable":true,"href":"https:\/\/www.europesays.com\/fr\/wp-json\/wp\/v2\/media\/480883"}],"wp:attachment":[{"href":"https:\/\/www.europesays.com\/fr\/wp-json\/wp\/v2\/media?parent=480882"}],"wp:term":[{"taxonomy":"category","embeddable":true,"href":"https:\/\/www.europesays.com\/fr\/wp-json\/wp\/v2\/categories?post=480882"},{"taxonomy":"post_tag","embeddable":true,"href":"https:\/\/www.europesays.com\/fr\/wp-json\/wp\/v2\/tags?post=480882"}],"curies":[{"name":"wp","href":"https:\/\/api.w.org\/{rel}","templated":true}]}}