{"id":480884,"date":"2025-10-22T01:45:14","date_gmt":"2025-10-22T01:45:14","guid":{"rendered":"https:\/\/www.europesays.com\/fr\/480884\/"},"modified":"2025-10-22T01:45:14","modified_gmt":"2025-10-22T01:45:14","slug":"golinhac-un-club-de-lecture-ouvert-a-tous","status":"publish","type":"post","link":"https:\/\/www.europesays.com\/fr\/480884\/","title":{"rendered":"Golinhac. Un club de lecture ouvert \u00e0 tous"},"content":{"rendered":"<p>Un club de lecture vient de voir le jour \u00e0 Golinhac. La premi\u00e8re rencontre autour de six personnes a permis de mettre en place les souhaits de chacun. Le club se veut interg\u00e9n\u00e9rationnel, ouvert \u00e0 tous et aux villages voisins. C\u2019est un moment pour permettre \u00e0 chacun de s\u2019ouvrir sur des titres ou de genres qui sortent des habitudes personnelles. De faire aussi partager des livres coup de c\u0153ur qu\u2019il soit romans, mangas, BD, po\u00e9sies. Lire et en parler en toute convivialit\u00e9 ce qui permettra de donner ses impressions de lecture.<\/p>\n<p>Les rencontres auront lieu une fois par mois, \u00e0 l\u2019Auberge Horizon. La prochaine date est pr\u00e9vue le vendredi 7 novembre, \u00e0 18 heures. Pour tous renseignements, contacter Malali au 06 85 81 07 45.<\/p>\n","protected":false},"excerpt":{"rendered":"Un club de lecture vient de voir le jour \u00e0 Golinhac. La premi\u00e8re rencontre autour de six personnes&hellip;\n","protected":false},"author":2,"featured_media":480885,"comment_status":"","ping_status":"","sticky":false,"template":"","format":"standard","meta":{"footnotes":""},"categories":[1357],"tags":[1379,58,59,1011,27,1380],"class_list":{"0":"post-480884","1":"post","2":"type-post","3":"status-publish","4":"format-standard","5":"has-post-thumbnail","7":"category-livres","8":"tag-books","9":"tag-divertissement","10":"tag-entertainment","11":"tag-fr","12":"tag-france","13":"tag-livres"},"share_on_mastodon":{"url":"https:\/\/pubeurope.com\/@fr\/115415293920327337","error":""},"_links":{"self":[{"href":"https:\/\/www.europesays.com\/fr\/wp-json\/wp\/v2\/posts\/480884","targetHints":{"allow":["GET"]}}],"collection":[{"href":"https:\/\/www.europesays.com\/fr\/wp-json\/wp\/v2\/posts"}],"about":[{"href":"https:\/\/www.europesays.com\/fr\/wp-json\/wp\/v2\/types\/post"}],"author":[{"embeddable":true,"href":"https:\/\/www.europesays.com\/fr\/wp-json\/wp\/v2\/users\/2"}],"replies":[{"embeddable":true,"href":"https:\/\/www.europesays.com\/fr\/wp-json\/wp\/v2\/comments?post=480884"}],"version-history":[{"count":0,"href":"https:\/\/www.europesays.com\/fr\/wp-json\/wp\/v2\/posts\/480884\/revisions"}],"wp:featuredmedia":[{"embeddable":true,"href":"https:\/\/www.europesays.com\/fr\/wp-json\/wp\/v2\/media\/480885"}],"wp:attachment":[{"href":"https:\/\/www.europesays.com\/fr\/wp-json\/wp\/v2\/media?parent=480884"}],"wp:term":[{"taxonomy":"category","embeddable":true,"href":"https:\/\/www.europesays.com\/fr\/wp-json\/wp\/v2\/categories?post=480884"},{"taxonomy":"post_tag","embeddable":true,"href":"https:\/\/www.europesays.com\/fr\/wp-json\/wp\/v2\/tags?post=480884"}],"curies":[{"name":"wp","href":"https:\/\/api.w.org\/{rel}","templated":true}]}}