{"id":480886,"date":"2025-10-22T01:46:16","date_gmt":"2025-10-22T01:46:16","guid":{"rendered":"https:\/\/www.europesays.com\/fr\/480886\/"},"modified":"2025-10-22T01:46:16","modified_gmt":"2025-10-22T01:46:16","slug":"qui-sont-les-premiers-artistes-invites-pour-le-prime-du-samedi-25-octobre-de-la-star-academy","status":"publish","type":"post","link":"https:\/\/www.europesays.com\/fr\/480886\/","title":{"rendered":"Qui sont les premiers artistes invit\u00e9s pour le prime du samedi 25 octobre de la \u00abStar Academy\u00bb ?"},"content":{"rendered":"<p>    Les \u00e9l\u00e8ves de la promo 2025 en direct sur TF1.<br \/>\n                LAURENT VU \/ LAURENT VU<\/p>\n<p>\n    Apr\u00e8s une semaine au ch\u00e2teau de Dammarie-l\u00e8s-Lys, les 17 acad\u00e9miciens se produiront sur la sc\u00e8ne du studio 217 et partageront, pour la premi\u00e8re fois, des duos avec des chanteurs confirm\u00e9s.<\/p>\n<p class=\"fig-paragraph\">La saison 13 du programme de chant de TF1 est officiellement lanc\u00e9e. Depuis samedi 18 octobre, les 17 nouveaux \u00e9l\u00e8ves de la\u00a0<a href=\"https:\/\/www.lefigaro.fr\/tag\/star-academy\" target=\"_blank\" rel=\"sponsored noopener\" data-gtm-custom-categorie=\"navigation\" data-gtm-custom-action=\"crossclick\" data-gtm-custom-label=\"Contextuel\" data-gtm-event=\"customEventSPE\"><strong>\u00abStar Academy\u00bb<\/strong><\/a> \u00a0ont pris leurs quartiers\u00a0<a href=\"http:\/\/tvmag.lefigaro.fr\/programme-tv\/actu-tele\/star-academy-visite-guidee-du-chateau-piece-par-piece-y-compris-les-toilettes-taguees-par-les-anciens-20251014\" target=\"_blank\" data-fig-type=\"Article\" rel=\"noopener\" data-gtm-custom-categorie=\"navigation\" data-gtm-custom-action=\"crossclick\" data-gtm-custom-label=\"Contextuel\" data-gtm-event=\"customEventSPE\" data-fig-domain=\"TVMAG\">au ch\u00e2teau des Vives-Eaux<\/a>\u00a0situ\u00e9 \u00e0 Dammarie-l\u00e8s-Lys. Et leur programme commence sur les chapeaux de roues. Apr\u00e8s le traditionnel debrief de prime avec\u00a0<a href=\"http:\/\/tvmag.lefigaro.fr\/programme-tv\/tele-realite\/allez-conspirer-ailleurs-la-mise-en-garde-de-marlene-schaff-avant-le-retour-de-star-academy-20251001\" target=\"_blank\" data-fig-type=\"Article\" rel=\"noopener\" data-gtm-custom-categorie=\"navigation\" data-gtm-custom-action=\"crossclick\" data-gtm-custom-label=\"Contextuel\" data-gtm-event=\"customEventSPE\" data-fig-domain=\"TVMAG\">Marl\u00e8ne Schaff<\/a>, leur professeur d\u2019expression sc\u00e9nique, les acad\u00e9miciens avaient rendez-vous avec le directeur.<\/p>\n<p class=\"fig-paragraph\">\u00abLe prime sera un prime classique de la \u201cStar Academy\u201d c\u2019est-\u00e0-dire qu\u2019il y aura des invit\u00e9s, des stars qui viendront chanter et donc des duos \u00e0 faire\u00bb, a annonc\u00e9\u00a0<a href=\"http:\/\/tvmag.lefigaro.fr\/programme-tv\/tele-realite\/michael-goldman-star-academy-a-capte-l-air-du-temps-pour-des-raisons-qui-nous-depassent-20251017\" target=\"_blank\" data-fig-type=\"Article\" rel=\"noopener\" data-gtm-custom-categorie=\"navigation\" data-gtm-custom-action=\"crossclick\" data-gtm-custom-label=\"Contextuel\" data-gtm-event=\"customEventSPE\" data-fig-domain=\"TVMAG\">Michael Goldman<\/a>\u00a0dimanche apr\u00e8s-midi. Mais avant de r\u00e9partir les titres aux \u00e9l\u00e8ves, un passage oblig\u00e9 les attendait\u00a0: les \u00e9valuations, sur le th\u00e8me \u00abLibre\u00bb. \u00abOn a envie que vous veniez nous parler de vous. C\u2019est ce qu\u2019on appelle commun\u00e9ment \u00e0 la \u201cStar Academy\u201d, l\u2019histoire personnelle. Sachez que ce ne sont pas les histoires qu\u2019on juge. il faut que ce soit des outils pour toucher nos c\u0153urs\u00bb, a-t-il pr\u00e9cis\u00e9.<\/p>\n<p class=\"fig-body-link\">\n            \u00c0 lire aussi<br \/>\n        <a class=\"fig-body-link__link fig-premium-mark\" href=\"http:\/\/tvmag.lefigaro.fr\/programme-tv\/tele-realite\/victor-ambre-et-sarah-au-top-ema-et-lenny-en-difficulte-notre-carnet-de-notes-du-lancement-de-star-academy-20251020\" target=\"_blank\" data-fig-type=\"Article\" rel=\"noopener\" data-gtm-custom-categorie=\"navigation\" data-gtm-custom-action=\"crossclick\" data-gtm-custom-label=\"Contextuel\" data-gtm-event=\"customEventSPE\" data-fig-domain=\"TVMAG\">Victor, Ambre et Sarah au top, Ema et Lenny en difficult\u00e9\u00a0: notre carnet de notes du lancement de \u00abStar Academy\u00bb<br \/>\n    <\/a>\n<\/p>\n<p>                                    <a class=\"fig-a11y-skip a11y-hidden\" href=\"#fig-a11y-skip-main-inarticle\"><br \/>\n        Passer la publicit\u00e9<br \/>\n    <\/a><\/p>\n<p class=\"fig-paragraph\">En raison du nombre d\u2019\u00e9l\u00e8ves, 17, cette ann\u00e9e, les \u00e9valuations se sont d\u00e9roul\u00e9es en deux groupes sur deux jours. D\u00e8s lundi matin, une s\u00e9rie de 9 \u00e9l\u00e8ves avaient rendez-vous dans la salle de danse face \u00e0 leur brochette de professeurs. Les huit suivants sont pass\u00e9s devant leur \u0153il avis\u00e9 ce mardi 21 octobre dans la matin\u00e9e.<\/p>\n<p class=\"fig-paragraph\">Le duo de r\u00e9p\u00e9titrices, Fanny Delaigue et\u00a0<a href=\"http:\/\/tvmag.lefigaro.fr\/programme-tv\/people\/je-me-ferai-discrete-dorenavant-lucie-bernardoni-annonce-son-divorce-avec-un-ancien-de-la-star-academy-20231209\" target=\"_blank\" data-fig-type=\"Article\" rel=\"noopener\" data-gtm-custom-categorie=\"navigation\" data-gtm-custom-action=\"crossclick\" data-gtm-custom-label=\"Contextuel\" data-gtm-event=\"customEventSPE\" data-fig-domain=\"TVMAG\">Lucie Bernardoni<\/a>, est aussi arriv\u00e9 au ch\u00e2teau pour annoncer les premiers artistes \u00e0 se rendre sur le plateau du studio 217 ce samedi 25 octobre. Au programme, le groupe Kyo sera attendu tout comme la chanteuse Amel Bent r\u00e9v\u00e9l\u00e9e en 2004 lors de sa participation \u00e0 l\u2019\u00e9mission \u00abNouvelle Star\u00bb. Le groupe de folk fran\u00e7ais Lily Wood and the Prick, connu du grand public par leur titre Prayer in C, partagera \u00e9galement un titre avec l\u2019un des 17 \u00e9l\u00e8ves. Pour la premi\u00e8re fois dans l\u2019histoire de l\u2019\u00e9mission,\u00a0<a href=\"http:\/\/www.lefigaro.fr\/musique\/benjamin-biolay-il-ne-faut-pas-etre-dans-l-autocelebration-20251015\" target=\"_blank\" data-fig-type=\"Article\" rel=\"noopener\" data-gtm-custom-categorie=\"navigation\" data-gtm-custom-action=\"crossclick\" data-gtm-custom-label=\"Contextuel\" data-gtm-event=\"customEventSPE\" data-fig-domain=\"LEFIGARO\">Benjamin Biolay<\/a>\u00a0&#8211; ayant sorti le 17 octobre son dernier album intitul\u00e9 le Disque bleu &#8211; proposera \u00e9galement d\u2019associer sa voix \u00e0 celle d\u2019un acad\u00e9micien. Enfin, la chanteuse Luiza qui s\u2019est impos\u00e9e comme la nouvelle sensation pop durant l\u2019\u00e9t\u00e9 avec son titre Soleil bleu performera \u00e9galement ce samedi.<\/p>\n","protected":false},"excerpt":{"rendered":"Les \u00e9l\u00e8ves de la promo 2025 en direct sur TF1. LAURENT VU \/ LAURENT VU Apr\u00e8s une semaine&hellip;\n","protected":false},"author":2,"featured_media":480887,"comment_status":"","ping_status":"","sticky":false,"template":"","format":"standard","meta":{"footnotes":""},"categories":[1356],"tags":[58,59,1011,27,5095,252,199,1364],"class_list":{"0":"post-480886","1":"post","2":"type-post","3":"status-publish","4":"format-standard","5":"has-post-thumbnail","7":"category-television","8":"tag-divertissement","9":"tag-entertainment","10":"tag-fr","11":"tag-france","12":"tag-star-academy","13":"tag-television","14":"tag-tf1","15":"tag-tv"},"share_on_mastodon":{"url":"https:\/\/pubeurope.com\/@fr\/115415297916522242","error":""},"_links":{"self":[{"href":"https:\/\/www.europesays.com\/fr\/wp-json\/wp\/v2\/posts\/480886","targetHints":{"allow":["GET"]}}],"collection":[{"href":"https:\/\/www.europesays.com\/fr\/wp-json\/wp\/v2\/posts"}],"about":[{"href":"https:\/\/www.europesays.com\/fr\/wp-json\/wp\/v2\/types\/post"}],"author":[{"embeddable":true,"href":"https:\/\/www.europesays.com\/fr\/wp-json\/wp\/v2\/users\/2"}],"replies":[{"embeddable":true,"href":"https:\/\/www.europesays.com\/fr\/wp-json\/wp\/v2\/comments?post=480886"}],"version-history":[{"count":0,"href":"https:\/\/www.europesays.com\/fr\/wp-json\/wp\/v2\/posts\/480886\/revisions"}],"wp:featuredmedia":[{"embeddable":true,"href":"https:\/\/www.europesays.com\/fr\/wp-json\/wp\/v2\/media\/480887"}],"wp:attachment":[{"href":"https:\/\/www.europesays.com\/fr\/wp-json\/wp\/v2\/media?parent=480886"}],"wp:term":[{"taxonomy":"category","embeddable":true,"href":"https:\/\/www.europesays.com\/fr\/wp-json\/wp\/v2\/categories?post=480886"},{"taxonomy":"post_tag","embeddable":true,"href":"https:\/\/www.europesays.com\/fr\/wp-json\/wp\/v2\/tags?post=480886"}],"curies":[{"name":"wp","href":"https:\/\/api.w.org\/{rel}","templated":true}]}}