{"id":480902,"date":"2025-10-22T01:54:15","date_gmt":"2025-10-22T01:54:15","guid":{"rendered":"https:\/\/www.europesays.com\/fr\/480902\/"},"modified":"2025-10-22T01:54:15","modified_gmt":"2025-10-22T01:54:15","slug":"le-moustique-est-arrive-en-islande-et-cest-une-mauvaise-nouvelle-pour-les-habitants","status":"publish","type":"post","link":"https:\/\/www.europesays.com\/fr\/480902\/","title":{"rendered":"Le moustique est arriv\u00e9 en Islande, et c\u2019est une mauvaise nouvelle pour les habitants"},"content":{"rendered":"<p>        <img decoding=\"async\" loading=\"lazy\" src=\"https:\/\/www.europesays.com\/fr\/wp-content\/uploads\/2025\/10\/5c6fcff_upload-1-ur2a1akvszpi-afp-20230607-2554594-v1-midres-bandedmosquitoculisetaannulatawintering.jpeg\"  width=\"728\" height=\"410\" alt=\"Pour la premi\u00e8re fois, des moustiques ont \u00e9t\u00e9 d\u00e9couverts en Islande, a d\u00e9clar\u00e9 un chercheur lundi 20\u00a0octobre.\"\/>  <\/p>\n<p>STEPHANE VITZTHUM \/ Biosphoto via AFP<\/p>\n<p>Pour la premi\u00e8re fois, des moustiques ont \u00e9t\u00e9 d\u00e9couverts en Islande, a d\u00e9clar\u00e9 un chercheur lundi 20\u00a0octobre.<\/p>\n<p class=\"asset asset-text\">BIODIVERSIT\u00c9 &#8211; C\u2019\u00e9tait l\u2019un des rares endroits au monde o\u00f9 ils n\u2019\u00e9taient pas pr\u00e9sents. Pour la premi\u00e8re fois, des <a href=\"https:\/\/www.huffingtonpost.fr\/life\/video\/moustiquaire-ou-citronnelle-comment-se-proteger-vraiment-des-moustiques_253157.html\" rel=\"nofollow noopener\" target=\"_blank\">moustiques<\/a> ont \u00e9t\u00e9 d\u00e9couverts en Islande, a annonc\u00e9 lundi 20\u00a0octobre un chercheur \u00e0 l\u2019AFP.<\/p>\n<p class=\"asset asset-text\">Trois <a href=\"https:\/\/www.huffingtonpost.fr\/politique\/article\/canicule-chikungunya-le-ministre-de-la-sante-veut-mieux-communiquer-en-vue-de-l-ete_251439.html\" rel=\"nofollow noopener\" target=\"_blank\">moustiques<\/a>, deux femelles et un m\u00e2le, ont \u00e9t\u00e9 d\u00e9couverts \u00e0 une trentaine de km au nord de la capitale Reykjavik, a d\u00e9clar\u00e9 Matthias Alfredsson, entomologiste \u00e0 l\u2019Institut des Sciences naturelles d\u2019Islande.<\/p>\n<p class=\"asset asset-text\">Les insectes ont \u00e9t\u00e9 recueillis sur des cordes \u00e0 vin destin\u00e9es \u00e0 attirer des papillons de nuit, a-t-il expliqu\u00e9 dans un courriel. Cette m\u00e9thode consiste \u00e0 ajouter du sucre \u00e0 du vin chaud et \u00e0 tremper des cordes ou des bandes de tissu dans le liquide, avant de les suspendre \u00e0 l\u2019ext\u00e9rieur pour attirer les insectes qui aiment le sucr\u00e9. Ils \u00e9taient tous de l\u2019esp\u00e8ce Culiseta annulata (ou Cousin annel\u00e9), a-t-il ajout\u00e9.<\/p>\n<p>    La piste d\u2019une \u00ab\u00a0introduction r\u00e9cente dans le pays\u00a0\u00bb    <\/p>\n<p class=\"asset asset-text\">\u00ab\u00a0C\u2019est la premi\u00e8re observation de moustiques dans l\u2019environnement naturel en Islande. Un seul sp\u00e9cimen (de l\u2019esp\u00e8ce) Aedes nigripes (nom scientifique du moustique arctique) a \u00e9t\u00e9 collect\u00e9 il y a de nombreuses ann\u00e9es dans un avion \u00e0 l\u2019a\u00e9roport de Keflavik\u00a0\u00bb, a pr\u00e9cis\u00e9 Matthias Alfredsson. \u00ab\u00a0Malheureusement, ce sp\u00e9cimen a \u00e9t\u00e9 perdu\u00a0\u00bb.<\/p>\n<p class=\"asset asset-text\">Leur pr\u00e9sence pourrait \u00ab\u00a0indiquer une introduction r\u00e9cente dans le pays, peut-\u00eatre via des navires ou des conteneurs\u00a0\u00bb, selon le chercheur.<\/p>\n<p class=\"asset asset-text\">Les moustiques pourraient potentiellement se r\u00e9pandre sur l\u2019\u00eele, mais un suivi sera n\u00e9cessaire au printemps pour d\u00e9terminer s\u2019ils \u00ab\u00a0se sont r\u00e9ellement \u00e9tablis en Islande\u00a0\u00bb, a-t-il soulign\u00e9.<\/p>\n<p class=\"asset asset-text\">L\u2019Islande \u00e9tait jusqu\u2019\u00e0 pr\u00e9sent, avec l\u2019Antartique, l\u2019un des rares endroits de la plan\u00e8te d\u00e9pourvus de moustiques.<\/p>\n<p>                     Un environnement de plus en plus favorable \u00e0 leur prolif\u00e9ration    <\/p>\n<p class=\"asset asset-text\">Le changement climatique, la hausse des temp\u00e9ratures, des \u00e9t\u00e9s plus longs et des hivers plus doux cr\u00e9ent un environnement favorable \u00e0 leur prolif\u00e9ration.<\/p>\n<p class=\"asset asset-text\">Mais selon Matthias Alfredsson, le r\u00e9chauffement climatique n\u2019explique probablement pas la d\u00e9couverte de ces moustiques en Islande.<\/p>\n<p class=\"asset asset-text\">\u00ab\u00a0Cette esp\u00e8ce de moustique semble \u00eatre bien adapt\u00e9e aux climats plus froids, principalement gr\u00e2ce \u00e0 sa capacit\u00e9 \u00e0 passer l\u2019hiver \u00e0 l\u2019\u00e2ge adulte dans des endroits abrit\u00e9s. Cela leur permet d\u2019affronter de longs hivers rigoureux lorsque les temp\u00e9ratures descendent en dessous de z\u00e9ro\u00a0\u00bb, a expliqu\u00e9 le chercheur.<\/p>\n","protected":false},"excerpt":{"rendered":"STEPHANE VITZTHUM \/ Biosphoto via AFP Pour la premi\u00e8re fois, des moustiques ont \u00e9t\u00e9 d\u00e9couverts en Islande, a&hellip;\n","protected":false},"author":2,"featured_media":480903,"comment_status":"","ping_status":"","sticky":false,"template":"","format":"standard","meta":{"footnotes":""},"categories":[5],"tags":[11,436,1011,27,14,12528,15985,12,28],"class_list":{"0":"post-480902","1":"post","2":"type-post","3":"status-publish","4":"format-standard","5":"has-post-thumbnail","7":"category-international","8":"tag-actualites","9":"tag-environnement","10":"tag-fr","11":"tag-france","12":"tag-international","13":"tag-islande","14":"tag-moustiques","15":"tag-news","16":"tag-world"},"share_on_mastodon":{"url":"https:\/\/pubeurope.com\/@fr\/115415330080007196","error":""},"_links":{"self":[{"href":"https:\/\/www.europesays.com\/fr\/wp-json\/wp\/v2\/posts\/480902","targetHints":{"allow":["GET"]}}],"collection":[{"href":"https:\/\/www.europesays.com\/fr\/wp-json\/wp\/v2\/posts"}],"about":[{"href":"https:\/\/www.europesays.com\/fr\/wp-json\/wp\/v2\/types\/post"}],"author":[{"embeddable":true,"href":"https:\/\/www.europesays.com\/fr\/wp-json\/wp\/v2\/users\/2"}],"replies":[{"embeddable":true,"href":"https:\/\/www.europesays.com\/fr\/wp-json\/wp\/v2\/comments?post=480902"}],"version-history":[{"count":0,"href":"https:\/\/www.europesays.com\/fr\/wp-json\/wp\/v2\/posts\/480902\/revisions"}],"wp:featuredmedia":[{"embeddable":true,"href":"https:\/\/www.europesays.com\/fr\/wp-json\/wp\/v2\/media\/480903"}],"wp:attachment":[{"href":"https:\/\/www.europesays.com\/fr\/wp-json\/wp\/v2\/media?parent=480902"}],"wp:term":[{"taxonomy":"category","embeddable":true,"href":"https:\/\/www.europesays.com\/fr\/wp-json\/wp\/v2\/categories?post=480902"},{"taxonomy":"post_tag","embeddable":true,"href":"https:\/\/www.europesays.com\/fr\/wp-json\/wp\/v2\/tags?post=480902"}],"curies":[{"name":"wp","href":"https:\/\/api.w.org\/{rel}","templated":true}]}}