{"id":480904,"date":"2025-10-22T01:55:10","date_gmt":"2025-10-22T01:55:10","guid":{"rendered":"https:\/\/www.europesays.com\/fr\/480904\/"},"modified":"2025-10-22T01:55:10","modified_gmt":"2025-10-22T01:55:10","slug":"les-agriculteurs-vont-mener-une-action-choc-en-haute-garonne","status":"publish","type":"post","link":"https:\/\/www.europesays.com\/fr\/480904\/","title":{"rendered":"les agriculteurs vont mener une action choc en Haute-Garonne"},"content":{"rendered":"<p>            Par<br \/>\n        <strong><br \/>\n            <a href=\"https:\/\/actu.fr\/auteur\/guillaume-laurens\" title=\"Consulter tous les articles de Guillaume Laurens\" target=\"_blank\" rel=\"noopener\">Guillaume Laurens<\/a><br \/>\n        <\/strong><\/p>\n<p>        Publi\u00e9 le<\/p>\n<p>            21 oct. 2025 \u00e0 18h22        <\/p>\n<p>La col\u00e8re monte \u00e0 nouveau dans le monde agricole. Ce mardi 21 octobre 2025 en soir\u00e9e, des militants de la <strong>Coordination rurale <\/strong><a href=\"https:\/\/www.google.com\/search?q=Haute-Garonne+site%3Aactu.Fr&amp;rlz=1C1GCEA_enFR1140FR1140&amp;oq=Haute-Garonne+site%3Aactu.Fr&amp;gs_lcrp=EgZjaHJvbWUyBggAEEUYOdIBCDIyOTRqMWo3qAIAsAIA&amp;sourceid=chrome&amp;ie=UTF-8\" target=\"_blank\" rel=\"noopener\">Haute-Garonne<\/a> (CR 31) ont en effet pr\u00e9vu une <strong>action choc<\/strong> \u00e0 l\u2019occasion d\u2019une manifestation dans le sud du d\u00e9partement, pour protester (notamment) contre l\u2019attitude des autorit\u00e9s face \u00e0 <a href=\"https:\/\/agriculture.gouv.fr\/dermatose-nodulaire-contagieuse-des-bovins-dnc-point-de-situation-et-foire-aux-questions\" target=\"_blank\" rel=\"noopener\">la <strong>DNC<\/strong> (Dermatose nodulaire contagieuse),<\/a> alors que <strong>la pr\u00e9fecture<\/strong> a annonc\u00e9 ce mardi soir des <strong>premi\u00e8res mesures<\/strong> visant les \u00e9levages. Ce qu\u2019il va se passer.<\/p>\n<p>Manif devant la sous-pr\u00e9fecture<\/p>\n<p class=\" wall-content\">C\u2019est pour r\u00e9pondre, dit-elle, \u00e0<strong> \u00ab\u00a0la crise agricole\u00a0\u00bb<\/strong> et \u00e0<strong> \u00ab\u00a0la col\u00e8re des agriculteurs<\/strong> de la Haute-Garonne\u00a0\u00bb que la Coordination rurale 31 organise ce mardi soir une manifestation devant la sous-pr\u00e9fecture de Saint-Gaudens. Le rendez-vous est fix\u00e9 \u00e0 21h30 sur place.<\/p>\n<p>Une \u00ab\u00a0peur grandissante\u00a0\u00bb de la DNC<\/p>\n<p class=\" wall-content\">S\u2019ils sont \u00ab\u00a0confront\u00e9s \u00e0 des <strong>difficult\u00e9s \u00e9conomiques<\/strong> croissantes\u00a0\u00bb, les exploitants veulent aussi et surtout d\u00e9noncer par cette action \u00ab\u00a0la peur grandissante de la DNC\u00a0\u00bb, une <strong>maladie tr\u00e8s contagieuse<\/strong> qui touche les bovins,<a href=\"https:\/\/actu.fr\/occitanie\/perpignan_66136\/trois-foyers-de-dermatose-nodulaire-contagieuse-dans-les-pyrenees-orientales-les-vaches-vont-etre-abattues_63306072.html\" target=\"_blank\" rel=\"noopener\"> et qui s\u00e9vit d\u00e9j\u00e0 dans la r\u00e9gion, particuli\u00e8rement dans les Pyr\u00e9n\u00e9es-Orientales<\/a>. Une maladie \u00ab\u00a0qui approche petit \u00e0 petit, accentuant<strong> le climat d\u2019inqui\u00e9tude<\/strong> dans le d\u00e9partement\u00a0\u00bb, avance la Coordination rurale de la Haute-Garonne, selon laquelle \u00ab\u00a0la mobilisation vise \u00e0 <strong>alerter les pouvoirs publics<\/strong> et \u00e0 demander des mesures de soutien imm\u00e9diates\u00a0\u00bb.<\/p>\n<p>C&rsquo;est quoi la DNC ?<\/p>\n<p>La dermatose nodulaire contagieuse bovine (DNC) est une maladie animale virale non transmissible \u00e0 l\u2019\u00eatre humain, ni par contact avec des bovins infect\u00e9s, ni par l\u2019alimentation de produits issus de ces animaux (viande, lait, fromage), ni par piq\u00fbres d\u2019insectes. Elle se propage par les mouvements d\u2019animaux infect\u00e9s ou via des insectes \u00ab vecteurs \u00bb (taons et mouches piqueuses \/ stomoxes).<br \/>Les animaux contamin\u00e9s peuvent contracter les sympt\u00f4mes suivants : fi\u00e8vre pouvant atteindre 41\u00b0C, anorexie, chute de lactation, hypertrophie des ganglions lymphatiques, nodules sur la peau, les muqueuses et les membranes&#8230; La mortalit\u00e9 peut atteindre 10 % du troupeau.<\/p>\n<p>Des \u00ab\u00a0premi\u00e8res mesures\u00a0\u00bb annonc\u00e9es en Haute-Garonne<\/p>\n<p class=\" wall-content\">Alors qu\u2019\u00e0 ce jour, <strong>\u00ab\u00a0aucun foyer<\/strong> n\u2019est recens\u00e9 dans le d\u00e9partement\u00a0\u00bb, la pr\u00e9fecture vient d\u2019annoncer, ce mardi soir, un \u00ab\u00a0d\u00e9ploiement des <strong>mesures<\/strong> nationales de\u00a0<strong>restriction<\/strong> en Haute-Garonne\u00a0\u00bb face \u00e0 la DNC. Consid\u00e9rant que la \u00ab\u00a0strat\u00e9gie sanitaire de lutte\u00a0\u00bb contre la maladie \u00ab\u00a0a permis d\u2019\u00e9viter la propagation de foyers \u00e9pid\u00e9miques durant le mois de septembre\u00a0\u00bb, elle constate que malgr\u00e9 cela, \u00ab\u00a0plusieurs foyers ponctuels sont apparus, notamment en Occitanie\u00a0\u00bb.<\/p>\n<p>Vid\u00e9os : en ce moment sur Actu<\/p>\n<p class=\" wall-content\">Indiquant avoir men\u00e9 \u00ab\u00a0des contr\u00f4les des flux\u00a0\u00bb dans le d\u00e9partement \u00ab\u00a0d\u00e8s le week-end dernier\u00a0\u00bb, la pr\u00e9fecture relaie ainsi les mesures mises en \u0153uvre par la ministre de l\u2019Agriculture <strong>Annie Genevard<\/strong> \u00ab\u00a0afin de freiner la circulation de cette maladie\u00a0\u00bb. Au programme, en Haute-Garonne ? \u00ab\u00a0Interdiction de tout <strong>rassemblement festif<\/strong> (concours, foires, salons, etc.) de bovins\u00a0\u00bb, mais aussi \u00ab\u00a0interdiction des <strong>march\u00e9s de bovins<\/strong> destin\u00e9s \u00e0 l\u2019\u00e9levage\u00a0\u00bb. Le minist\u00e8re avait aussi d\u00e9cr\u00e9t\u00e9 \u00ab\u00a0l\u2019interdiction de toute sortie de bovins du territoire m\u00e9tropolitain pour \u00e9viter la diffusion du virus hors de France\u00a0\u00bb.<\/p>\n<p class=\" wall-content\">Tant de mesures qui resteront en vigueur jusqu\u2019au <strong>4 novembre 2025<\/strong>, \u00ab\u00a0si la situation sanitaire en permet la lev\u00e9e\u00a0\u00bb, annonce la pr\u00e9fecture, qui pr\u00e9vient qu\u2019un non-respect entra\u00eenera \u00ab\u00a0des <strong>sanctions\u00a0\u00bb,<\/strong> notamment \u00ab\u00a0des <strong>amendes\u00a0\u00bb.<\/strong><\/p>\n<p>Votre r\u00e9gion, votre actu !<\/p>\n<p>Recevez chaque jour les infos qui comptent pour vous.<\/p>\n<p>\t<a href=\"https:\/\/actu.fr\/newsletter\" class=\"ac-btn ac-btn--corner ac-btn--medium ac-btn--blue800\" target=\"_blank\" rel=\"noopener\">S&rsquo;incrire<\/a><br \/>\nLa \u00ab\u00a0trouille ph\u00e9nom\u00e9nale\u00a0\u00bb du pr\u00e9sident de la CR31<\/p>\n<p class=\" wall-content\">Des mesures qui ne risquent pas de rassurer la Coordination agricole\u2026 \u00ab\u00a0On a <strong>une trouille ph\u00e9nom\u00e9nale<\/strong> de l\u2019avenir\u00a0\u00bb, t\u00e9moigne de son c\u00f4t\u00e9 <strong>Maxime Raud<\/strong>, pr\u00e9sident du syndicat en Haute-Garonne, lui-m\u00eame \u00e9leveur de veaux sous la m\u00e8re \u00e0 <strong><a href=\"https:\/\/actu.fr\/occitanie\/herran_31236\" target=\"_blank\" rel=\"noopener\">Herran<\/a><\/strong>, dans le Comminges. \u00ab\u00a0On va donc <strong>vider quelques bennes<\/strong> suite aux d\u00e9cisions prises pour la DNC\u00a0\u00bb, face \u00e0 laquelle l\u2019\u00c9tat pr\u00e9conise <strong>\u00ab\u00a0un abattage total\u00a0\u00bb<\/strong> des troupeaux de bovins concern\u00e9s, afin d\u2019\u00e9radiquer la maladie.<\/p>\n<p class=\" wall-content\">Une d\u00e9cision qui fait d\u00e9border un vase plein depuis belle lurette pour ces \u00e9leveurs, d\u00e9j\u00e0 en proie \u00e0 \u00ab\u00a0un <strong>rendement<\/strong> au <strong>ras des p\u00e2querettes\u00a0\u00bb.<\/strong><\/p>\n<p>Trois bennes pr\u00eates \u00eatre d\u00e9vers\u00e9es<\/p>\n<p class=\" wall-content\">Une <strong>vingtaine d\u2019agriculteurs<\/strong> se dit pr\u00eate \u00e0 d\u00e9barquer ce samedi soir \u00e0 Saint-Gaudens, avec <strong>\u00ab\u00a0trois bennes\u00a0\u00bb<\/strong> pleines de \u00ab\u00a0vieil ensilage et des balles de foins pourries\u00a0\u00bb. En l\u2019absence <a href=\"https:\/\/actu.fr\/occitanie\/saint-gaudens_31483\/haute-garonne-cette-usine-emblematique-stoppe-sa-production-et-met-90-de-ses-employes-au-chomage-partiel_63323773.html\" target=\"_blank\" rel=\"noopener\">des fum\u00e9es blanches de l\u2019usine Fibre Excellence, dont la production s\u2019est momentan\u00e9ment arr\u00eat\u00e9e<\/a> \u00e0 Saint-Gaudens, de quoi <strong>flotter dans l\u2019air<\/strong> de la capitale du Comminges ce mardi soir\u2026<\/p>\n<p class=\" wall-content\">Personnalisez votre actualit\u00e9 en ajoutant vos villes et m\u00e9dias en favori avec <a href=\"https:\/\/moncompte.actu.fr\" title=\"D\u00e9couvez Mon Actu\" rel=\"nofollow noopener\" data-trk=\"{&quot;cta&quot;:{&quot;action&quot;:&quot;https:\\\/\\\/moncompte.actu.fr&quot;,&quot;category&quot;:&quot;mon compte&quot;,&quot;from&quot;:&quot;article footer&quot;,&quot;name&quot;:&quot;Mon actu&quot;,&quot;type&quot;:&quot;cta&quot;}}\" target=\"_blank\">Mon Actu<\/a>.<\/p>\n","protected":false},"excerpt":{"rendered":"Par Guillaume Laurens Publi\u00e9 le 21 oct. 2025 \u00e0 18h22 La col\u00e8re monte \u00e0 nouveau dans le monde&hellip;\n","protected":false},"author":2,"featured_media":480905,"comment_status":"","ping_status":"","sticky":false,"template":"","format":"standard","meta":{"footnotes":""},"categories":[4],"tags":[11,327,26141,1011,27,1272,12,25,104],"class_list":{"0":"post-480904","1":"post","2":"type-post","3":"status-publish","4":"format-standard","5":"has-post-thumbnail","7":"category-france","8":"tag-actualites","9":"tag-agriculture","10":"tag-coordination-rurale","11":"tag-fr","12":"tag-france","13":"tag-manifestations","14":"tag-news","15":"tag-republique-francaise","16":"tag-societe"},"share_on_mastodon":{"url":"https:\/\/pubeurope.com\/@fr\/115415333219767594","error":""},"_links":{"self":[{"href":"https:\/\/www.europesays.com\/fr\/wp-json\/wp\/v2\/posts\/480904","targetHints":{"allow":["GET"]}}],"collection":[{"href":"https:\/\/www.europesays.com\/fr\/wp-json\/wp\/v2\/posts"}],"about":[{"href":"https:\/\/www.europesays.com\/fr\/wp-json\/wp\/v2\/types\/post"}],"author":[{"embeddable":true,"href":"https:\/\/www.europesays.com\/fr\/wp-json\/wp\/v2\/users\/2"}],"replies":[{"embeddable":true,"href":"https:\/\/www.europesays.com\/fr\/wp-json\/wp\/v2\/comments?post=480904"}],"version-history":[{"count":0,"href":"https:\/\/www.europesays.com\/fr\/wp-json\/wp\/v2\/posts\/480904\/revisions"}],"wp:featuredmedia":[{"embeddable":true,"href":"https:\/\/www.europesays.com\/fr\/wp-json\/wp\/v2\/media\/480905"}],"wp:attachment":[{"href":"https:\/\/www.europesays.com\/fr\/wp-json\/wp\/v2\/media?parent=480904"}],"wp:term":[{"taxonomy":"category","embeddable":true,"href":"https:\/\/www.europesays.com\/fr\/wp-json\/wp\/v2\/categories?post=480904"},{"taxonomy":"post_tag","embeddable":true,"href":"https:\/\/www.europesays.com\/fr\/wp-json\/wp\/v2\/tags?post=480904"}],"curies":[{"name":"wp","href":"https:\/\/api.w.org\/{rel}","templated":true}]}}