{"id":480908,"date":"2025-10-22T01:57:52","date_gmt":"2025-10-22T01:57:52","guid":{"rendered":"https:\/\/www.europesays.com\/fr\/480908\/"},"modified":"2025-10-22T01:57:52","modified_gmt":"2025-10-22T01:57:52","slug":"une-maison-de-90m%c2%b2-prend-feu","status":"publish","type":"post","link":"https:\/\/www.europesays.com\/fr\/480908\/","title":{"rendered":"une maison de 90m\u00b2 prend feu"},"content":{"rendered":"\n<p>Ce dimanche 19 octobre, aux alentours de 18h40, les pompiers sont intervenus pour un feu d&rsquo;habitation dans la rue Pierre et Marie Curie. C\u2019est une maison mitoyenne de 90m\u00b2, sur deux niveaux, qui a pris feu. Gr\u00e2ce aux soldats du feu, les habitations voisines ont pu \u00eatre pr\u00e9serv\u00e9es tout comme la toiture de la maison touch\u00e9e par les flammes.<br \/>Quant aux occupants qui ont pu sortir indemnes, ils ont \u00e9t\u00e9 relog\u00e9s par de la famille.<\/p>\n","protected":false},"excerpt":{"rendered":"Ce dimanche 19 octobre, aux alentours de 18h40, les pompiers sont intervenus pour un feu d&rsquo;habitation dans la&hellip;\n","protected":false},"author":2,"featured_media":394990,"comment_status":"","ping_status":"","sticky":false,"template":"","format":"standard","meta":{"footnotes":""},"categories":[9653],"tags":[1111,11,2430,1777,674,1011,27,1310,54293,3367,12,1311,25,4001],"class_list":{"0":"post-480908","1":"post","2":"type-post","3":"status-publish","4":"format-standard","5":"has-post-thumbnail","7":"category-saint-etienne","8":"tag-actu","9":"tag-actualites","10":"tag-auvergne-rhone-alpes","11":"tag-eu","12":"tag-europe","13":"tag-fr","14":"tag-france","15":"tag-incendie","16":"tag-la_ricamarie","17":"tag-loire","18":"tag-news","19":"tag-pompiers","20":"tag-republique-francaise","21":"tag-saint-etienne"},"share_on_mastodon":{"url":"https:\/\/pubeurope.com\/@fr\/115415344975865729","error":""},"_links":{"self":[{"href":"https:\/\/www.europesays.com\/fr\/wp-json\/wp\/v2\/posts\/480908","targetHints":{"allow":["GET"]}}],"collection":[{"href":"https:\/\/www.europesays.com\/fr\/wp-json\/wp\/v2\/posts"}],"about":[{"href":"https:\/\/www.europesays.com\/fr\/wp-json\/wp\/v2\/types\/post"}],"author":[{"embeddable":true,"href":"https:\/\/www.europesays.com\/fr\/wp-json\/wp\/v2\/users\/2"}],"replies":[{"embeddable":true,"href":"https:\/\/www.europesays.com\/fr\/wp-json\/wp\/v2\/comments?post=480908"}],"version-history":[{"count":0,"href":"https:\/\/www.europesays.com\/fr\/wp-json\/wp\/v2\/posts\/480908\/revisions"}],"wp:featuredmedia":[{"embeddable":true,"href":"https:\/\/www.europesays.com\/fr\/wp-json\/wp\/v2\/media\/394990"}],"wp:attachment":[{"href":"https:\/\/www.europesays.com\/fr\/wp-json\/wp\/v2\/media?parent=480908"}],"wp:term":[{"taxonomy":"category","embeddable":true,"href":"https:\/\/www.europesays.com\/fr\/wp-json\/wp\/v2\/categories?post=480908"},{"taxonomy":"post_tag","embeddable":true,"href":"https:\/\/www.europesays.com\/fr\/wp-json\/wp\/v2\/tags?post=480908"}],"curies":[{"name":"wp","href":"https:\/\/api.w.org\/{rel}","templated":true}]}}