{"id":480917,"date":"2025-10-22T02:04:21","date_gmt":"2025-10-22T02:04:21","guid":{"rendered":"https:\/\/www.europesays.com\/fr\/480917\/"},"modified":"2025-10-22T02:04:21","modified_gmt":"2025-10-22T02:04:21","slug":"toulon-sur-arroux-la-tentative-de-cambriolage-declenche-lalarme-sur-le-portable-du-proprietaire","status":"publish","type":"post","link":"https:\/\/www.europesays.com\/fr\/480917\/","title":{"rendered":"Toulon-sur-Arroux. La tentative de cambriolage d\u00e9clenche l\u2019alarme sur le portable du propri\u00e9taire"},"content":{"rendered":"<p>Dans la nuit de samedi \u00e0 dimanche des individus se sont introduits dans une maison individuelle situ\u00e9e sur la commune de Toulon-sur-Arroux. Le propri\u00e9taire, n\u2019habitant pas en permanence les lieux, a \u00e9t\u00e9 alert\u00e9 par son alarme de portable. Appel qui a \u00e9t\u00e9 imm\u00e9diatement relay\u00e9 \u00e0 la gendarmerie. Rapidement sur les lieux, les gendarmes apr\u00e8s avoir constat\u00e9 l\u2019effraction ont, dans la matin\u00e9e de dimanche, effectu\u00e9 une enqu\u00eate de voisinage.<\/p>\n","protected":false},"excerpt":{"rendered":"Dans la nuit de samedi \u00e0 dimanche des individus se sont introduits dans une maison individuelle situ\u00e9e sur&hellip;\n","protected":false},"author":2,"featured_media":480918,"comment_status":"","ping_status":"","sticky":false,"template":"","format":"standard","meta":{"footnotes":""},"categories":[9619],"tags":[1111,11,12568,1777,674,274,107,1011,27,14000,12,882,25,2310,13999],"class_list":{"0":"post-480917","1":"post","2":"type-post","3":"status-publish","4":"format-standard","5":"has-post-thumbnail","7":"category-toulon","8":"tag-actu","9":"tag-actualites","10":"tag-edition-montceau-les-mines","11":"tag-eu","12":"tag-europe","13":"tag-faits-divers-justice","14":"tag-fil-info","15":"tag-fr","16":"tag-france","17":"tag-montceau-les-mines-bassin","18":"tag-news","19":"tag-provence-alpes-cote-dazur","20":"tag-republique-francaise","21":"tag-toulon","22":"tag-toulon-sur-arroux"},"share_on_mastodon":{"url":"https:\/\/pubeurope.com\/@fr\/115415368464860857","error":""},"_links":{"self":[{"href":"https:\/\/www.europesays.com\/fr\/wp-json\/wp\/v2\/posts\/480917","targetHints":{"allow":["GET"]}}],"collection":[{"href":"https:\/\/www.europesays.com\/fr\/wp-json\/wp\/v2\/posts"}],"about":[{"href":"https:\/\/www.europesays.com\/fr\/wp-json\/wp\/v2\/types\/post"}],"author":[{"embeddable":true,"href":"https:\/\/www.europesays.com\/fr\/wp-json\/wp\/v2\/users\/2"}],"replies":[{"embeddable":true,"href":"https:\/\/www.europesays.com\/fr\/wp-json\/wp\/v2\/comments?post=480917"}],"version-history":[{"count":0,"href":"https:\/\/www.europesays.com\/fr\/wp-json\/wp\/v2\/posts\/480917\/revisions"}],"wp:featuredmedia":[{"embeddable":true,"href":"https:\/\/www.europesays.com\/fr\/wp-json\/wp\/v2\/media\/480918"}],"wp:attachment":[{"href":"https:\/\/www.europesays.com\/fr\/wp-json\/wp\/v2\/media?parent=480917"}],"wp:term":[{"taxonomy":"category","embeddable":true,"href":"https:\/\/www.europesays.com\/fr\/wp-json\/wp\/v2\/categories?post=480917"},{"taxonomy":"post_tag","embeddable":true,"href":"https:\/\/www.europesays.com\/fr\/wp-json\/wp\/v2\/tags?post=480917"}],"curies":[{"name":"wp","href":"https:\/\/api.w.org\/{rel}","templated":true}]}}