{"id":480925,"date":"2025-10-22T02:14:22","date_gmt":"2025-10-22T02:14:22","guid":{"rendered":"https:\/\/www.europesays.com\/fr\/480925\/"},"modified":"2025-10-22T02:14:22","modified_gmt":"2025-10-22T02:14:22","slug":"lessentiel-de-la-11e-journee-federation-francaise-de-football-fff","status":"publish","type":"post","link":"https:\/\/www.europesays.com\/fr\/480925\/","title":{"rendered":"L&rsquo;essentiel de la 11e journ\u00e9e | F\u00e9d\u00e9ration Fran\u00e7aise de Football (FFF)"},"content":{"rendered":"<p>                                                              <img data-twic-src=\"https:\/\/www.europesays.com\/fr\/wp-content\/uploads\/2025\/10\/42caa6b5bf23eda50aa01df4d00c7400.png\" data-credit=\"Pauline CARR\u00c9 \/ APL \/ FFF\" title=\"Pauline CARR\u00c9 \/ APL \/ FFF\" alt=\"Caen-Rouen National 2025-26\" class=\"block\"\/>                                        <\/p>\n<p style=\"font-weight: bold\">Alors que Rouen a partag\u00e9 les points \u00e0 Caen dans le derby breton, Dijon, vainqueur \u00e0 Versailles est d\u00e9sormais deuxi\u00e8me, devant Orl\u00e9ans qui a battu Villefranche. <\/p>\n<p class=\"light\">Apr\u00e8s cinq victoires d\u2019affil\u00e9e sans but encaiss\u00e9, le FC Rouen a c\u00e9d\u00e9 \u00e0 Caen dans le derby breton, mais a sauv\u00e9 un point (1-1). Il a d\u00e9sormais quatre unit\u00e9s d\u2019avance sur un trio compact de poursuivants, car Dijon n\u2019a pas manqu\u00e9 l\u2019occasion de d\u00e9passer Versailles en l\u2019emportant au Camp des Loges (2-0). Orl\u00e9ans en a fait de m\u00eame \u00e0 Villefranche (2-1) dans un match heurt\u00e9 termin\u00e9 \u00e0 dix contre dix. En bas de tableau, bonne op\u00e9ration pour Paris 13 devant Saint-Brieuc (3-0) alors que Bourg-en-Bresse \u00e9tait rejoint au finish par Fleury (2-2), tandis que QRM prenait un point face \u00e0 Sochaux (1-1). C\u2019est la soir\u00e9e des matchs nuls : cinq rencontres sur huit se sont termin\u00e9es sans vainqueur.<\/p>\n<p>\u00a0LES CHIFFRES DE LA JOURN\u00c9E\u00a0<\/p>\n<p><strong>18<\/strong><\/p>\n<p>Buts marqu\u00e9s en huit matches (moyenne 2,3)<\/p>\n<p><strong>3<\/strong><\/p>\n<p>Victoires, dont 2 \u00e0 l&rsquo;ext\u00e9rieur (Dijon, Orl\u00e9ans)<\/p>\n<p><strong>5<\/strong><\/p>\n<p>R\u00e9sultats nuls (record provisoire cette saison)<\/p>\n<p><strong>18<\/strong><\/p>\n<p>Buts inscrits par le FC Rouen, meilleure attaque<\/p>\n<p><strong>6<\/strong><\/p>\n<p>Buts pris par Dijon FCO, meilleure d\u00e9fense<\/p>\n<p>\u00a0LE FAIT DU JOUR\u00a0<br \/>Dijon renverse Versailles (2-0)<\/p>\n<p>Dijon avait un gros coup \u00e0 jouer face \u00e0 Versailles et au quart d\u2019heure de jeu, sur un ballon mal d\u00e9gag\u00e9 par la d\u00e9fense versaillaise, Micka\u00ebl Barreto ouvrait logiquement le score sur une vol\u00e9e du droit \u00e0 l\u2019entr\u00e9e de la surface. C&rsquo;\u00e9tait la quatri\u00e8me fois que Dijon marque dans le premier quart d\u2019heure ! Et c\u2019est encore sur un ballon perdu \u00e0 trente m\u00e8tres par Soumaila Traor\u00e9 qu\u2019Axel Lembezat frappait et marquait en deux temps devant Nathan Yavosky (37e, 0-2). La meilleure d\u00e9fense du National \u00e9tait en grande difficult\u00e9, alors que celle de Dijon tenait le choc, avec un bon Paul Delecroix dans la cage. Et les Bourguignons, toujours invaincus cette saison, faisaient la meilleure op\u00e9ration de la soir\u00e9e, en prenant la deuxi\u00e8me place devant Orl\u00e9ans et Versailles, avec le m\u00eame nombre de points.<\/p>\n<blockquote class=\"twitter-tweet\">\n<p dir=\"ltr\" lang=\"fr\">\u23f1\ufe0f 90+5\u2019 | C\u2019est termin\u00e9 ! Le DFCO s\u2019impose face au dauphin et prend la place de son adversaire du jour ! \ud83d\udd25<\/p>\n<p>Troisi\u00e8me victoire cons\u00e9cutive pour les hommes de Baptiste Ridira, toujours invaincus cette saison \ud83d\udcca<\/p>\n<p>On encha\u00eene d\u00e8s samedi avec un d\u00e9placement en Coupe de France sur\u2026 <a href=\"https:\/\/t.co\/1S5TYq3iDQ\">pic.twitter.com\/1S5TYq3iDQ<\/a><\/p>\n<p>\u2014 Dijon FCO (@DFCO_Officiel) <a href=\"https:\/\/twitter.com\/DFCO_Officiel\/status\/1980716584017768664?ref_src=twsrc%5Etfw\" target=\"_blank\" rel=\"noopener\">October 21, 2025<\/a><\/p><\/blockquote>\n<p>\u00a0LE DERBY DU JOUR\u00a0<br \/>SM Caen et FC Rouen dos \u00e0 dos<\/p>\n<p>Entre un FC Rouen souverain et un Stade Malherbe Caennais qui se cherche, le derby de Normandie \u00e9tait prometteur, devant 17.128 spectateurs \u00e0 Michel d\u2019Ornano (record de la saison). D\u00e8s la 13e, un d\u00e9bordement c\u00f4t\u00e9 droit de Nassim Titebah arrivait au second poteau pour Cl\u00e9ment Bassin qui claquait une vol\u00e9e \u00e0 cinq m\u00e8tres de la cage d\u2019Anthony Mandr\u00e9a (1-0). Dans le dernier quart d\u2019heure de la premi\u00e8re mi-temps, Caen poussait franchement et \u00e9galisait sur un centre de Mohamed Hafid coup\u00e9 au premier poteau par le d\u00e9fenseur par Leandro Morante (44e, 1-1). Apr\u00e8s cinq matchs sans but encaiss\u00e9, le FC Rouen c\u00e9dait enfin. Et en d\u00e9but de deuxi\u00e8me p\u00e9riode, Mustapha Benzia \u00e9tait sanctionn\u00e9 d\u2019un second carton jaune qui valait expulsion : le leader se retrouvait \u00e0 dix. Mais Ivann Botella \u00e9tait lui-m\u00eame exclu \u00e0 trois minutes de la fin sur un tacle offensif pr\u00e8s de la ligne de but rouennaise. 1-1, dix contre dix, rien ne pouvait d\u00e9partager les deux \u00e9quipes normandes mardi soir.\u00a0<\/p>\n<p><img decoding=\"async\" title=\"Pauline CARR\u00c9 APL \/ FFF\" src=\"https:\/\/www.europesays.com\/fr\/wp-content\/uploads\/2025\/10\/8bce9ab6a07c02c1d40c1288b13bbc3f.jpg\" alt=\"\"\/><br \/>Pas de vainqueur dans le derby normand, mais record d&rsquo;affluence de la saison \u00e0 Michel-D&rsquo;Ornano (Photo Pauline CARR\u00c9 \/ APL \/FFF)<\/p>\n<p>\u00a0LE P\u00c9NALTY DU JOUR\u00a0<br \/>K\u00e9vin Farade (Fleury 91)<\/p>\n<p>Fleury faisait partie avant cette journ\u00e9e des quatre \u00e9quipes du National n&rsquo;ayant pas obtenu de p\u00e9nalty jusqu&rsquo;alors cette saison. C&rsquo;est d\u00e9sormais chose faite, et celui transform\u00e9 par K\u00e9vin Farad\u00e9 est pr\u00e9cieux puisqu&rsquo;il permet aux promus de ramener un point de Bourg-en-Bresse, apr\u00e8s avoir \u00e9t\u00e9 men\u00e9s deux fois. Le deuxi\u00e8me but bressan avait \u00e9t\u00e9 \u00e9galement inscrit sur p\u00e9nalty, par Jules Meyer. Le but de Farade, son cinqui\u00e8me de la saison, permet \u00e0 Fleury de rester \u00e0 la neuvi\u00e8me place entre Aubagne et Valenciennes qui se sont \u00e9galement neutralis\u00e9s.<\/p>\n<blockquote class=\"twitter-tweet\">\n<p dir=\"ltr\" lang=\"fr\">K\u00e9vin Farade \u00e9galise sur penalty dans les arr\u00eats de jeu pour le <a href=\"https:\/\/twitter.com\/FCFleury91?ref_src=twsrc%5Etfw\" target=\"_blank\" rel=\"noopener\">@FCFleury91<\/a> ! 2-2<\/p>\n<p>Suivez le match en direct sur notre cha\u00eene YouTube \u00ab\u00a0Championnat National Officiel\u00a0\u00bb !<a href=\"https:\/\/twitter.com\/hashtag\/NationalFFF?src=hash&amp;ref_src=twsrc%5Etfw\" target=\"_blank\" rel=\"noopener\">#NationalFFF<\/a> <a href=\"https:\/\/t.co\/7GzrN0kuFA\">pic.twitter.com\/7GzrN0kuFA<\/a><\/p>\n<p>\u2014 Championnat National (@NationalFFF) <a href=\"https:\/\/twitter.com\/NationalFFF\/status\/1980718673766539348?ref_src=twsrc%5Etfw\" target=\"_blank\" rel=\"noopener\">October 21, 2025<\/a><\/p><\/blockquote>\n<p>\u00a0<\/p>\n<p>\u00a0LES STATISTIQUES APR\u00c8S 11 JOURN\u00c9ES\u00a0<\/p>\n<p><strong>24<\/strong><\/p>\n<p>Victoires en d\u00e9placement<\/p>\n<p><strong>118<\/strong><\/p>\n<p>Buts marqu\u00e9s \u00e0 domicile<\/p>\n<p><strong>89<\/strong><\/p>\n<p>Buts inscrits \u00e0 l&rsquo;ext\u00e9rieur<\/p>\n<p>\u00a0<\/p>\n<p><img decoding=\"async\" title=\"Philippe LE BRECH APL \/ FFF\" src=\"https:\/\/www.europesays.com\/fr\/wp-content\/uploads\/2025\/10\/085c4659097f0a0c2e1c17cd0dbbef41.jpg\" alt=\"\"\/><br \/>Achille Anani (QRM) a inscrit son cinqui\u00e8me but cette saison contre Sochaux. Il rejoint Fahd El Khoumisti et K\u00e9vin Farade en t\u00eate du classement des buteurs (Photo Philippe LE BRECH \/ APL \/ FFF)<\/p>\n<p>\u00a0<\/p>\n<p>La prochaine journ\u00e9e (J12)<\/p>\n<p class=\"light\">&#8211; Vendredi 31 octobre (19h30, en direct sur YouTube National) :<\/p>\n<ul>\n<li class=\"light\">Dijon FCO &#8211; Fleury 91 FC<\/li>\n<li class=\"light\">FC Sochaux-Montb\u00e9liard &#8211; Versailles 78 FC<\/li>\n<li class=\"light\">Valenciennes FC &#8211; Quevilly Rouen M\u00e9tropole<\/li>\n<li class=\"light\">Berrichonne Ch\u00e2teauroux &#8211; SC Aubagne Air Bel<\/li>\n<li class=\"light\">Le Puy F43A &#8211; US Concarneau<\/li>\n<li class=\"light\">Stade Briochin\u00a0&#8211; SM Caen<\/li>\n<li class=\"light\">Paris 13 Atl\u00e9tico\u00a0&#8211; Bourg-en-Bresse P\u00e9ronnas<\/li>\n<\/ul>\n<p>&#8211; Samedi 1er novembre (15h, en direct sur YouTube National) :<\/p>\n<ul>\n<li>FC Rouen &#8211; FC Villefranche Beaujolais<\/li>\n<\/ul>\n<p class=\"light\">Exempt : US Orl\u00e9ans LF<\/p>\n<p>    <script async src=\"https:\/\/platform.twitter.com\/widgets.js\" charset=\"utf-8\"><\/script><\/p>\n","protected":false},"excerpt":{"rendered":"Alors que Rouen a partag\u00e9 les points \u00e0 Caen dans le derby breton, Dijon, vainqueur \u00e0 Versailles est&hellip;\n","protected":false},"author":2,"featured_media":480926,"comment_status":"","ping_status":"","sticky":false,"template":"","format":"standard","meta":{"footnotes":""},"categories":[9587],"tags":[1111,11,1777,674,85,1011,27,12,5161,25,9590],"class_list":{"0":"post-480925","1":"post","2":"type-post","3":"status-publish","4":"format-standard","5":"has-post-thumbnail","7":"category-rouen","8":"tag-actu","9":"tag-actualites","10":"tag-eu","11":"tag-europe","12":"tag-fff","13":"tag-fr","14":"tag-france","15":"tag-news","16":"tag-normandie","17":"tag-republique-francaise","18":"tag-rouen"},"share_on_mastodon":{"url":"https:\/\/pubeurope.com\/@fr\/115415408334525872","error":""},"_links":{"self":[{"href":"https:\/\/www.europesays.com\/fr\/wp-json\/wp\/v2\/posts\/480925","targetHints":{"allow":["GET"]}}],"collection":[{"href":"https:\/\/www.europesays.com\/fr\/wp-json\/wp\/v2\/posts"}],"about":[{"href":"https:\/\/www.europesays.com\/fr\/wp-json\/wp\/v2\/types\/post"}],"author":[{"embeddable":true,"href":"https:\/\/www.europesays.com\/fr\/wp-json\/wp\/v2\/users\/2"}],"replies":[{"embeddable":true,"href":"https:\/\/www.europesays.com\/fr\/wp-json\/wp\/v2\/comments?post=480925"}],"version-history":[{"count":0,"href":"https:\/\/www.europesays.com\/fr\/wp-json\/wp\/v2\/posts\/480925\/revisions"}],"wp:featuredmedia":[{"embeddable":true,"href":"https:\/\/www.europesays.com\/fr\/wp-json\/wp\/v2\/media\/480926"}],"wp:attachment":[{"href":"https:\/\/www.europesays.com\/fr\/wp-json\/wp\/v2\/media?parent=480925"}],"wp:term":[{"taxonomy":"category","embeddable":true,"href":"https:\/\/www.europesays.com\/fr\/wp-json\/wp\/v2\/categories?post=480925"},{"taxonomy":"post_tag","embeddable":true,"href":"https:\/\/www.europesays.com\/fr\/wp-json\/wp\/v2\/tags?post=480925"}],"curies":[{"name":"wp","href":"https:\/\/api.w.org\/{rel}","templated":true}]}}