{"id":480929,"date":"2025-10-22T02:17:18","date_gmt":"2025-10-22T02:17:18","guid":{"rendered":"https:\/\/www.europesays.com\/fr\/480929\/"},"modified":"2025-10-22T02:17:18","modified_gmt":"2025-10-22T02:17:18","slug":"la-cgt-appelle-a-soutenir-un-militant-convoque-au-tribunal-apres-une-plainte-pour-diffamation","status":"publish","type":"post","link":"https:\/\/www.europesays.com\/fr\/480929\/","title":{"rendered":"La CGT appelle \u00e0 soutenir un militant convoqu\u00e9 au tribunal, apr\u00e8s une plainte pour diffamation"},"content":{"rendered":"<p>Plusieurs sections de la CGT appellent \u00e0 soutenir un de leurs militants d\u2019Educ\u2019action 35, convoqu\u00e9 devant le tribunal correctionnel de Rennes le 11\u00a0d\u00e9cembre 2025, \u00e0 la suite d\u2019une plainte pour diffamation d\u00e9pos\u00e9e par\u00a0SOS \u00c9ducation.<\/p>\n<p>Retour au 1er\u00a0f\u00e9vrier 2024, Sophie Audug\u00e9, porte-parole de cette association, proposait une r\u00e9union publique \u00e0 Pac\u00e9 (Ille-et-Vilaine). Th\u00e8me abord\u00e9 lors de cette soir\u00e9e devant une centaine de personnes\u00a0: \u00e9ducation \u00e0 la sexualit\u00e9 \u00e0 l\u2019\u00e9cole\u00a0: de la pr\u00e9vention \u00e0 la sexualisation pr\u00e9coce. Risques et bonnes pratiques. <a href=\"https:\/\/rennes.maville.com\/actu\/actudet_--les-profs-ne-veulent-pas-de-toi-une-conference-sur-la-sexualite-empechee-a-l-ouest-de-rennes-_7-6140176_actu.Htm\" target=\"_self\" rel=\"noopener\">Des manifestants FSU, CGT \u00c9ducation priv\u00e9e et publique, Sud \u00e9ducation et du planning familial avaient alors\u00a0emp\u00each\u00e9 toute prise de parole<\/a>, malgr\u00e9 les tentatives de Sophie Audug\u00e9 pour ouvrir le dialogue. Ce dernier \u00e9tant impossible, le public avait quitt\u00e9 la salle, annulant la conf\u00e9rence.<\/p>\n<p>Un militant convoqu\u00e9 pour diffamation<\/p>\n<p>\u00c0 l\u2019\u00e9poque, les manifestants rappelaient leurs inqui\u00e9tudes sur SOS \u00c9ducation, association faisant <strong>\u00ab\u00a0largement partie du p\u00e9rim\u00e8tre de l\u2019extr\u00eame droite. On sent des pressions dans les \u00e9coles, vers des comportements de plus en plus liberticides par rapport \u00e0 la sexualit\u00e9.\u00a0\u00bb<\/strong><\/p>\n<p>Pour la CGT, qui \u00e9voque \u00ab\u00a0<strong>une proc\u00e9dure b\u00e2illon<\/strong>\u00a0\u00bb, SOS \u00c9ducation vise dans sa plainte un militant accusant l\u2019association de mettre <strong>\u00ab\u00a0une cible dans le dos des profs\u00a0\u00bb<\/strong>. Les cons\u00e9quences sont <strong>\u00ab\u00a0bien r\u00e9elles\u00a0: pressions, menaces anonymes ou non sur des \u00e9coles et des \u00e9quipes p\u00e9dagogiques, des enseignants\u00a0\u00bb<\/strong>, avec<a href=\"https:\/\/rennes.maville.com\/actu\/actudet_-programme-d-education-a-la-sexualite-les-soutiens-et-les-opposants-s-echarpent-sur-le-projet-_54135-6578673_actu.Htm?utm_source=troove&amp;utm_medium=site\" target=\"_self\" rel=\"noopener\"> remise en cause de projets p\u00e9dagogiques<\/a> ou de <a href=\"https:\/\/vannes.maville.com\/actu\/actudet_-concert-annule-a-carnac-par-l-action-de-civitas-jusqu-a-quand-et-jusqu-ou-le-laisser-faire-_12-5768677_actu.Htm?utm_source=troove&amp;utm_medium=site\" target=\"_self\" rel=\"noopener\">spectacles<\/a>.<\/p>\n<p>La CGT invite \u00e0 soutenir le militant en signant une p\u00e9tition sur <a href=\"https:\/\/www.onparticipe.fr\/p\/buJihZ5s\" target=\"_blank\" rel=\"noopener\">www.onparticipe.fr\/p\/buJihZ5s<\/a>, ainsi qu\u2019\u00e0 un rassemblement de soutien le 11\u00a0d\u00e9cembre de 12\u00a0h \u00e0 13\u00a0h\u00a045 sur le parvis de la Cit\u00e9 judiciaire de Rennes.<\/p>\n<p>\u00a0<\/p>\n","protected":false},"excerpt":{"rendered":"Plusieurs sections de la CGT appellent \u00e0 soutenir un de leurs militants d\u2019Educ\u2019action 35, convoqu\u00e9 devant le tribunal&hellip;\n","protected":false},"author":2,"featured_media":480930,"comment_status":"","ping_status":"","sticky":false,"template":"","format":"standard","meta":{"footnotes":""},"categories":[2821],"tags":[1111,11,18235,829,1271,40199,22016,1777,674,1011,27,12820,12,2634,584,25,13699,3693],"class_list":{"0":"post-480929","1":"post","2":"type-post","3":"status-publish","4":"format-standard","5":"has-post-thumbnail","7":"category-rennes","8":"tag-actu","9":"tag-actualites","10":"tag-appelle","11":"tag-bretagne","12":"tag-cgt","13":"tag-convoque","14":"tag-diffamation","15":"tag-eu","16":"tag-europe","17":"tag-fr","18":"tag-france","19":"tag-militant","20":"tag-news","21":"tag-plainte","22":"tag-rennes","23":"tag-republique-francaise","24":"tag-soutenir","25":"tag-tribunal"},"share_on_mastodon":{"url":"https:\/\/pubeurope.com\/@fr\/115415419665954637","error":""},"_links":{"self":[{"href":"https:\/\/www.europesays.com\/fr\/wp-json\/wp\/v2\/posts\/480929","targetHints":{"allow":["GET"]}}],"collection":[{"href":"https:\/\/www.europesays.com\/fr\/wp-json\/wp\/v2\/posts"}],"about":[{"href":"https:\/\/www.europesays.com\/fr\/wp-json\/wp\/v2\/types\/post"}],"author":[{"embeddable":true,"href":"https:\/\/www.europesays.com\/fr\/wp-json\/wp\/v2\/users\/2"}],"replies":[{"embeddable":true,"href":"https:\/\/www.europesays.com\/fr\/wp-json\/wp\/v2\/comments?post=480929"}],"version-history":[{"count":0,"href":"https:\/\/www.europesays.com\/fr\/wp-json\/wp\/v2\/posts\/480929\/revisions"}],"wp:featuredmedia":[{"embeddable":true,"href":"https:\/\/www.europesays.com\/fr\/wp-json\/wp\/v2\/media\/480930"}],"wp:attachment":[{"href":"https:\/\/www.europesays.com\/fr\/wp-json\/wp\/v2\/media?parent=480929"}],"wp:term":[{"taxonomy":"category","embeddable":true,"href":"https:\/\/www.europesays.com\/fr\/wp-json\/wp\/v2\/categories?post=480929"},{"taxonomy":"post_tag","embeddable":true,"href":"https:\/\/www.europesays.com\/fr\/wp-json\/wp\/v2\/tags?post=480929"}],"curies":[{"name":"wp","href":"https:\/\/api.w.org\/{rel}","templated":true}]}}