{"id":48093,"date":"2025-04-24T02:34:09","date_gmt":"2025-04-24T02:34:09","guid":{"rendered":"https:\/\/www.europesays.com\/fr\/48093\/"},"modified":"2025-04-24T02:34:09","modified_gmt":"2025-04-24T02:34:09","slug":"entre-donald-trump-et-la-reserve-federale-linevitable-collision-mediapart","status":"publish","type":"post","link":"https:\/\/www.europesays.com\/fr\/48093\/","title":{"rendered":"Entre Donald Trump et la R\u00e9serve f\u00e9d\u00e9rale, l\u2019in\u00e9vitable collision &#8211; Mediapart"},"content":{"rendered":"<ol>\n<li><a href=\"https:\/\/news.google.com\/rss\/articles\/CBMiugFBVV95cUxOTDlRYkVkeEFfdlV3SnFVdTJmNGdxMEo1bXdMZTNwX244TF9mUHJJQTAzcWxtTVJLLU9iOVM1eXRSdnRQR2VHelp0TWR0Ny1UX1hEVmtlMmh0c3IzQl8xMDhxRkl0N1FxUlZfeHBKVkJKZ2M3M2xJWEVsMnRsT2F4UjlMNDUxUWpfT29kQnlpNmNmOWNwZnhwdmNWYTlzWkJqQmI2X1JYMy1wbXNMTm1fdU1wZ21LTWlNSnc?oc=5\" target=\"_blank\" rel=\"nofollow noopener\">Entre Donald Trump et la R\u00e9serve f\u00e9d\u00e9rale, l\u2019in\u00e9vitable collision<\/a>&nbsp;&nbsp;Mediapart<\/li>\n<li><a href=\"https:\/\/news.google.com\/rss\/articles\/CBMi2gFBVV95cUxQWTRNNXZpeW5iVEZCUTdTV2VuQUNKaTVxTlRaNWxZdnMwUXFUS1FadUgwNlJsU2h6UHFGMDdKYTJQYmFqcVdpdlpZMmdGY2lRdEhCaC02RmY2QUdmUzlCbDA3SWtDT0o1cUpQNG9fY29xR3JSR1pGZnZPcUZ6aGt0WWJFaHJVYmtkZXpiQmZiSWFuQ1JZU3NhZ0tqX3ZLeWJkUjEzckl1MnNOeFZRLXQ1U0c1N1BDMjBWN3NtR1pFb3FJSzQyVFBqc2hWWXVWY3J2MmR5aE5RTGZ4Zw?oc=5\" target=\"_blank\" rel=\"nofollow noopener\">L\u2019administration Trump r\u00e9trop\u00e9dale apr\u00e8s la panique mondiale des march\u00e9s financiers<\/a>&nbsp;&nbsp;Le Monde.fr<\/li>\n<li><a href=\"https:\/\/news.google.com\/rss\/articles\/CBMilgFBVV95cUxQdmhWNjMzcW1QY3Z4UUJKSm9tT1o3QkJqaVNxWUxwRks2akZmaGtmU1N1YnJQMUM0MGZqUUx2MXUxSFBDeGQwTmo5dE94RmxqTWFlVU5Qbm13U09pdkVUQlBrOUtFLVMwZ1U4eTd1cmp1NnpzWTY3S0NyLU1tTExpTEswMlpWQUFOc28yWGxKcGJCS0k5MUE?oc=5\" target=\"_blank\" rel=\"nofollow noopener\">Donald Trump renonce \u00e0 limoger le pr\u00e9sident de la Fed, Jerome Powell, avant la fin de son mandat<\/a>&nbsp;&nbsp;Le Figaro<\/li>\n<li><a href=\"https:\/\/news.google.com\/rss\/articles\/CBMiowJBVV95cUxORy1xZXhwTkgza29QQk1TTmZXQVR0ZW93YUxKLTZCS2xvbVg0TlI4cTlxVG5zaVdsaTF3ZWpoR3ZYajJnT2RLM19OOFU1YlpLWVFJTngwdWdHNE9oNnQzbU8xRjNtWVF1cmN3eDhqWnhaY1M3ZTR4Q0dTVDdlZ3BFQmZKcUJCNlV2dHlOVXM4SlFoY3QwVlI4ek9kOFJva2xrZHpWRDh6SGJaT3Q0VDNaVk9wbnZ5T3lPVzVwU0VaUW0tbzdtUVZOd2dVbmhBVzZ5cjcwdzdBeEY1TEpoN1duU19QVnVJVjB0XzhGQ2hIQjltY09qWW5NbEVmenJLZzhKSTNZOHc1VlpCbGxrZXB6U0NNQVNjZ0dlV0x0b1NDN1p0QlE?oc=5\" target=\"_blank\" rel=\"nofollow noopener\">Le gouverneur de la Banque de France pr\u00e9vient que les \u00ab\u00a0attaques\u00a0\u00bb contre les banques centrales peuvent \u00ab\u00a0menacer la stabilit\u00e9 financi\u00e8re\u00a0\u00bb<\/a>&nbsp;&nbsp;BFMTV<\/li>\n<li><a href=\"https:\/\/news.google.com\/rss\/articles\/CBMi8wFBVV95cUxOM0RYUUtNZGVqYlAwLVlneld2ZWxLYmZOUnFhYmlHNFQ5Zm5uZEtYS1ZmX1hBRXJTWVVNTVR5TDNORW5sYjRrczlWTkVDR1JONzh2QjRua1JjOXVNWTN6azgzbmJORkVXTGZic3VyZ1hkU2hLdWR1SmZGczFjTncyWUJCLUxUR1RvYURwTTlpTkdGQmRPejVxZXZ6elVtVXFWVmRnUkM4eGNQSTFGVnM4UV9VVFB4YXd0RFVjVTAxa21yMW10dTdjT1VqakQ3V3M4NFBJMTcyTFBqM3c1NFg3dGhEcUpxeEo5eF9mZEVOQ29Zc2s?oc=5\" target=\"_blank\" rel=\"nofollow noopener\">\ud83d\udd34 D\u00e9sescalade sur les droits de douane, amendes de l&rsquo;UE&#8230; Ce qu&rsquo;il faut retenir de ce mercredi 23 avril<\/a>&nbsp;&nbsp;La Tribune<\/li>\n<\/ol>\n","protected":false},"excerpt":{"rendered":"Entre Donald Trump et la R\u00e9serve f\u00e9d\u00e9rale, l\u2019in\u00e9vitable collision&nbsp;&nbsp;Mediapart L\u2019administration Trump r\u00e9trop\u00e9dale apr\u00e8s la panique mondiale des march\u00e9s&hellip;\n","protected":false},"author":2,"featured_media":48094,"comment_status":"","ping_status":"","sticky":false,"template":"","format":"standard","meta":{"footnotes":""},"categories":[6],"tags":[13930,4779,35,75,33,34,7512,590,1011,27,10797,2112,13931,13932],"class_list":{"0":"post-48093","1":"post","2":"type-post","3":"status-publish","4":"format-standard","5":"has-post-thumbnail","7":"category-economie","8":"tag-baisse-des-taux","9":"tag-banque-centrale","10":"tag-business","11":"tag-donald-trump","12":"tag-economie","13":"tag-economy","14":"tag-fed","15":"tag-finance","16":"tag-fr","17":"tag-france","18":"tag-jerome-powell","19":"tag-marches-financiers","20":"tag-politique-monetaire","21":"tag-roits-douaniers"},"share_on_mastodon":{"url":"https:\/\/pubeurope.com\/@fr\/114390608365420343","error":""},"_links":{"self":[{"href":"https:\/\/www.europesays.com\/fr\/wp-json\/wp\/v2\/posts\/48093","targetHints":{"allow":["GET"]}}],"collection":[{"href":"https:\/\/www.europesays.com\/fr\/wp-json\/wp\/v2\/posts"}],"about":[{"href":"https:\/\/www.europesays.com\/fr\/wp-json\/wp\/v2\/types\/post"}],"author":[{"embeddable":true,"href":"https:\/\/www.europesays.com\/fr\/wp-json\/wp\/v2\/users\/2"}],"replies":[{"embeddable":true,"href":"https:\/\/www.europesays.com\/fr\/wp-json\/wp\/v2\/comments?post=48093"}],"version-history":[{"count":0,"href":"https:\/\/www.europesays.com\/fr\/wp-json\/wp\/v2\/posts\/48093\/revisions"}],"wp:featuredmedia":[{"embeddable":true,"href":"https:\/\/www.europesays.com\/fr\/wp-json\/wp\/v2\/media\/48094"}],"wp:attachment":[{"href":"https:\/\/www.europesays.com\/fr\/wp-json\/wp\/v2\/media?parent=48093"}],"wp:term":[{"taxonomy":"category","embeddable":true,"href":"https:\/\/www.europesays.com\/fr\/wp-json\/wp\/v2\/categories?post=48093"},{"taxonomy":"post_tag","embeddable":true,"href":"https:\/\/www.europesays.com\/fr\/wp-json\/wp\/v2\/tags?post=48093"}],"curies":[{"name":"wp","href":"https:\/\/api.w.org\/{rel}","templated":true}]}}