{"id":480937,"date":"2025-10-22T02:23:15","date_gmt":"2025-10-22T02:23:15","guid":{"rendered":"https:\/\/www.europesays.com\/fr\/480937\/"},"modified":"2025-10-22T02:23:15","modified_gmt":"2025-10-22T02:23:15","slug":"etat-des-locaux-gouvernance-securite-sante-des-residents-lagence-regionale-de-sante-ferme-une-maison-de-retraite-pres-de-nice","status":"publish","type":"post","link":"https:\/\/www.europesays.com\/fr\/480937\/","title":{"rendered":"\u00c9tat des locaux, gouvernance, s\u00e9curit\u00e9, sant\u00e9 des r\u00e9sidents&#8230; L\u2019Agence r\u00e9gionale de sant\u00e9 ferme une maison de retraite pr\u00e8s de Nice"},"content":{"rendered":"<p class=\"fs-5 \">Face \u00e0 des dysfonctionnements \u00ab mettant en danger la s\u00e9curit\u00e9 de la prise en charge des r\u00e9sidents \u00bb, l\u2019Agence r\u00e9gionale de sant\u00e9 (ARS) Paca et le conseil d\u00e9partemental des Alpes-Maritimes ont d\u00e9cid\u00e9 de suspendre, \u00ab en urgence \u00bb, <a href=\"https:\/\/www.nicematin.com\/societe\/justice\/contes-l-affaire-de-l-ehpad-vire-au-fiasco-392310\" rel=\"nofollow noopener\" target=\"_blank\">l\u2019activit\u00e9 de l\u2019\u00e9tablissement d\u2019h\u00e9bergement pour personnes \u00e2g\u00e9es d\u00e9pendantes (Ehpad) \u00ab Le Clair Logis \u00bb, situ\u00e9 \u00e0 Contes,<\/a> pour une dur\u00e9e de trois mois.<\/p>\n<p>                                                                                55 r\u00e9sidents transf\u00e9r\u00e9s<\/p>\n<p class=\"fs-5 \">Une d\u00e9cision prise le 17 octobre, mais rendue publique mardi, \u00e0 la suite de plusieurs inspections inopin\u00e9es, dont les derni\u00e8res ont \u00e9t\u00e9 men\u00e9es en juillet 2023, janvier 2024 et septembre 2025, pr\u00e9cisent les institutions.<\/p>\n<p class=\"fs-5 \">\u00ab Ces inspections ont r\u00e9v\u00e9l\u00e9 des dysfonctionnements, qui perdurent ou n\u2019ont pas su \u00eatre corrig\u00e9s de mani\u00e8re p\u00e9renne, que ce soit en termes de gouvernance, d\u2019\u00e9tat des locaux ou de ressources humaines, compromettant la sant\u00e9, la s\u00e9curit\u00e9, le bien-\u00eatre physique et moral des r\u00e9sidents \u00bb.<\/p>\n<p class=\"fs-5 \">En plus de la suspension, un administrateur provisoire a \u00e9t\u00e9 nomm\u00e9 pour superviser <a href=\"https:\/\/www.nicematin.com\/societe\/justice\/nourriture-immangeable-delaissement-ehpad-en-lambeaux-le-personnel-de-la-maison-de-retraite-alerte-la-direction-dement-306057\" rel=\"nofollow noopener\" target=\"_blank\">l\u2019Ehpad.<\/a> Il est charg\u00e9 d\u2019organiser le transfert des 55 r\u00e9sidents vers d\u2019autres \u00e9tablissements, et de s\u00e9curiser leur prise en charge en attendant le transfert. \u00ab Des consignes ont \u00e9t\u00e9 donn\u00e9es \u00e0 l\u2019administrateur provisoire pour privil\u00e9gier les \u00e9tablissements de proximit\u00e9 en pratiquant des tarifs similaires \u00bb, est-il pr\u00e9cis\u00e9. Une fois les r\u00e9sidents transf\u00e9r\u00e9s, la mesure d\u2019administration provisoire devrait prendre fin.<\/p>\n","protected":false},"excerpt":{"rendered":"Face \u00e0 des dysfonctionnements \u00ab mettant en danger la s\u00e9curit\u00e9 de la prise en charge des r\u00e9sidents \u00bb,&hellip;\n","protected":false},"author":2,"featured_media":480938,"comment_status":"","ping_status":"","sticky":false,"template":"","format":"standard","meta":{"footnotes":""},"categories":[2819],"tags":[1111,11,1777,674,1011,27,12,2401,882,25],"class_list":{"0":"post-480937","1":"post","2":"type-post","3":"status-publish","4":"format-standard","5":"has-post-thumbnail","7":"category-nice","8":"tag-actu","9":"tag-actualites","10":"tag-eu","11":"tag-europe","12":"tag-fr","13":"tag-france","14":"tag-news","15":"tag-nice","16":"tag-provence-alpes-cote-dazur","17":"tag-republique-francaise"},"share_on_mastodon":{"url":"https:\/\/pubeurope.com\/@fr\/115415443351159445","error":""},"_links":{"self":[{"href":"https:\/\/www.europesays.com\/fr\/wp-json\/wp\/v2\/posts\/480937","targetHints":{"allow":["GET"]}}],"collection":[{"href":"https:\/\/www.europesays.com\/fr\/wp-json\/wp\/v2\/posts"}],"about":[{"href":"https:\/\/www.europesays.com\/fr\/wp-json\/wp\/v2\/types\/post"}],"author":[{"embeddable":true,"href":"https:\/\/www.europesays.com\/fr\/wp-json\/wp\/v2\/users\/2"}],"replies":[{"embeddable":true,"href":"https:\/\/www.europesays.com\/fr\/wp-json\/wp\/v2\/comments?post=480937"}],"version-history":[{"count":0,"href":"https:\/\/www.europesays.com\/fr\/wp-json\/wp\/v2\/posts\/480937\/revisions"}],"wp:featuredmedia":[{"embeddable":true,"href":"https:\/\/www.europesays.com\/fr\/wp-json\/wp\/v2\/media\/480938"}],"wp:attachment":[{"href":"https:\/\/www.europesays.com\/fr\/wp-json\/wp\/v2\/media?parent=480937"}],"wp:term":[{"taxonomy":"category","embeddable":true,"href":"https:\/\/www.europesays.com\/fr\/wp-json\/wp\/v2\/categories?post=480937"},{"taxonomy":"post_tag","embeddable":true,"href":"https:\/\/www.europesays.com\/fr\/wp-json\/wp\/v2\/tags?post=480937"}],"curies":[{"name":"wp","href":"https:\/\/api.w.org\/{rel}","templated":true}]}}