{"id":480945,"date":"2025-10-22T02:27:17","date_gmt":"2025-10-22T02:27:17","guid":{"rendered":"https:\/\/www.europesays.com\/fr\/480945\/"},"modified":"2025-10-22T02:27:17","modified_gmt":"2025-10-22T02:27:17","slug":"adeli-mays-en-dedicace-a-la-fnac-bordeaux-lac","status":"publish","type":"post","link":"https:\/\/www.europesays.com\/fr\/480945\/","title":{"rendered":"Adeli Mays en d\u00e9dicace \u00e0 la Fnac Bordeaux Lac !"},"content":{"rendered":"<p>La Fnac Bordeaux Lac a le plaisir de recevoir l\u2019autrice \u00e0 l\u2019occasion d\u2019une s\u00e9ance de d\u00e9dicaces de sa quadrilogie \u00ab Devil\u2019s Wolf \u00bb et de son livre \u00ab A l\u2019ombre des cypr\u00e8s \u00bb.<\/p>\n<p><strong>Adeli May<\/strong> est une autrice n\u00e9e 1982. Originaire de Bordeaux, celle qui se d\u00e9crit comme une \u00ab\u00a0vraie livre-addict\u00a0\u00bb voit en la lecture un v\u00e9ritable moyen pour s\u2019\u00e9vader de son quotidien. Elle est \u00e9galement passionn\u00e9e de voyages dont elle nourrit ses \u00e9crits.<\/p>\n<p>Adeli Mays s\u2019est lanc\u00e9e dans l\u2019aventure de l\u2019\u00e9criture depuis maintenant 15 ans. Elle a publi\u00e9 en janvier 2025 le quatri\u00e8me tome de sa saga Devil\u2019s Wolf, et en septembre 2025 son nouveau roman\u00a0\u00c0 l\u2019ombre des Cypr\u00e8s.<\/p>\n<p>Une soir\u00e9e qui tourne mal, un message qui vient confirmer que Rose a perdu l\u2019homme de sa vie ; voil\u00e0 les deux causes de son d\u00e9part de Los Angeles pour White Castle, sa ville natale, pr\u00e8s de La Nouvelle-Orl\u00e9ans.<\/p>\n<p>La Louisiane devient le lieu de sa renaissance et de l\u2019\u00e9laboration de ses projets. En association avec sa cousine, elle r\u00e9habilite le domaine familial en h\u00f4tel et son quotidien est doux, jusqu\u2019\u00e0 son retour.<\/p>\n<p>Dan est le leader des \u00ab Deepers \u00bb, groupe de rock, mondialement connu. Tout lui sourit, mais il manque LA personne pour savourer ce succ\u00e8s dans son ensemble.<\/p>\n<p>Il a besoin de comprendre les raisons de son d\u00e9part. Ce qui l\u2019a pouss\u00e9e \u00e0 revenir au milieu du bayou.<\/p>\n<p>Les ind\u00e9cisions, les non-dits et les secrets vont gangr\u00e9ner leur relation. Vont-ils trouver la solution \u00e0 leur absence de communication et enfin vivre pleinement leur amour ?<\/p>\n<p><strong>La Quadrilogie Devil\u2019s Wolf<br \/><\/strong><\/p>\n<p>\u00ab\u00a0Tyler est charismatique, g\u00e9n\u00e9reux et redoutable dans son r\u00f4le de pr\u00e9sident du club des Devil\u2019s Wolf. Le biker m\u00e8ne sa vie en fonction de ses fr\u00e8res et sa famille. Toutefois, un \u00e9v\u00e8nement le contraint \u00e0 reprendre contact avec celle qu\u2019il n\u2019arrive pas \u00e0 oublier.<\/p>\n<p>Holly revient \u00e0 Snowfall apr\u00e8s la mort soudaine de sa s\u0153ur. Par la force des choses, elle est oblig\u00e9e de revoir l\u2019homme qui lui a bris\u00e9 le c\u0153ur des mois auparavant et de prendre en charge sa ni\u00e8ce de quelques mois.<\/p>\n<p>Cette parentalit\u00e9 partag\u00e9e et la vie dans un MC vont-ils les aider \u00e0 se retrouver ?\u00a0\u00bb\u00a0<\/p>\n<p style=\"text-align: center;\">*\u00c9v\u00e9nement gratuit en acc\u00e8s libre, dans la limite des places disponibles<\/p>\n<p>        <img decoding=\"async\" src=\"https:\/\/www.europesays.com\/fr\/wp-content\/uploads\/2025\/04\/logo-rse.png\" alt=\"Logo RSE\" loading=\"lazy\" width=\"84\" height=\"116\"\/><\/p>\n<p>\n        La Fnac s\u2019engage activement dans les initiatives de responsabilit\u00e9 soci\u00e9tale des entreprises (RSE).\n    <\/p>\n<p>\n        Aidez-nous en choisissant la mobilit\u00e9 douce en privil\u00e9giant par exemple le v\u00e9lo (pistes cyclables et stationnements \u00e0 disposition), les transports en commun ou le covoiturage pour nous rejoindre. Ainsi, vous contribuez \u00e0 r\u00e9duire les \u00e9missions de gaz \u00e0 effet de serre et \u00e0 am\u00e9liorer notre qualit\u00e9 de l\u2019air. Pour plus d\u2019information, consultez la fiche du magasin.<br \/>Tous nos \u00e9v\u00e8nements sont en acc\u00e8s gratuit, dans la limite des places disponibles.\n    <\/p>\n","protected":false},"excerpt":{"rendered":"La Fnac Bordeaux Lac a le plaisir de recevoir l\u2019autrice \u00e0 l\u2019occasion d\u2019une s\u00e9ance de d\u00e9dicaces de sa&hellip;\n","protected":false},"author":2,"featured_media":480946,"comment_status":"","ping_status":"","sticky":false,"template":"","format":"standard","meta":{"footnotes":""},"categories":[2817],"tags":[60435,1111,11,1997,60436,1777,674,9391,1011,27,37336,12,2219,25,2004,10600],"class_list":{"0":"post-480945","1":"post","2":"type-post","3":"status-publish","4":"format-standard","5":"has-post-thumbnail","7":"category-bordeaux","8":"tag-a-lombre-des-cypres","9":"tag-actu","10":"tag-actualites","11":"tag-bordeaux","12":"tag-devils-wolf","13":"tag-eu","14":"tag-europe","15":"tag-evenement-fnac-gratuit","16":"tag-fr","17":"tag-france","18":"tag-jeune-autrice","19":"tag-news","20":"tag-nouvelle-aquitaine","21":"tag-republique-francaise","22":"tag-roman","23":"tag-saga"},"share_on_mastodon":{"url":"https:\/\/pubeurope.com\/@fr\/115415459556773176","error":""},"_links":{"self":[{"href":"https:\/\/www.europesays.com\/fr\/wp-json\/wp\/v2\/posts\/480945","targetHints":{"allow":["GET"]}}],"collection":[{"href":"https:\/\/www.europesays.com\/fr\/wp-json\/wp\/v2\/posts"}],"about":[{"href":"https:\/\/www.europesays.com\/fr\/wp-json\/wp\/v2\/types\/post"}],"author":[{"embeddable":true,"href":"https:\/\/www.europesays.com\/fr\/wp-json\/wp\/v2\/users\/2"}],"replies":[{"embeddable":true,"href":"https:\/\/www.europesays.com\/fr\/wp-json\/wp\/v2\/comments?post=480945"}],"version-history":[{"count":0,"href":"https:\/\/www.europesays.com\/fr\/wp-json\/wp\/v2\/posts\/480945\/revisions"}],"wp:featuredmedia":[{"embeddable":true,"href":"https:\/\/www.europesays.com\/fr\/wp-json\/wp\/v2\/media\/480946"}],"wp:attachment":[{"href":"https:\/\/www.europesays.com\/fr\/wp-json\/wp\/v2\/media?parent=480945"}],"wp:term":[{"taxonomy":"category","embeddable":true,"href":"https:\/\/www.europesays.com\/fr\/wp-json\/wp\/v2\/categories?post=480945"},{"taxonomy":"post_tag","embeddable":true,"href":"https:\/\/www.europesays.com\/fr\/wp-json\/wp\/v2\/tags?post=480945"}],"curies":[{"name":"wp","href":"https:\/\/api.w.org\/{rel}","templated":true}]}}