{"id":480949,"date":"2025-10-22T02:29:26","date_gmt":"2025-10-22T02:29:26","guid":{"rendered":"https:\/\/www.europesays.com\/fr\/480949\/"},"modified":"2025-10-22T02:29:26","modified_gmt":"2025-10-22T02:29:26","slug":"pres-de-toulouse-pour-combler-le-deficit-durgences-medicales-dans-cette-zone-une-antenne-du-smur-va-ouvrir","status":"publish","type":"post","link":"https:\/\/www.europesays.com\/fr\/480949\/","title":{"rendered":"Pr\u00e8s de Toulouse. Pour combler le d\u00e9ficit d&rsquo;urgences m\u00e9dicales dans cette zone, une antenne du SMUR va ouvrir"},"content":{"rendered":"<p>            Par<br \/>\n        <strong><br \/>\n            <a href=\"https:\/\/actu.fr\/auteur\/hugo-hancewicz\" title=\"Consulter tous les articles de Hugo Hancewicz\" target=\"_blank\" rel=\"noopener\">Hugo Hancewicz<\/a><br \/>\n        <\/strong><\/p>\n<p>        Publi\u00e9 le<\/p>\n<p>            21 oct. 2025 \u00e0 18h06        <\/p>\n<p>C\u2019est une bonne nouvelle pour l\u2019agglom\u00e9ration du Muretain. La commune de <a href=\"https:\/\/actu.fr\/occitanie\/muret_31395\" target=\"_blank\" rel=\"noopener\">Muret<\/a>, situ\u00e9e au sud de <a href=\"https:\/\/actu.fr\/toulouse\/\" target=\"_blank\" rel=\"noopener\">Toulouse<\/a>, accueillera prochainement <strong>sa propre antenne du SMUR<\/strong>. La demande, port\u00e9e depuis plusieurs ann\u00e9es par la municipalit\u00e9 et r\u00e9affirm\u00e9e lors du dernier conseil municipal, vient enfin de trouver une issue favorable. L\u2019antenne sera implant\u00e9e au sein m\u00eame du <strong>Centre hospitalier de Muret<\/strong>, a appris Actu Toulouse aupr\u00e8s du maire de la ville, Andr\u00e9 Mandement. Et cette unit\u00e9 devrait \u00eatre mise en place prochainement.<\/p>\n<p>Une ouverture tr\u00e8s attendue<\/p>\n<p class=\" wall-content\">Celle-ci devrait \u00eatre op\u00e9rationnelle courant 2026, mais <strong>\u00ab\u2009le plus t\u00f4t possible\u2009\u00bb<\/strong>, esp\u00e8re l\u2019\u00e9dile, \u00e9galement pr\u00e9sident de l\u2019agglom\u00e9ration du Muretain, qui se r\u00e9jouit de cette nouvelle.<\/p>\n<p class=\" wall-content\">Pour l\u2019heure, aucune date pr\u00e9cise n\u2019a \u00e9t\u00e9 communiqu\u00e9e par le CHU de Toulouse et le Centre hospitalier de Muret, qui lui aussi est <strong>impatient de l\u2019ouverture<\/strong> de cette unit\u00e9 dans le sud de Toulouse. \u00ab\u2009C\u2019est une tr\u00e8s bonne nouvelle et \u00e9galement une volont\u00e9 de notre part d\u2019accueillir cette \u00e9quipe \u00e0 nos c\u00f4t\u00e9s\u2009\u00bb, nous indique le site.<\/p>\n<blockquote class=\"ac-article-quote wall-content\">\n<p>\u00c7a fait plus d\u2019un an et demi que je r\u00e9clamais l&rsquo;implantation d&rsquo;un SMUR \u00e0 Muret. Aujourd\u2019hui, en cas d\u2019urgence m\u00e9dicale, on perd beaucoup trop de temps avant la prise en charge des patients. Avec cette future antenne, on va r\u00e9duire ce temps d&rsquo;attente.<\/p>\n<p>    <strong>Andr\u00e9 Mandement<\/strong><br \/>\n        Maire de Muret    <\/p><\/blockquote>\n<p>Des d\u00e9lais significativement r\u00e9duits<\/p>\n<p class=\" wall-content\">Rattach\u00e9 au Samu du <a href=\"https:\/\/actu.fr\/tag\/chu-de-toulouse\" target=\"_blank\" rel=\"noopener\">CHU de Toulouse<\/a>, le SMUR est une <strong>unit\u00e9 mobile m\u00e9dicalis\u00e9e<\/strong> qui intervient pour stabiliser et transporter les patients vers l\u2019h\u00f4pital le plus adapt\u00e9 en cas d\u2019urgence vitale.<\/p>\n<p class=\" wall-content\">Jusqu\u2019ici, les habitants du sud de Toulouse devaient se tourner <strong>vers Purpan<\/strong> (ou <a href=\"https:\/\/actu.fr\/occitanie\/saint-gaudens_31483\" target=\"_blank\" rel=\"noopener\">Saint-Gaudens<\/a>) pour ces interventions. Avec cette antenne, les d\u00e9lais d\u2019intervention devraient se r\u00e9duire significativement, renfor\u00e7ant ainsi la s\u00e9curit\u00e9 sanitaire du territoire.<\/p>\n<p class=\" wall-content\">Personnalisez votre actualit\u00e9 en ajoutant vos villes et m\u00e9dias en favori avec <a href=\"https:\/\/moncompte.actu.fr\" title=\"D\u00e9couvez Mon Actu\" rel=\"nofollow noopener\" data-trk=\"{&quot;cta&quot;:{&quot;action&quot;:&quot;https:\\\/\\\/moncompte.actu.fr&quot;,&quot;category&quot;:&quot;mon compte&quot;,&quot;from&quot;:&quot;article footer&quot;,&quot;name&quot;:&quot;Mon actu&quot;,&quot;type&quot;:&quot;cta&quot;}}\" target=\"_blank\">Mon Actu<\/a>.<\/p>\n","protected":false},"excerpt":{"rendered":"Par Hugo Hancewicz Publi\u00e9 le 21 oct. 2025 \u00e0 18h06 C\u2019est une bonne nouvelle pour l\u2019agglom\u00e9ration du Muretain.&hellip;\n","protected":false},"author":2,"featured_media":480950,"comment_status":"","ping_status":"","sticky":false,"template":"","format":"standard","meta":{"footnotes":""},"categories":[2816],"tags":[1111,11,2630,16029,1777,674,1011,27,12,2680,25,104,2312],"class_list":{"0":"post-480949","1":"post","2":"type-post","3":"status-publish","4":"format-standard","5":"has-post-thumbnail","7":"category-toulouse","8":"tag-actu","9":"tag-actualites","10":"tag-chu-de-toulouse","11":"tag-desertification-medicale","12":"tag-eu","13":"tag-europe","14":"tag-fr","15":"tag-france","16":"tag-news","17":"tag-occitanie","18":"tag-republique-francaise","19":"tag-societe","20":"tag-toulouse"},"share_on_mastodon":{"url":"https:\/\/pubeurope.com\/@fr\/115415466842239763","error":""},"_links":{"self":[{"href":"https:\/\/www.europesays.com\/fr\/wp-json\/wp\/v2\/posts\/480949","targetHints":{"allow":["GET"]}}],"collection":[{"href":"https:\/\/www.europesays.com\/fr\/wp-json\/wp\/v2\/posts"}],"about":[{"href":"https:\/\/www.europesays.com\/fr\/wp-json\/wp\/v2\/types\/post"}],"author":[{"embeddable":true,"href":"https:\/\/www.europesays.com\/fr\/wp-json\/wp\/v2\/users\/2"}],"replies":[{"embeddable":true,"href":"https:\/\/www.europesays.com\/fr\/wp-json\/wp\/v2\/comments?post=480949"}],"version-history":[{"count":0,"href":"https:\/\/www.europesays.com\/fr\/wp-json\/wp\/v2\/posts\/480949\/revisions"}],"wp:featuredmedia":[{"embeddable":true,"href":"https:\/\/www.europesays.com\/fr\/wp-json\/wp\/v2\/media\/480950"}],"wp:attachment":[{"href":"https:\/\/www.europesays.com\/fr\/wp-json\/wp\/v2\/media?parent=480949"}],"wp:term":[{"taxonomy":"category","embeddable":true,"href":"https:\/\/www.europesays.com\/fr\/wp-json\/wp\/v2\/categories?post=480949"},{"taxonomy":"post_tag","embeddable":true,"href":"https:\/\/www.europesays.com\/fr\/wp-json\/wp\/v2\/tags?post=480949"}],"curies":[{"name":"wp","href":"https:\/\/api.w.org\/{rel}","templated":true}]}}