{"id":48095,"date":"2025-04-24T02:35:12","date_gmt":"2025-04-24T02:35:12","guid":{"rendered":"https:\/\/www.europesays.com\/fr\/48095\/"},"modified":"2025-04-24T02:35:12","modified_gmt":"2025-04-24T02:35:12","slug":"jai-dabord-cru-que-cetait-un-attentat-depuis-istanbul-un-journaliste-de-nice-matin-raconte-le-seisme-qui-a-fortement-secoue-le-pays","status":"publish","type":"post","link":"https:\/\/www.europesays.com\/fr\/48095\/","title":{"rendered":"\u00ab\u00a0J&rsquo;ai d&rsquo;abord cru que c&rsquo;\u00e9tait un attentat\u00a0\u00bb: depuis Istanbul, un journaliste de Nice-Matin raconte le s\u00e9isme qui a fortement secou\u00e9 le pays"},"content":{"rendered":"<p>Ce mercredi 23 avril, un puissant <strong>s\u00e9isme de magnitude 6.2 a secou\u00e9 Istanbul en Turquie<\/strong>\u00a0\u00e0 la mi-journ\u00e9e.\u00a0Un tremblement de terre suivi d&rsquo;une <strong>cinquantaine de r\u00e9pliques<\/strong>.\u00a0<\/p>\n<p>\u00ab\u00a0Un tremblement de terre de magnitude 6.2 s&rsquo;est produit dans la mer de Marmara aujourd&rsquo;hui \u00e0 12h49. Le tremblement de terre, d&rsquo;<strong>une profondeur d&rsquo;environ 7 km, a dur\u00e9 au total 13 secondes.\u00a0\u00bb<\/strong> <\/p>\n<p>\u00ab\u00a0(Il) s&rsquo;est produit \u00e0 24 km de la c\u00f4te de Silivri et a \u00e9t\u00e9 ressenti <strong>dans les provinces environnantes dont Istanbul.<\/strong> \u00c0 15h12, 51 r\u00e9pliques ont \u00e9t\u00e9 enregistr\u00e9es, dont la plus importante \u00e9tait de magnitude 5,9&Prime;, a pr\u00e9cis\u00e9 sur X le ministre de l&rsquo;Int\u00e9rieur, Ali Yerlikaya.<\/p>\n<p>Le s\u00e9isme et ses r\u00e9pliques ont \u00e9t\u00e9 ressentis dans<strong> tous les quartiers de l&rsquo;immense ville de 16 millions d&rsquo;habitants<\/strong>, situ\u00e9e sur le Bosphore et la Mer de Marmara.<\/p>\n<p>                                <strong>\u00ab\u00a0On s&rsquo;est lev\u00e9 et on est sorti, il y avait \u00e9norm\u00e9ment de gens dans la rue\u00a0\u00bb<\/strong><\/p>\n<p>Pr\u00e9sent sur place en vacances avec sa compagne, Jimmy Boursicot, journaliste \u00e0 Nice-Matin, raconte.<\/p>\n<p>\u00ab\u00a0On mangeait dans un bazar, on venait de commander et le serveur nous apportait les plats.<strong> Je n&rsquo;avais jamais ressenti de tremblement de terre<\/strong>, \u00e7a a vraiment vibr\u00e9\u00a0\u00bb, d\u00e9taille-t-il.\u00a0<\/p>\n<p>\u00ab\u00a0Au d\u00e9but, j&rsquo;ai cru que c&rsquo;\u00e9tait <strong>un attentat ou une bombe, quelque chose comme \u00e7a<\/strong>\u00ab\u00a0, poursuit-il.<\/p>\n<p>\u00ab\u00a0On s&rsquo;est lev\u00e9 et on est sorti, <strong>il y avait \u00e9norm\u00e9ment de gens dans la rue, au t\u00e9l\u00e9phon<\/strong>e&#8230; Ils semblaient tous tr\u00e8s inquiets, certains pleuraient\u00a0\u00bb.\u00a0<\/p>\n<p>Lorsque la terre a trembl\u00e9, <strong>des milliers de personnes se sont jet\u00e9es dans les rues<\/strong>, en proie \u00e0 la panique, et la plupart restaient r\u00e9fugi\u00e9es dans des parcs \u00e0 ciel ouvert, certains munis de tentes, sans oser rentrer chez elles.<\/p>\n<p>La puissante secousse de 6.2 a \u00e9t\u00e9 ressentie, selon l&rsquo;Afad, dans les villes voisines d&rsquo;Istanbul, <strong>dans un rayon de plusieurs centaines de km jusqu&rsquo;\u00e0 Izmir<\/strong> sur la c\u00f4te \u00e9g\u00e9enne, ainsi qu&rsquo;<strong>\u00e0 Sofia, la capitale de la Bulgarie<\/strong>, et sur l&rsquo;\u00eele grecque de Lesbos, selon les bureaux de l&rsquo;AFP.<\/p>\n<p>Les autorit\u00e9s n&rsquo;ont <strong>pas fait \u00e9tat de victimes ni de d\u00e9g\u00e2ts<\/strong>.<\/p>\n<blockquote class=\"twitter-tweet\">\n<p lang=\"en\" dir=\"ltr\">\ud83d\ude31Earthquake live on air: Turkish news anchor reports tremors during broadcast<\/p>\n<p>A visibly shaken presenter, trying to remain calm, says: \u00ab\u00a0A very strong earthquake is happening right now. A very strong earthquake is being felt in Istanbul.\u00a0\u00bb<\/p>\n<p>\ud83d\ude4f\ud83d\ude4f <a href=\"https:\/\/t.co\/POtABihAtq\" rel=\"nofollow\">pic.twitter.com\/POtABihAtq<\/a><\/p>\n<p>\u2014 NEXTA (@nexta_tv) <a href=\"https:\/\/twitter.com\/nexta_tv\/status\/1914995876797260041?ref_src=twsrc%5Etfw\" rel=\"nofollow noopener\" target=\"_blank\">April 23, 2025<\/a><\/p><\/blockquote>\n<p>La cha\u00eene NTV a rapport\u00e9<strong> l&rsquo;effondrement d&rsquo;un immeuble inoccup\u00e9, selon elle, depuis pr\u00e8s de 30 ans<\/strong>, dans le quartier de Fatih.<\/p>\n<p><script async src=\"https:\/\/platform.twitter.com\/widgets.js\" charset=\"utf-8\"><\/script><\/p>\n","protected":false},"excerpt":{"rendered":"Ce mercredi 23 avril, un puissant s\u00e9isme de magnitude 6.2 a secou\u00e9 Istanbul en Turquie\u00a0\u00e0 la mi-journ\u00e9e.\u00a0Un tremblement&hellip;\n","protected":false},"author":2,"featured_media":48096,"comment_status":"","ping_status":"","sticky":false,"template":"","format":"standard","meta":{"footnotes":""},"categories":[5],"tags":[11,436,118,1011,27,14,12,28],"class_list":{"0":"post-48095","1":"post","2":"type-post","3":"status-publish","4":"format-standard","5":"has-post-thumbnail","7":"category-international","8":"tag-actualites","9":"tag-environnement","10":"tag-faits-divers","11":"tag-fr","12":"tag-france","13":"tag-international","14":"tag-news","15":"tag-world"},"share_on_mastodon":{"url":"https:\/\/pubeurope.com\/@fr\/114390612317737949","error":""},"_links":{"self":[{"href":"https:\/\/www.europesays.com\/fr\/wp-json\/wp\/v2\/posts\/48095","targetHints":{"allow":["GET"]}}],"collection":[{"href":"https:\/\/www.europesays.com\/fr\/wp-json\/wp\/v2\/posts"}],"about":[{"href":"https:\/\/www.europesays.com\/fr\/wp-json\/wp\/v2\/types\/post"}],"author":[{"embeddable":true,"href":"https:\/\/www.europesays.com\/fr\/wp-json\/wp\/v2\/users\/2"}],"replies":[{"embeddable":true,"href":"https:\/\/www.europesays.com\/fr\/wp-json\/wp\/v2\/comments?post=48095"}],"version-history":[{"count":0,"href":"https:\/\/www.europesays.com\/fr\/wp-json\/wp\/v2\/posts\/48095\/revisions"}],"wp:featuredmedia":[{"embeddable":true,"href":"https:\/\/www.europesays.com\/fr\/wp-json\/wp\/v2\/media\/48096"}],"wp:attachment":[{"href":"https:\/\/www.europesays.com\/fr\/wp-json\/wp\/v2\/media?parent=48095"}],"wp:term":[{"taxonomy":"category","embeddable":true,"href":"https:\/\/www.europesays.com\/fr\/wp-json\/wp\/v2\/categories?post=48095"},{"taxonomy":"post_tag","embeddable":true,"href":"https:\/\/www.europesays.com\/fr\/wp-json\/wp\/v2\/tags?post=48095"}],"curies":[{"name":"wp","href":"https:\/\/api.w.org\/{rel}","templated":true}]}}