{"id":480953,"date":"2025-10-22T02:32:13","date_gmt":"2025-10-22T02:32:13","guid":{"rendered":"https:\/\/www.europesays.com\/fr\/480953\/"},"modified":"2025-10-22T02:32:13","modified_gmt":"2025-10-22T02:32:13","slug":"marius-bar-lami-marseillais-toutma","status":"publish","type":"post","link":"https:\/\/www.europesays.com\/fr\/480953\/","title":{"rendered":"Marius Bar, l\u2019ami marseillais\u00a0! &#8211; Toutma"},"content":{"rendered":"<p>\tMarius Bar, l\u2019ami marseillais\u00a0! &#8211; Toutma<\/p>\n<p>&#13;<br \/>\n&#13;<\/p>\n<p>&#13;<br \/>\n\t\t&#13;<\/p>\n<p>Nous utilisons des cookies pour vous garantir la meilleure exp\u00e9rience sur notre site web. Si vous continuez \u00e0 utiliser ce site, nous supposerons que vous en \u00eates satisfait.OK<\/p>\n<p>\t\t&#13;<\/p>\n","protected":false},"excerpt":{"rendered":"Marius Bar, l\u2019ami marseillais\u00a0! &#8211; Toutma &#13; &#13; &#13; &#13; Nous utilisons des cookies pour vous garantir la&hellip;\n","protected":false},"author":2,"featured_media":480954,"comment_status":"","ping_status":"","sticky":false,"template":"","format":"standard","meta":{"footnotes":""},"categories":[2814],"tags":[1111,11,60437,60438,60439,4305,60440,1777,674,60441,1011,27,884,12,882,25,60442],"class_list":{"0":"post-480953","1":"post","2":"type-post","3":"status-publish","4":"format-standard","5":"has-post-thumbnail","7":"category-marseille","8":"tag-actu","9":"tag-actualites","10":"tag-afterwork-marseille","11":"tag-bistrot-marseille","12":"tag-bonne-adresse-marseille","13":"tag-brasserie","14":"tag-cantine-marseille","15":"tag-eu","16":"tag-europe","17":"tag-food-guide","18":"tag-fr","19":"tag-france","20":"tag-marseille","21":"tag-news","22":"tag-provence-alpes-cote-dazur","23":"tag-republique-francaise","24":"tag-restaurant-marseille"},"share_on_mastodon":{"url":"https:\/\/pubeurope.com\/@fr\/115415478793115550","error":""},"_links":{"self":[{"href":"https:\/\/www.europesays.com\/fr\/wp-json\/wp\/v2\/posts\/480953","targetHints":{"allow":["GET"]}}],"collection":[{"href":"https:\/\/www.europesays.com\/fr\/wp-json\/wp\/v2\/posts"}],"about":[{"href":"https:\/\/www.europesays.com\/fr\/wp-json\/wp\/v2\/types\/post"}],"author":[{"embeddable":true,"href":"https:\/\/www.europesays.com\/fr\/wp-json\/wp\/v2\/users\/2"}],"replies":[{"embeddable":true,"href":"https:\/\/www.europesays.com\/fr\/wp-json\/wp\/v2\/comments?post=480953"}],"version-history":[{"count":0,"href":"https:\/\/www.europesays.com\/fr\/wp-json\/wp\/v2\/posts\/480953\/revisions"}],"wp:featuredmedia":[{"embeddable":true,"href":"https:\/\/www.europesays.com\/fr\/wp-json\/wp\/v2\/media\/480954"}],"wp:attachment":[{"href":"https:\/\/www.europesays.com\/fr\/wp-json\/wp\/v2\/media?parent=480953"}],"wp:term":[{"taxonomy":"category","embeddable":true,"href":"https:\/\/www.europesays.com\/fr\/wp-json\/wp\/v2\/categories?post=480953"},{"taxonomy":"post_tag","embeddable":true,"href":"https:\/\/www.europesays.com\/fr\/wp-json\/wp\/v2\/tags?post=480953"}],"curies":[{"name":"wp","href":"https:\/\/api.w.org\/{rel}","templated":true}]}}