{"id":480961,"date":"2025-10-22T02:37:19","date_gmt":"2025-10-22T02:37:19","guid":{"rendered":"https:\/\/www.europesays.com\/fr\/480961\/"},"modified":"2025-10-22T02:37:19","modified_gmt":"2025-10-22T02:37:19","slug":"transilien-grace-au-nouveau-technicentre-de-bagneux-la-ligne-n-est-plus-ponctuelle-que-les-trains-suisses","status":"publish","type":"post","link":"https:\/\/www.europesays.com\/fr\/480961\/","title":{"rendered":"Transilien\u00a0: gr\u00e2ce au nouveau technicentre de Bagneux, \u00ab la ligne\u00a0N est plus ponctuelle que les trains suisses\u00a0\u00bb"},"content":{"rendered":"<p class=\"paragraph text_align_left lp-f-body-02\">Un nouvel atelier de maintenance rutilant de \u00ab 3 voies sur fosses et passerelles \u00bb pour les grosses r\u00e9parations est sorti de terre, d\u2019un c\u00f4t\u00e9 du site. Un autre atelier incroyablement long (250 m !) a \u00e9t\u00e9 construit de l\u2019autre c\u00f4t\u00e9 pour les op\u00e9rations de maintenance plus l\u00e9g\u00e8res qui peuvent \u00eatre r\u00e9alis\u00e9es entre les p\u00e9riodes de pointe du matin et du soir.<\/p>\n<p class=\"paragraph text_align_left lp-f-body-02\">Entre les deux, de nouveaux b\u00e2timents accueillant des bureaux, des vestiaires pour les 150 agents de maintenance du site ou des locaux de stockages de mat\u00e9riel ont \u00e9galement vu le jour. Le hangar de d\u00e9graffitage et les voies de garage ont \u00e9t\u00e9 modernis\u00e9s. Et l\u2019ensemble de ces \u00e9quipements industriels ont \u00e9t\u00e9 dot\u00e9s d\u2019outils de derni\u00e8re g\u00e9n\u00e9ration, notamment dans le domaine de la <a href=\"https:\/\/www.leparisien.fr\/jo-paris-2024\/jo-paris-2024-sncf-reseau-promet-de-diviser-par-deux-le-temps-dintervention-pendant-la-competition-02-04-2024-Y4JJ74KJZZBB7M3L2YESC4WJIU.php\" target=\"_self\" rel=\"noopener\">maintenance pr\u00e9dictive<\/a>\u2026<\/p>\n<p>\u00ab Une vitrine symbolique \u00bb<\/p>\n<p class=\"paragraph text_align_left lp-f-body-02\">Bienvenue \u00e0 Bagneux (Hauts-de-Seine) dans le nouveau centre de maintenance des trains de la ligne N, qui dessert les Yvelines et relie la gare Montparnasse aux terminus de Rambouillet, Mantes-la-Jolie et Dreux (en Eure-et-Loir). Un centre curieusement d\u00e9nomm\u00e9 d\u2019ailleurs \u00ab Technicentre de Trappes-Montrouge \u00bb par la SNCF.<\/p>\n<p class=\"paragraph text_align_left lp-f-body-02\">Ce nouveau site industriel, qui a officiellement \u00e9t\u00e9 inaugur\u00e9 ce mardi, fait office de \u00ab vitrine symbolique \u00bb du plan de renforcement des lignes ferroviaires desservant la grande couronne qui a \u00e9t\u00e9 mis en place par \u00cele-de-France Mobilit\u00e9s (IDFM, l\u2019autorit\u00e9 organisatrice des transports r\u00e9gionaux). C\u2019est en tout cas la fa\u00e7on dont Laurent Probst, le directeur g\u00e9n\u00e9ral d\u2019IDFM, a pr\u00e9sent\u00e9 l\u2019ach\u00e8vement du programme de modernisation de la ligne N que l\u2019autorit\u00e9 organisatrice des transports franciliens a financ\u00e9 en totalit\u00e9.<\/p>\n<p>1,1 milliard d\u2019investissement<\/p>\n<p class=\"paragraph text_align_left lp-f-body-02\">Avec une fr\u00e9quentation quotidienne de plus de 125 000 voyageurs, la ligne N avait besoin d\u2019un \u00ab coup de jeune \u00bb. Lanc\u00e9 d\u00e8s 2018, le programme de modernisation est d\u2019abord pass\u00e9 par le renouvellement de l\u2019int\u00e9gralit\u00e9 du mat\u00e9riel roulant. Les anciennes rames ont progressivement \u00e9t\u00e9 remplac\u00e9es par un total de 73 <a href=\"https:\/\/www.leparisien.fr\/info-paris-ile-de-france-oise\/transports\/votre-futur-train-s-appelle-regio-2n-19-10-2017-7343295.php\" target=\"_self\" rel=\"noopener\">R\u00e9gio2N<\/a> (des trains \u00e0 2 \u00e9tages), d\u00e9ploy\u00e9s sur la ligne entre fin 2020 et d\u00e9but 2023.<\/p>\n<p class=\"paragraph text_align_left lp-f-body-02\">Le programme d\u2019adaptation des 5 ateliers de maintenance de la ligne aux nouvelles rames (dont des nombreux organes \u00ab vitaux \u00bb sont situ\u00e9s en toiture) avait \u00e9t\u00e9 lanc\u00e9 simultan\u00e9ment. La mise en service, l\u2019\u00e9t\u00e9 dernier, de l\u2019atelier de 250 m de long construit \u00e0 Bagneux pour acc\u00e9l\u00e9rer les \u00ab petites r\u00e9parations du quotidien \u00bb, a marqu\u00e9 la fin des op\u00e9rations. Elles auront n\u00e9cessit\u00e9 un investissement de 1,1 milliard d\u2019euros (dont 800 millions pour l\u2019achat des nouveaux trains et 110 millions pour la m\u00e9tamorphose du technicentre de Bagneux).<\/p>\n<p><img decoding=\"async\" class=\"image \" loading=\"lazy\" src=\"https:\/\/www.europesays.com\/fr\/wp-content\/uploads\/2025\/10\/B7CBS5KS2JC2NG7JUWYHOUVX3I.jpg\" alt=\"Les nouveaux ateliers sont adapt\u00e9s aux nouvelles rames, notamment pour faciliter les interventions en toiture qui accueillent de plus en plus d'\u00e9quipements.\" align=\"\" data-rubrique-principale=\"\" data-article-type=\"\" fetchpriority=\"auto\"\/>Les nouveaux ateliers sont adapt\u00e9s aux nouvelles rames, notamment pour faciliter les interventions en toiture qui accueillent de plus en plus d&rsquo;\u00e9quipements.<\/p>\n<p class=\"paragraph text_align_left lp-f-body-02\">M\u00eame si la ligne N r\u00e9nov\u00e9e avait connu <a href=\"https:\/\/www.leparisien.fr\/yvelines-78\/yvelines-manque-de-trains-retards-suppressions-sur-la-ligne-n-la-galere-continue-17-05-2024-55M3QUSO5FEY3PEDCSVBE42Q5I.php\" target=\"_self\" rel=\"noopener\">quelques difficult\u00e9s durant les premiers mois de fonctionnement des nouveaux trains<\/a>, le \u00ab retour sur investissement \u00bb semble d\u00e9sormais au rendez-vous. \u00ab La ligne N est une r\u00e9f\u00e9rence pour nous \u00bb, r\u00e9sume Christophe Fanichet, le PDG de SNCF-voyageurs.<\/p>\n<p class=\"paragraph text_align_left lp-f-body-02\">Rappelant que la ligne a affich\u00e9 un <a href=\"https:\/\/www.iledefrance-mobilites.fr\/la-qualite-de-service-en-chiffres-bulletin-d-information-trimestriel-bulletin-de-la-ponctualite\" target=\"_self\" rel=\"noopener\">taux de ponctualit\u00e9<\/a> de 95,4 % en septembre dernier qui la place dans le peloton de t\u00eate des lignes les plus fiables du r\u00e9seau. \u00ab C\u2019est une r\u00e9gularit\u00e9 digne d\u2019une ligne de m\u00e9tro \u00bb, encha\u00eene Laurent Probst. \u00ab On peut m\u00eame dire que la ligne N est maintenant plus ponctuelle que les trains suisses \u00bb, conclut le directeur d\u2019IDFM avec enthousiasme.<\/p>\n<p>Ouverture \u00e0 la concurrence<\/p>\n<p class=\"paragraph text_align_left lp-f-body-02\">La ma\u00eetrise d\u2019ouvrage de la (re) construction du technicentre de Bagneux a \u00e9t\u00e9 assur\u00e9e par SNCF-Voyageurs. Mais l\u2019op\u00e9rateur de transport n\u2019est pas assur\u00e9 de pouvoir exploiter ce \u00ab petit bijou \u00bb industriel ainsi que la ligne au 95,4 % de r\u00e9gularit\u00e9 pendant des ann\u00e9es. Comme toutes les autres lignes ferroviaires d\u2019\u00cele-de-France, la ligne N (qui sera associ\u00e9e \u00e0 l<a href=\"https:\/\/www.leparisien.fr\/info-paris-ile-de-france-oise\/transports\/un-an-apres-le-debranchement-du-rer-c-entre-massy-et-versailles-la-ligne-v-est-plus-fiable-05-12-2024-BJ6DW2AV7RAEJOZPR745LDF7BM.php\" target=\"_self\" rel=\"noopener\">a nouvelle micro-ligne V assurant la liaison Versailles-Massy<\/a>) va prochainement \u00eatre ouverte \u00e0 la concurrence.<\/p>\n<p class=\"paragraph text_align_left lp-f-body-02\">Selon le calendrier communiqu\u00e9 la semaine pass\u00e9e par IDFM, le <a href=\"https:\/\/www.leparisien.fr\/info-paris-ile-de-france-oise\/transports\/transports-en-ile-de-france-louverture-a-la-concurrence-des-lignes-transilien-et-de-rer-decalee-de-quelques-annees-17-10-2025-UP7P4X2L5ZCXJL6DQ4BN27I5WY.php#:~:text=La%20ligne%20J%20sera%20ainsi,du%20RER%20C%20(2039).\" target=\"_self\" rel=\"noopener\">futur op\u00e9rateur choisi pour exploiter le lot \u00ab ligne N-ligne V \u00bb<\/a> prendra ses fonctions en 2029. \u00c0 partir de cette date, les R\u00e9gio2N \u00e9quipant la ligne V seront entretenus \u00e0 Bagneux. Mais quid des quelques TER de la r\u00e9gion Centre-Val de Loire pour l\u2019instant entretenus au technicentre de Bagneux, si la SNCF perd le march\u00e9 ? \u00ab Il faut demander \u00e0 IDFM. Pour l\u2019instant, nous n\u2019avons pas le cahier des charges \u00bb, note Christophe Fanichet, confiant dans les capacit\u00e9s de SNCF-Voyageurs \u00e0 conserver la gestion de sa ligne \u00ab r\u00e9f\u00e9rence \u00bb.<\/p>\n","protected":false},"excerpt":{"rendered":"Un nouvel atelier de maintenance rutilant de \u00ab 3 voies sur fosses et passerelles \u00bb pour les grosses&hellip;\n","protected":false},"author":2,"featured_media":480962,"comment_status":"","ping_status":"","sticky":false,"template":"","format":"standard","meta":{"footnotes":""},"categories":[1592],"tags":[1111,11,459,1777,674,1011,27,662,1944,12,626,25,2382],"class_list":{"0":"post-480961","1":"post","2":"type-post","3":"status-publish","4":"format-standard","5":"has-post-thumbnail","7":"category-ile-de-france","8":"tag-actu","9":"tag-actualites","10":"tag-departements-horsidfo","11":"tag-eu","12":"tag-europe","13":"tag-fr","14":"tag-france","15":"tag-ile-de-france","16":"tag-ma-ville","17":"tag-news","18":"tag-paris","19":"tag-republique-francaise","20":"tag-transport-idf-oise"},"share_on_mastodon":{"url":"https:\/\/pubeurope.com\/@fr\/115415498793207926","error":""},"_links":{"self":[{"href":"https:\/\/www.europesays.com\/fr\/wp-json\/wp\/v2\/posts\/480961","targetHints":{"allow":["GET"]}}],"collection":[{"href":"https:\/\/www.europesays.com\/fr\/wp-json\/wp\/v2\/posts"}],"about":[{"href":"https:\/\/www.europesays.com\/fr\/wp-json\/wp\/v2\/types\/post"}],"author":[{"embeddable":true,"href":"https:\/\/www.europesays.com\/fr\/wp-json\/wp\/v2\/users\/2"}],"replies":[{"embeddable":true,"href":"https:\/\/www.europesays.com\/fr\/wp-json\/wp\/v2\/comments?post=480961"}],"version-history":[{"count":0,"href":"https:\/\/www.europesays.com\/fr\/wp-json\/wp\/v2\/posts\/480961\/revisions"}],"wp:featuredmedia":[{"embeddable":true,"href":"https:\/\/www.europesays.com\/fr\/wp-json\/wp\/v2\/media\/480962"}],"wp:attachment":[{"href":"https:\/\/www.europesays.com\/fr\/wp-json\/wp\/v2\/media?parent=480961"}],"wp:term":[{"taxonomy":"category","embeddable":true,"href":"https:\/\/www.europesays.com\/fr\/wp-json\/wp\/v2\/categories?post=480961"},{"taxonomy":"post_tag","embeddable":true,"href":"https:\/\/www.europesays.com\/fr\/wp-json\/wp\/v2\/tags?post=480961"}],"curies":[{"name":"wp","href":"https:\/\/api.w.org\/{rel}","templated":true}]}}