{"id":480967,"date":"2025-10-22T02:40:22","date_gmt":"2025-10-22T02:40:22","guid":{"rendered":"https:\/\/www.europesays.com\/fr\/480967\/"},"modified":"2025-10-22T02:40:22","modified_gmt":"2025-10-22T02:40:22","slug":"ado-de-14-ans-mort-electrocute-a-gennevilliers-cetait-un-chouette-mome-temoigne-le-maire","status":"publish","type":"post","link":"https:\/\/www.europesays.com\/fr\/480967\/","title":{"rendered":"Ado de 14\u00a0ans mort \u00e9lectrocut\u00e9 \u00e0 Gennevilliers\u00a0: \u00ab\u00a0C\u2019\u00e9tait un chouette m\u00f4me\u00a0\u00bb, t\u00e9moigne le maire"},"content":{"rendered":"<p class=\"paragraph text_align_left lp-f-body-02\">\u00ab C\u2019est un accident, un accident dramatique \u00bb, commente Patrice Leclerc, le maire communiste de Gennevilliers. L\u2019\u00e9lu s\u2019est rendu ce mardi matin aupr\u00e8s des parents de la jeune victime, originaire du quartier des Gr\u00e9sillons. \u00ab C\u2019\u00e9tait un chouette m\u00f4me, un gamin que tout le monde adorait, au coll\u00e8ge comme dans la vie \u00bb, poursuit l\u2019\u00e9lu d\u2019une voix blanche, manifestement tr\u00e8s \u00e9prouv\u00e9.<\/p>\n","protected":false},"excerpt":{"rendered":"\u00ab C\u2019est un accident, un accident dramatique \u00bb, commente Patrice Leclerc, le maire communiste de Gennevilliers. L\u2019\u00e9lu s\u2019est&hellip;\n","protected":false},"author":2,"featured_media":480968,"comment_status":"","ping_status":"","sticky":false,"template":"","format":"standard","meta":{"footnotes":""},"categories":[1888],"tags":[11,1777,674,118,1011,27,3314,1944,12,626,25],"class_list":{"0":"post-480967","1":"post","2":"type-post","3":"status-publish","4":"format-standard","5":"has-post-thumbnail","7":"category-paris","8":"tag-actualites","9":"tag-eu","10":"tag-europe","11":"tag-faits-divers","12":"tag-fr","13":"tag-france","14":"tag-hauts-de-seine","15":"tag-ma-ville","16":"tag-news","17":"tag-paris","18":"tag-republique-francaise"},"share_on_mastodon":{"url":"https:\/\/pubeurope.com\/@fr\/115415510182304078","error":""},"_links":{"self":[{"href":"https:\/\/www.europesays.com\/fr\/wp-json\/wp\/v2\/posts\/480967","targetHints":{"allow":["GET"]}}],"collection":[{"href":"https:\/\/www.europesays.com\/fr\/wp-json\/wp\/v2\/posts"}],"about":[{"href":"https:\/\/www.europesays.com\/fr\/wp-json\/wp\/v2\/types\/post"}],"author":[{"embeddable":true,"href":"https:\/\/www.europesays.com\/fr\/wp-json\/wp\/v2\/users\/2"}],"replies":[{"embeddable":true,"href":"https:\/\/www.europesays.com\/fr\/wp-json\/wp\/v2\/comments?post=480967"}],"version-history":[{"count":0,"href":"https:\/\/www.europesays.com\/fr\/wp-json\/wp\/v2\/posts\/480967\/revisions"}],"wp:featuredmedia":[{"embeddable":true,"href":"https:\/\/www.europesays.com\/fr\/wp-json\/wp\/v2\/media\/480968"}],"wp:attachment":[{"href":"https:\/\/www.europesays.com\/fr\/wp-json\/wp\/v2\/media?parent=480967"}],"wp:term":[{"taxonomy":"category","embeddable":true,"href":"https:\/\/www.europesays.com\/fr\/wp-json\/wp\/v2\/categories?post=480967"},{"taxonomy":"post_tag","embeddable":true,"href":"https:\/\/www.europesays.com\/fr\/wp-json\/wp\/v2\/tags?post=480967"}],"curies":[{"name":"wp","href":"https:\/\/api.w.org\/{rel}","templated":true}]}}