{"id":480977,"date":"2025-10-22T02:45:31","date_gmt":"2025-10-22T02:45:31","guid":{"rendered":"https:\/\/www.europesays.com\/fr\/480977\/"},"modified":"2025-10-22T02:45:31","modified_gmt":"2025-10-22T02:45:31","slug":"flash-conjoncture-pays-avances-faut-il-sattendre-a-une-normalisation-du-taux-depargne-au-royaume-uni","status":"publish","type":"post","link":"https:\/\/www.europesays.com\/fr\/480977\/","title":{"rendered":"Flash Conjoncture Pays avanc\u00e9s &#8211; Faut-il s\u2019attendre \u00e0 une normalisation du taux d\u2019\u00e9pargne au Royaume-Uni ?"},"content":{"rendered":"<p><strong>Le taux d\u2019\u00e9pargne des m\u00e9nages au Royaume-Uni a fortement augment\u00e9 depuis trois ans,<\/strong> passant de 3,8\u00a0% au 2e\u00a0trimestre 2022 \u00e0 10,7\u00a0% au 2e\u00a0trimestre 2025 (cf. graphique 1). Il se situe \u00e0 pr\u00e9sent \u00e0 un niveau nettement sup\u00e9rieur \u00e0 celui qui pr\u00e9valait avant la crise sanitaire (5,4\u00a0% en moyenne entre 2017 et 2019).\u00a0<\/p>\n<p>&#8211; <strong>La hausse des taux d\u2019int\u00e9r\u00eat initi\u00e9e par le net resserrement de la politique mon\u00e9taire de la BoE entre d\u00e9cembre 2021 (0,10\u00a0%) et ao\u00fbt 2023 (5,25\u00a0%) a pu inciter les m\u00e9nages \u00e0 \u00e9pargner<\/strong> (cf. Graphique 2a). Selon <a href=\"https:\/\/www.bankofengland.co.uk\/statistics\/research-datasets\" rel=\"nofollow noopener\" target=\"_blank\">une enqu\u00eate<\/a> r\u00e9alis\u00e9e par la BoE et le cabinet NMG, pr\u00e8s de 20\u00a0% des m\u00e9nages sond\u00e9s d\u00e9claraient en mars 2023 avoir augment\u00e9 leur \u00e9pargne en lien avec la hausse des taux d\u2019int\u00e9r\u00eat. Cette part des m\u00e9nages a atteint son pic au 1er\u00a0semestre 2024 \u00e0 pr\u00e8s de 40\u00a0% des m\u00e9nages et diminue depuis \u00e0 environ 25\u00a0% en mars 2025.<\/p>\n<p>&#8211; <strong>Les m\u00e9nages ont \u00e9galement pu augmenter leur \u00e9pargne de pr\u00e9caution dans un contexte d\u2019incertitudes \u00e9lev\u00e9es.<\/strong> La confiance des consommateurs mesur\u00e9e par le groupe GfK s\u2019est ainsi d\u00e9t\u00e9rior\u00e9e \u00e0 partir du 2nd\u00a0semestre 2021, atteignant en septembre 2022 son niveau le plus bas depuis plus de 5\u00a0ans, avant de se stabiliser depuis 2024 \u00e0 un niveau relativement bas (cf. graphique 2b). En outre, le sous-indicateur mesurant leur perception sur les perspectives \u00e9conomiques \u00e0 12\u00a0mois s\u2019est fortement d\u00e9grad\u00e9 depuis plus d\u2019un an (\u00e0 \u221232 en septembre 2025 contre \u221211 en juin 2024).<\/p>\n<p>&#8211; Enfin, <strong>les m\u00e9nages ont b\u00e9n\u00e9fici\u00e9 d\u2019une forte augmentation des revenus r\u00e9els du travail en 2023 et 2024<\/strong> (cf. Graphique 2c). Ce surcro\u00eet de revenus a pu \u00e9galement contribuer \u00e0 la hausse du taux d\u2019\u00e9pargne, alors que les chocs de revenus se transmettent usuellement seulement progressivement \u00e0 la consommation des m\u00e9nages.\u00a0\u00a0<\/p>\n<p style=\"text-align: center;\"><img loading=\"lazy\" decoding=\"async\" class=\"marge\" src=\"https:\/\/www.europesays.com\/fr\/wp-content\/uploads\/2025\/10\/3099ede1-896b-463b-995a-7a9a402dcbf9.png\" alt=\"Taux directeur de la BoE\" width=\"464\" height=\"302\"\/><\/p>\n<p style=\"text-align: center;\">\u00a0\u00a0<img decoding=\"async\" class=\"marge\" style=\"display: block; margin-left: auto; margin-right: auto;\" src=\"https:\/\/www.europesays.com\/fr\/wp-content\/uploads\/2025\/10\/10c7578a-0a93-4582-9608-d8c9b6d3fdfe.png\" alt=\"Indice de confiance des consommateurs\"\/><\/p>\n<p style=\"text-align: center;\">\u00a0\u00a0<img decoding=\"async\" class=\"marge\" src=\"https:\/\/www.europesays.com\/fr\/wp-content\/uploads\/2025\/10\/140ffb45-b3f4-42d1-8d36-8373bdf7214e.png\" alt=\"Taux de croissance des revenus r\u00e9els du travail\"\/><\/p>\n<p style=\"text-align: left;\"><strong>Une <\/strong><a href=\"https:\/\/www.bankofengland.co.uk\/bank-overground\/2024\/what-can-we-learn-from-microdata-about-household-savings-in-recent-years\" rel=\"nofollow noopener\" target=\"_blank\"><strong>\u00e9tude<\/strong><\/a><strong> de la Banque d\u2019Angleterre (BoE)<\/strong> <strong>r\u00e9alis\u00e9e \u00e0 partir de donn\u00e9es d\u2019enqu\u00eates montre que cette hausse a \u00e9t\u00e9 port\u00e9e par les m\u00e9nages les plus ais\u00e9s.<\/strong> En 2022 et 2023, le m\u00e9nage m\u00e9dian britannique a fortement r\u00e9duit son \u00e9pargne afin d\u2019absorber le choc inflationniste et lisser sa consommation, tandis que l\u2019\u00e9pargne au niveau agr\u00e9g\u00e9 a augment\u00e9, sugg\u00e9rant que le haut de la distribution des revenus a continu\u00e9 \u00e0 augmenter son \u00e9pargne suite \u00e0 la crise sanitaire<strong>.<\/strong><\/p>\n<p style=\"text-align: left;\"><strong>Une majorit\u00e9 de pr\u00e9visionnistes (notamment le FMI, la BoE et l\u2019OBR) anticipent \u00e0 pr\u00e9sent une normalisation du taux d\u2019\u00e9pargne, m\u00eame si elle tarde \u00e0 se mat\u00e9rialiser.<\/strong> En effet, le taux d\u2019\u00e9pargne a augment\u00e9 de mani\u00e8re quasi-continue depuis deux ans \u00e0 l\u2019exception d\u2019un l\u00e9ger recul au 1er\u00a0trimestre 2025. Ce recul s\u2019est cependant av\u00e9r\u00e9 temporaire, le taux d\u2019\u00e9pargne \u00e9tant reparti \u00e0 la hausse au 2e\u00a0trimestre, et s\u2019explique par une baisse des revenus r\u00e9els des m\u00e9nages plut\u00f4t qu\u2019une hausse de la consommation.<\/p>\n<p style=\"text-align: left;\">Si le cadre \u00e9conomique semble plus favorable \u00e0 une baisse du taux d\u2019\u00e9pargne (baisse des taux directeurs de la BoE et ralentissement des revenus r\u00e9els du travail), la perception encore d\u00e9grad\u00e9e des m\u00e9nages sur l\u2019\u00e9conomie ainsi que la perspective de nouvelles hausses d\u2019imp\u00f4ts \u00e0 l\u2019occasion de la pr\u00e9sentation du Budget d\u2019automne le 26\u00a0novembre devraient, au contraire, les inciter \u00e0 maintenir leur \u00e9pargne de pr\u00e9caution dans les mois \u00e0 venir.<\/p>\n<p>\u00a0<\/p>\n","protected":false},"excerpt":{"rendered":"Le taux d\u2019\u00e9pargne des m\u00e9nages au Royaume-Uni a fortement augment\u00e9 depuis trois ans, passant de 3,8\u00a0% au 2e\u00a0trimestre&hellip;\n","protected":false},"author":2,"featured_media":480978,"comment_status":"","ping_status":"","sticky":false,"template":"","format":"standard","meta":{"footnotes":""},"categories":[1588],"tags":[11,1777,674,12,473,1853,1851,1850,1852],"class_list":{"0":"post-480977","1":"post","2":"type-post","3":"status-publish","4":"format-standard","5":"has-post-thumbnail","7":"category-royaume-uni","8":"tag-actualites","9":"tag-eu","10":"tag-europe","11":"tag-news","12":"tag-royaume-uni","13":"tag-royaume-uni-de-grande-bretagne-et-dirlande-du-nord","14":"tag-uk","15":"tag-united-kingdom","16":"tag-united-kingdom-of-great-britain-and-northern-ireland"},"share_on_mastodon":{"url":"https:\/\/pubeurope.com\/@fr\/115415530724601366","error":""},"_links":{"self":[{"href":"https:\/\/www.europesays.com\/fr\/wp-json\/wp\/v2\/posts\/480977","targetHints":{"allow":["GET"]}}],"collection":[{"href":"https:\/\/www.europesays.com\/fr\/wp-json\/wp\/v2\/posts"}],"about":[{"href":"https:\/\/www.europesays.com\/fr\/wp-json\/wp\/v2\/types\/post"}],"author":[{"embeddable":true,"href":"https:\/\/www.europesays.com\/fr\/wp-json\/wp\/v2\/users\/2"}],"replies":[{"embeddable":true,"href":"https:\/\/www.europesays.com\/fr\/wp-json\/wp\/v2\/comments?post=480977"}],"version-history":[{"count":0,"href":"https:\/\/www.europesays.com\/fr\/wp-json\/wp\/v2\/posts\/480977\/revisions"}],"wp:featuredmedia":[{"embeddable":true,"href":"https:\/\/www.europesays.com\/fr\/wp-json\/wp\/v2\/media\/480978"}],"wp:attachment":[{"href":"https:\/\/www.europesays.com\/fr\/wp-json\/wp\/v2\/media?parent=480977"}],"wp:term":[{"taxonomy":"category","embeddable":true,"href":"https:\/\/www.europesays.com\/fr\/wp-json\/wp\/v2\/categories?post=480977"},{"taxonomy":"post_tag","embeddable":true,"href":"https:\/\/www.europesays.com\/fr\/wp-json\/wp\/v2\/tags?post=480977"}],"curies":[{"name":"wp","href":"https:\/\/api.w.org\/{rel}","templated":true}]}}