{"id":480988,"date":"2025-10-22T02:56:18","date_gmt":"2025-10-22T02:56:18","guid":{"rendered":"https:\/\/www.europesays.com\/fr\/480988\/"},"modified":"2025-10-22T02:56:18","modified_gmt":"2025-10-22T02:56:18","slug":"on-parle-de-jouer-au-tennis-pas-daller-a-la-guerre-litalie-denonce-le-forfait-de-sinner-pour-la-phase-finale","status":"publish","type":"post","link":"https:\/\/www.europesays.com\/fr\/480988\/","title":{"rendered":"\u00abOn parle de jouer au tennis, pas d\u2019aller \u00e0 la guerre\u00bb, l\u2019Italie d\u00e9nonce le forfait de Sinner pour la phase finale"},"content":{"rendered":"<p>\n    Les m\u00e9dias transalpins d\u00e9plorent, ce mardi, la d\u00e9cision du num\u00e9ro deux mondial qui ne d\u00e9fendra pas les couleurs de son pays lors de la phase finale de Coupe Davis, \u00e0 Bologne.<\/p>\n<p class=\"fig-paragraph\">La pilule ne passe pas en Italie.\u00a0<a href=\"http:\/\/www.lefigaro.fr\/sports\/tennis\/coupe-davis\/coupe-davis-sinner-ne-disputera-pas-la-phase-finale-avec-l-italie-20251020\" data-fig-type=\"NewsFlash\" data-gtm-custom-categorie=\"navigation\" data-gtm-custom-action=\"crossclick\" data-gtm-custom-label=\"Contextuel\" data-gtm-event=\"customEventSPE\" data-fig-domain=\"LEFIGARO\" target=\"_blank\" rel=\"noopener\">En d\u00e9clarant forfait pour la phase finale de la Coupe Davis<\/a>, qui se d\u00e9roulera du 18 au 23 novembre \u00e0 Bologne,<a href=\"http:\/\/www.lefigaro.fr\/sports\/tennis\/tennis-le-doute-grandit-autour-de-la-participation-de-jannik-sinner-a-la-coupe-davis-20251016\" data-fig-type=\"NewsFlash\" data-gtm-custom-categorie=\"navigation\" data-gtm-custom-action=\"crossclick\" data-gtm-custom-label=\"Contextuel\" data-gtm-event=\"customEventSPE\" data-fig-domain=\"LEFIGARO\" target=\"_blank\" rel=\"noopener\">\u00a0Jannik Sinner<\/a>\u00a0s\u2019est mis une partie de la presse transalpine \u00e0 dos. \u00abSinner, r\u00e9fl\u00e9chis-y\u00a0! Le maillot azzurro compte\u00bb, lance ce mardi<a href=\"https:\/\/www.gazzetta.it\/Tennis\/ATP\/21-10-2025\/coppa-davis-jannik-sinner-non-gioca-a-bologna.shtml\" target=\"_blank\" rel=\"sponsored noopener\" data-gtm-custom-categorie=\"navigation\" data-gtm-custom-action=\"crossclick\" data-gtm-custom-label=\"Contextuel\" data-gtm-event=\"customEventSPE\">\u00a0La Gazzetta dello Sport<\/a>, qui en fait sa Une. M\u00eame son de cloche pour le quotidien La Stampa\u00a0: \u00abItalie, non merci. Jannik, nous t\u2019aimons, et toi\u00a0?\u00bb<\/p>\n<p class=\"fig-paragraph\">Le num\u00e9ro deux mondial, qui revient\u00a0<a href=\"http:\/\/www.lefigaro.fr\/sports\/tennis\/que-les-stars-du-tennis-prennent-l-argent-mais-cessent-de-se-plaindre-du-calendrier-surcharge-20251017\" data-fig-type=\"NewsFlash\" data-gtm-custom-categorie=\"navigation\" data-gtm-custom-action=\"crossclick\" data-gtm-custom-label=\"Contextuel\" data-gtm-event=\"customEventSPE\" data-fig-domain=\"LEFIGARO\" target=\"_blank\" rel=\"noopener\">d\u2019une lucrative exhibition disput\u00e9e en Arabie saoudite la semaine pass\u00e9e<\/a>, a renonc\u00e9 lundi \u00e0 la comp\u00e9tition alors que la phase finale va se disputer pour la premi\u00e8re fois dans la Botte, la s\u00e9lection italienne \u00e9tant en plus double tenante du titre (titr\u00e9e en 2023 et 2024).<\/p>\n<p>                                    <a class=\"fig-a11y-skip a11y-hidden\" href=\"#fig-a11y-skip-main-inarticle\"><br \/>\n        Passer la publicit\u00e9<br \/>\n    <\/a><\/p>\n<p>Justifications pas suffisantes<\/p>\n<p class=\"fig-paragraph\">En cette fin de saison, Sinner privil\u00e9gie le tournoi de Vienne puis sauf surprise le Rolex Paris Masters avant de d\u00e9fendre son titre au Masters \u00e0 Turin (9-16 novembre) dont la finale est pr\u00e9vue deux jours avant le d\u00e9but de la Coupe Davis. \u00abCette ann\u00e9e, mon \u00e9quipe et moi avons pris cette d\u00e9cision. C\u2019est difficile de ne pas participer \u00e0 la Coupe Davis, mais d\u2019un autre c\u00f4t\u00e9, l\u2019objectif apr\u00e8s Turin est de repartir du bon pied en Australie (16 janvier-1er f\u00e9vrier 2025)\u00bb, a-t-il justifi\u00e9, interrog\u00e9 par Sky Sports.<\/p>\n<p class=\"fig-paragraph\">Et d\u2019ajouter\u00a0: \u00abUne semaine de plus peut sembler insignifiante mais ce n\u2019est pas le cas, car il est tr\u00e8s important de se pr\u00e9parer pendant une semaine suppl\u00e9mentaire. Ensuite, nous l\u2019avons \u00e9galement remport\u00e9e en 2023 et en 2024, et c\u2019est aussi un facteur important, il \u00e9tait important de la remporter et cette ann\u00e9e, nous avons pris cette d\u00e9cision.\u00bb<\/p>\n<p class=\"fig-paragraph\">Orphelin de sa star, l\u2019Italie alignera toutefois une \u00e9quipe tr\u00e8s comp\u00e9titive face \u00e0 l\u2019Autriche en quart de finale. Lorenzo Musetti, Flavio Cobolli, Matteo Berrettini, et les sp\u00e9cialistes du double Simone Bolelli et Andrea Vavassori seront au rendez-vous. Cela n\u2019att\u00e9nue pourtant pas la col\u00e8re de l\u2019autre c\u00f4t\u00e9 des Alpes.<\/p>\n<p class=\"fig-body-link\">\n            \u00c0 lire aussi<br \/>\n        <a class=\"fig-body-link__link fig-premium-mark\" href=\"http:\/\/www.lefigaro.fr\/sports\/tennis\/que-les-stars-du-tennis-prennent-l-argent-mais-cessent-de-se-plaindre-du-calendrier-surcharge-20251017\" data-fig-type=\"NewsFlash\" data-gtm-custom-categorie=\"navigation\" data-gtm-custom-action=\"crossclick\" data-gtm-custom-label=\"Contextuel\" data-gtm-event=\"customEventSPE\" data-fig-domain=\"LEFIGARO\" target=\"_blank\" rel=\"noopener\">Que les stars du tennis prennent l\u2019argent mais cessent de se plaindre du calendrier surcharg\u00e9&#8230;<br \/>\n    <\/a>\n<\/p>\n<p>\u00abOn laisse le c\u0153ur de c\u00f4t\u00e9\u00bb<\/p>\n<p class=\"fig-paragraph\">\u00abC\u2019est une v\u00e9ritable gifle pour le monde du sport italien. Je ne comprends pas lorsqu\u2019il \u00e9voque un choix difficile. On parle de jouer au tennis, pas d\u2019aller \u00e0 la guerre, a fustig\u00e9 l\u2019ancienne gloire du tennis Nicola Pietrangeli, double vainqueur de Roland-Garros (1959 et 1960), cit\u00e9 par La Gazzetta dello Sport. Quand il s\u2019agit de la Coupe Davis, c\u2019est la chose la plus ultime ; l\u2019objectif de n\u2019importe quel athl\u00e8te est de porter le maillot de l\u2019\u00e9quipe nationale italienne. Mais malheureusement, je parle d\u2019une autre \u00e9poque. J\u2019esp\u00e8re que les joueurs n\u2019iront pas jouer ailleurs pendant la Coupe Davis. Aujourd\u2019hui, le monde est rempli d\u2019argent et on laisse le c\u0153ur de c\u00f4t\u00e9.\u00bb<\/p>\n<p class=\"fig-paragraph\">Journaliste pour La Gazzetta, Gianni Valenti prend les exemples \u00abdes champions\u00bb Rafael Nadal et John McEnroe qui ont, eux, \u00abremport\u00e9 ce troph\u00e9e \u00e0 cinq reprises. Et ils ont toujours fait de fausses cartes pour jouer cette Coupe, une p\u00e9riode plus ext\u00e9nuante qu\u2019aujourd\u2019hui.\u00bb Oppos\u00e9e \u00e0 la R\u00e9publique tch\u00e8que en quart, l\u2019Espagne pourra de son c\u00f4t\u00e9 compter sur la pr\u00e9sence du num\u00e9ro un mondial Carlos Alcaraz tandis que la France, qui d\u00e9fiera la Belgique, s\u2019appuiera sur Ugo Humbert et Arthur Rinderknech.<\/p>\n","protected":false},"excerpt":{"rendered":"Les m\u00e9dias transalpins d\u00e9plorent, ce mardi, la d\u00e9cision du num\u00e9ro deux mondial qui ne d\u00e9fendra pas les couleurs&hellip;\n","protected":false},"author":2,"featured_media":480989,"comment_status":"","ping_status":"","sticky":false,"template":"","format":"standard","meta":{"footnotes":""},"categories":[1415],"tags":[1011,27,452,20859,60,1467],"class_list":{"0":"post-480988","1":"post","2":"type-post","3":"status-publish","4":"format-standard","5":"has-post-thumbnail","7":"category-tennis","8":"tag-fr","9":"tag-france","10":"tag-italie","11":"tag-jannik-sinner","12":"tag-sports","13":"tag-tennis"},"share_on_mastodon":{"url":"","error":""},"_links":{"self":[{"href":"https:\/\/www.europesays.com\/fr\/wp-json\/wp\/v2\/posts\/480988","targetHints":{"allow":["GET"]}}],"collection":[{"href":"https:\/\/www.europesays.com\/fr\/wp-json\/wp\/v2\/posts"}],"about":[{"href":"https:\/\/www.europesays.com\/fr\/wp-json\/wp\/v2\/types\/post"}],"author":[{"embeddable":true,"href":"https:\/\/www.europesays.com\/fr\/wp-json\/wp\/v2\/users\/2"}],"replies":[{"embeddable":true,"href":"https:\/\/www.europesays.com\/fr\/wp-json\/wp\/v2\/comments?post=480988"}],"version-history":[{"count":0,"href":"https:\/\/www.europesays.com\/fr\/wp-json\/wp\/v2\/posts\/480988\/revisions"}],"wp:featuredmedia":[{"embeddable":true,"href":"https:\/\/www.europesays.com\/fr\/wp-json\/wp\/v2\/media\/480989"}],"wp:attachment":[{"href":"https:\/\/www.europesays.com\/fr\/wp-json\/wp\/v2\/media?parent=480988"}],"wp:term":[{"taxonomy":"category","embeddable":true,"href":"https:\/\/www.europesays.com\/fr\/wp-json\/wp\/v2\/categories?post=480988"},{"taxonomy":"post_tag","embeddable":true,"href":"https:\/\/www.europesays.com\/fr\/wp-json\/wp\/v2\/tags?post=480988"}],"curies":[{"name":"wp","href":"https:\/\/api.w.org\/{rel}","templated":true}]}}