{"id":480990,"date":"2025-10-22T02:58:12","date_gmt":"2025-10-22T02:58:12","guid":{"rendered":"https:\/\/www.europesays.com\/fr\/480990\/"},"modified":"2025-10-22T02:58:12","modified_gmt":"2025-10-22T02:58:12","slug":"le-top-instagram-de-la-semaine-marquez-convalescent-une-demande-en-mariage-sur-la-moto-de-zarco-lacteur-de-thor-au-gp-daustralie-13-au-19-octobre","status":"publish","type":"post","link":"https:\/\/www.europesays.com\/fr\/480990\/","title":{"rendered":"Le Top Instagram de la semaine : M\u00e1rquez convalescent, une demande en mariage sur la moto de Zarco, l&rsquo;acteur de Thor au GP d&rsquo;Australie&#8230; (13 au 19 octobre)"},"content":{"rendered":"<p><strong>Chaque semaine, les pilotes et les \u00e9quipes des<br \/>\ndiff\u00e9rents championnats partagent leur quotidien sur les r\u00e9seaux<br \/>\nsociaux, avec une pr\u00e9f\u00e9rence pour <a href=\"https:\/\/www.instagram.com\/\" target=\"_blank\" rel=\"noopener\">Instagram<\/a>. C\u2019est bel et bien sur<br \/>\nce r\u00e9seau social qu\u2019il faut \u00eatre pour ne rien manquer, mais il<br \/>\nn\u2019est pas toujours \u00e9vident de voir tous les posts.<\/strong><br \/>\n<strong>Entre actualit\u00e9, belles images, humour et parfois \u00e9motion,<br \/>\nnous vous proposons chaque semaine de d\u00e9couvrir \u00ab le Top Instagram<br \/>\n\u00bb afin de suivre les coulisses du MotoGP, Moto2, Moto3, Superbike<br \/>\nou encore MotoAmerica au fil des publications. C\u2019est parti<br \/>\n!<\/strong><\/p>\n<p style=\"text-align: center;\"><strong>LE TOP INSTAGRAM :<br \/>\nSEMAINE DU 13 AU 19 OCTOBRE<\/strong><\/p>\n<p>Lundi 13 octobre : <strong>Marc M\u00e1rquez<\/strong> a<br \/>\npartag\u00e9 quelques clich\u00e9s de sa convalescence (Cliquez sur la<br \/>\nfl\u00e8che \u00e0 droite pour faire d\u00e9filer les photos).<\/p>\n<p>Mercredi 15 octobre : <strong>David Alonso<\/strong><br \/>\n(Moto2) et <strong>Joel Esteban<\/strong> (Moto3) sont all\u00e9s voir<br \/>\ndes kangourous, activit\u00e9 incontournable des pilotes en marge du<br \/>\nGrand Prix d\u2019Australie (Cliquez sur la fl\u00e8che \u00e0 droite pour<br \/>\nfaire d\u00e9filer les photos et vid\u00e9os).<\/p>\n<p>Samedi 18 octobre : La moto de <strong>Johann<br \/>\nZarco<\/strong> a servi pour un \u00e9v\u00e9nement particulier : une demande<br \/>\nen mariage lors du GP ! (Cliquez sur l\u2019image pour voir la<br \/>\nvid\u00e9o)<\/p>\n<p>Samedi 18 octobre : <strong>Fabio Quartararo<\/strong> et<br \/>\n<strong>Jack Miller<\/strong> ont plac\u00e9 Yamaha en premi\u00e8re ligne sur<br \/>\nla grille de d\u00e9part (Cliquez sur l\u2019image pour voir la<br \/>\nvid\u00e9o).<\/p>\n<p>Samedi 18 octobre : Un moment de tendresse captur\u00e9 par la<br \/>\ncam\u00e9ra de MotoGP.com entre <strong>Jack Miller<\/strong> et sa<br \/>\nfille, qui le f\u00e9licite pour sa qualification (Cliquez sur<br \/>\nl\u2019image pour voir la vid\u00e9o).<\/p>\n<p>Samedi 18 octobre : Partez en immersion en bord de piste<br \/>\navec un membre de l\u2019\u00e9quipe <strong>Leopard<\/strong> (Moto2 et<br \/>\nMoto3) (Cliquez sur l\u2019image pour voir la vid\u00e9o).<\/p>\n<p>Dimanche 19 octobre : \u00c0 l\u2019occasion <a href=\"https:\/\/www.paddock-gp.com\/championnat-du-monde-feminin-jerez-maria-herrera-decroche-le-titre-face-a-beatriz-neila-tandis-que-la-wild-card-paola-ramos-cree-la-surprise\/\" target=\"_blank\" rel=\"noopener\">du sacre de <strong>Mar\u00eda<br \/>\nHerrera<\/strong><\/a> (WorldWCR), le Championnat du monde Junior a<br \/>\npartag\u00e9 un avant\/apr\u00e8s illustrant tout le chemin parcouru par la<br \/>\npilote espagnole.<\/p>\n<p>Dimanche 19 octobre : Au c\u0153ur du parc ferm\u00e9 avec la<br \/>\nFran\u00e7aise <strong>Lucie Boudesseul<\/strong> (WorldWCR), qui a<br \/>\nd\u00e9croch\u00e9 <a href=\"https:\/\/www.paddock-gp.com\/championnat-du-monde-feminin-jerez-la-championne-maria-herrera-et-les-pilotes-des-podiums-reviennent-sur-leurs-courses\/\" target=\"_blank\" rel=\"noopener\">son deuxi\u00e8me podium<\/a> (Cliquez<br \/>\nsur l\u2019image pour voir la vid\u00e9o).<\/p>\n<p>Dimanche 19 octobre : Revivez le retour dans la voie des<br \/>\nstands de <strong>Toprak Razgatlioglu<\/strong>, titr\u00e9 pour la<br \/>\ntroisi\u00e8me fois en Championnat du monde Superbike (Cliquez sur<br \/>\nl\u2019image pour voir la vid\u00e9o).<\/p>\n<p>Dimanche 19 octobre : <strong>Ra\u00fal Fern\u00e1ndez<\/strong> a<br \/>\nc\u00e9l\u00e9br\u00e9 sa premi\u00e8re victoire en MotoGP avec son \u00e9quipe Trackhouse<br \/>\net Aprilia (Cliquez sur l\u2019image pour voir la vid\u00e9o).<\/p>\n<p>Dimanche 19 octobre : De son c\u00f4t\u00e9, <strong>Fabio Di<br \/>\nGiannantonio<\/strong> a f\u00eat\u00e9 son podium en arrosant les membres du<br \/>\nteam VR46 de champagne (Cliquez sur l\u2019image pour voir la<br \/>\nvid\u00e9o).<\/p>\n<p>Dimanche 19 octobre : L\u2019acteur de Thor, <strong>Chris<br \/>\nHemsworth<\/strong>, \u00e9tait invit\u00e9 au Grand Prix d\u2019Australie et a<br \/>\n\u00e9chang\u00e9 avec plusieurs pilotes, dont <strong>Jack Miller<\/strong><br \/>\net <strong>Fabio Di Giannantonio<\/strong>\u00a0(Cliquez sur la<br \/>\nfl\u00e8che \u00e0 droite pour faire d\u00e9filer les photos).<\/p>\n<p><script async src=\"\/\/www.instagram.com\/embed.js\"><\/script><\/p>\n","protected":false},"excerpt":{"rendered":"Chaque semaine, les pilotes et les \u00e9quipes des diff\u00e9rents championnats partagent leur quotidien sur les r\u00e9seaux sociaux, avec&hellip;\n","protected":false},"author":2,"featured_media":480991,"comment_status":"","ping_status":"","sticky":false,"template":"","format":"standard","meta":{"footnotes":""},"categories":[1413],"tags":[1011,27,1457,1456,60],"class_list":{"0":"post-480990","1":"post","2":"type-post","3":"status-publish","4":"format-standard","5":"has-post-thumbnail","7":"category-moto","8":"tag-fr","9":"tag-france","10":"tag-moto","11":"tag-motocycle","12":"tag-sports"},"share_on_mastodon":{"url":"https:\/\/pubeurope.com\/@fr\/115415581067542207","error":""},"_links":{"self":[{"href":"https:\/\/www.europesays.com\/fr\/wp-json\/wp\/v2\/posts\/480990","targetHints":{"allow":["GET"]}}],"collection":[{"href":"https:\/\/www.europesays.com\/fr\/wp-json\/wp\/v2\/posts"}],"about":[{"href":"https:\/\/www.europesays.com\/fr\/wp-json\/wp\/v2\/types\/post"}],"author":[{"embeddable":true,"href":"https:\/\/www.europesays.com\/fr\/wp-json\/wp\/v2\/users\/2"}],"replies":[{"embeddable":true,"href":"https:\/\/www.europesays.com\/fr\/wp-json\/wp\/v2\/comments?post=480990"}],"version-history":[{"count":0,"href":"https:\/\/www.europesays.com\/fr\/wp-json\/wp\/v2\/posts\/480990\/revisions"}],"wp:featuredmedia":[{"embeddable":true,"href":"https:\/\/www.europesays.com\/fr\/wp-json\/wp\/v2\/media\/480991"}],"wp:attachment":[{"href":"https:\/\/www.europesays.com\/fr\/wp-json\/wp\/v2\/media?parent=480990"}],"wp:term":[{"taxonomy":"category","embeddable":true,"href":"https:\/\/www.europesays.com\/fr\/wp-json\/wp\/v2\/categories?post=480990"},{"taxonomy":"post_tag","embeddable":true,"href":"https:\/\/www.europesays.com\/fr\/wp-json\/wp\/v2\/tags?post=480990"}],"curies":[{"name":"wp","href":"https:\/\/api.w.org\/{rel}","templated":true}]}}