{"id":480996,"date":"2025-10-22T03:01:18","date_gmt":"2025-10-22T03:01:18","guid":{"rendered":"https:\/\/www.europesays.com\/fr\/480996\/"},"modified":"2025-10-22T03:01:18","modified_gmt":"2025-10-22T03:01:18","slug":"les-scores-a-la-pause-2","status":"publish","type":"post","link":"https:\/\/www.europesays.com\/fr\/480996\/","title":{"rendered":"les scores \u00e0 la pause"},"content":{"rendered":"<p>Zapping Foot National \u00c0 la 93, le film <\/p>\n<p>Le championnat National poursuit son parcours avec la onzi\u00e8me journ\u00e9e, disput\u00e9e ce mardi 21 octobre 2025. Cette nouvelle salve de rencontres est \u00e0 suivre <a href=\"https:\/\/www.foot-national.com\/data\/live-foot.html\" target=\"_blank\" rel=\"noopener\">en direct<\/a> sur Foot-National, malgr\u00e9 un format l\u00e9g\u00e8rement remani\u00e9 : la troisi\u00e8me division fran\u00e7aise se d\u00e9roule d\u00e9sormais avec seulement dix-sept \u00e9quipes suite \u00e0 l&rsquo;exclusion de l&rsquo;AC Ajaccio par la DNCG. Le Puy Football 43 Auvergne est de ce fait exempt. Alors que les spectateurs d\u00e9couvrent les scores \u00e0 la mi-temps sur l&rsquo;ensemble des terrains, l&rsquo;un des matchs phares, le derby normand opposant le Stade Malherbe de Caen au Football Club de Rouen 1899, a d\u00e9but\u00e9 \u00e0 20h au Stade Michel-d&rsquo;Ornano et bat actuellement son plein.<\/p>\n<p><strong>Les scores \u00e0 la pause :<\/strong><\/p>\n<ul>\n<li>Paris 13 Atl\u00e9tico 0-0 Stade Briochin<\/li>\n<li>FC Villefranche Beaujolais 1-1 US Orl\u00e9ans LF<\/li>\n<li>US Concarneau 0-0 Berrichonne Ch\u00e2teauroux<\/li>\n<li>SC Aubagne Air Bel 1-0 Valenciennes FC<\/li>\n<li>Quevilly Rouen M\u00e9tropole 1-1 FC Sochaux-Montb\u00e9liard<\/li>\n<li>Versailles 78 FC 0-2 Dijon FCO<\/li>\n<li>Bourg-en-Bresse P\u00e9ronnas 1-0 Fleury 91 FC<\/li>\n<li>SM Caen 1-1 FC Rouen<\/li>\n<\/ul>\n<p>Partagez cette info avec vos amis et vos proches en cliquant ici<br \/>Pour r\u00e9sumer<\/p>\n<p>Le championnat National poursuit son parcours avec la onzi\u00e8me journ\u00e9e, disput\u00e9e ce mardi 21 octobre 2025. Sans plus tarder, d\u00e9couvrez les scores \u00e0 la mi-temps. Le derby normand opposant le Stade Malherbe de Caen au Football Club de Rouen 1899, a d\u00e9but\u00e9 \u00e0 20h au Stade Michel-d&rsquo;Ornano et bat actuellement son plein.<\/p>\n<p> <img decoding=\"async\" width=\"76\" height=\"76\" loading=\"lazy\" src=\"https:\/\/static.wui.fr\/images_v3\/avatar-footnational.png\" alt=\"Aris Djennadi\"\/><\/p>\n","protected":false},"excerpt":{"rendered":"Zapping Foot National \u00c0 la 93, le film Le championnat National poursuit son parcours avec la onzi\u00e8me journ\u00e9e,&hellip;\n","protected":false},"author":2,"featured_media":480997,"comment_status":"","ping_status":"","sticky":false,"template":"","format":"standard","meta":{"footnotes":""},"categories":[1410],"tags":[63,1011,27,59645,60],"class_list":{"0":"post-480996","1":"post","2":"type-post","3":"status-publish","4":"format-standard","5":"has-post-thumbnail","7":"category-football","8":"tag-football","9":"tag-fr","10":"tag-france","11":"tag-national-actus","12":"tag-sports"},"share_on_mastodon":{"url":"https:\/\/pubeurope.com\/@fr\/115415593349494578","error":""},"_links":{"self":[{"href":"https:\/\/www.europesays.com\/fr\/wp-json\/wp\/v2\/posts\/480996","targetHints":{"allow":["GET"]}}],"collection":[{"href":"https:\/\/www.europesays.com\/fr\/wp-json\/wp\/v2\/posts"}],"about":[{"href":"https:\/\/www.europesays.com\/fr\/wp-json\/wp\/v2\/types\/post"}],"author":[{"embeddable":true,"href":"https:\/\/www.europesays.com\/fr\/wp-json\/wp\/v2\/users\/2"}],"replies":[{"embeddable":true,"href":"https:\/\/www.europesays.com\/fr\/wp-json\/wp\/v2\/comments?post=480996"}],"version-history":[{"count":0,"href":"https:\/\/www.europesays.com\/fr\/wp-json\/wp\/v2\/posts\/480996\/revisions"}],"wp:featuredmedia":[{"embeddable":true,"href":"https:\/\/www.europesays.com\/fr\/wp-json\/wp\/v2\/media\/480997"}],"wp:attachment":[{"href":"https:\/\/www.europesays.com\/fr\/wp-json\/wp\/v2\/media?parent=480996"}],"wp:term":[{"taxonomy":"category","embeddable":true,"href":"https:\/\/www.europesays.com\/fr\/wp-json\/wp\/v2\/categories?post=480996"},{"taxonomy":"post_tag","embeddable":true,"href":"https:\/\/www.europesays.com\/fr\/wp-json\/wp\/v2\/tags?post=480996"}],"curies":[{"name":"wp","href":"https:\/\/api.w.org\/{rel}","templated":true}]}}