{"id":480998,"date":"2025-10-22T03:02:13","date_gmt":"2025-10-22T03:02:13","guid":{"rendered":"https:\/\/www.europesays.com\/fr\/480998\/"},"modified":"2025-10-22T03:02:13","modified_gmt":"2025-10-22T03:02:13","slug":"kristofer-noubliez-pas-les-paroles-annonce-un-grand-changement-dans-sa-vie-a-nagui","status":"publish","type":"post","link":"https:\/\/www.europesays.com\/fr\/480998\/","title":{"rendered":"Kristofer (N&rsquo;oubliez pas les paroles) annonce un grand changement dans sa vie \u00e0 Nagui"},"content":{"rendered":"<p>Ce mardi 21 octobre, Kristofer a affront\u00e9 Karine lors des Masters sur le plateau de N&rsquo;oubliez pas les paroles. Lors de l&rsquo;\u00e9mission, le jeune homme a notamment expliqu\u00e9 pourquoi il ne souhaite plus \u00eatre animateur radio en matinale.<\/p>\n<p>Depuis une semaine, Nagui pr\u00e9sente <a href=\"https:\/\/www.programme-tv.net\/news\/tv\/389548-n-oubliez-pas-les-paroles-margaux-benoit-quels-maestros-vont-s-affronter-lors-des-masters-2025-la-liste-complete-devoilee\/\" data-api-deeplink=\"teleloisirs:\/\/news\/389548\" rel=\"nofollow noopener\" target=\"_blank\">les Masters 2025<\/a>, la comp\u00e9tition qui oppose les meilleurs maestros de <a href=\"https:\/\/www.programme-tv.net\/news\/tv\/388603-n-oubliez-pas-les-paroles-nagui-devoile-les-participants-au-tour-preliminaire-des-masters-2025\/\" data-api-deeplink=\"teleloisirs:\/\/news\/388603\" rel=\"nofollow noopener\" target=\"_blank\">N&rsquo;oubliez pas les paroles sur France 2<\/a>. Et pour l&rsquo;\u00e9dition 2025, <a href=\"https:\/\/www.programme-tv.net\/news\/tv\/389114-on-a-tout-change-nagui-explique-les-nouvelles-regles-des-masters-2025-de-n-oubliez-pas-les-paroles\/\" data-api-deeplink=\"teleloisirs:\/\/news\/389114\" rel=\"nofollow noopener\" target=\"_blank\">les r\u00e8gles ont chang\u00e9<\/a>. Ce mardi 21 octobre, pour le premier num\u00e9ro, Manon s&rsquo;est impos\u00e9e face \u00e0 Honorine et dans le second match, Karine a battu Kristofer. Le jeune homme, qui est treizi\u00e8me dans <a href=\"https:\/\/www.programme-tv.net\/news\/tv\/377610-c-est-irreel-natacha-n-oubliez-pas-les-paroles-franchit-un-nouveau-cap-et-depasse-deux-illustres-maestros-au-classement\/\" data-api-deeplink=\"teleloisirs:\/\/news\/377610\" rel=\"nofollow noopener\" target=\"_blank\">le classement des plus grands Maestros<\/a> apr\u00e8s avoir obtenu 309 000 euros en 39 victoires, a d\u00e9j\u00e0 particip\u00e9 aux Masters quatre fois ! Lors de l&rsquo;\u00e9mission, Nagui a interrog\u00e9 le fan <a href=\"https:\/\/www.programme-tv.net\/news\/tv\/389559-elle-fait-de-la-reeducation-dany-boon-donne-des-nouvelles-rassurantes-d-isabelle-nanty-victime-d-un-grave-accident-de-voiture\/\" data-api-deeplink=\"teleloisirs:\/\/news\/389559\" rel=\"nofollow noopener\" target=\"_blank\">d&rsquo;Isabelle Nanty<\/a> sur sa carri\u00e8re d&rsquo;animateur radio et a priori, il y a eu quelques changements dans sa vie !<\/p>\n<p>\u00ab\u00a0L<b>es r\u00e9veils \u00e7a pique\u00a0\u00bb <\/b><b>: <\/b>Kristofer se confie sur son changement de carri\u00e8re dans N&rsquo;oubliez pas les paroles<\/p>\n<p>\u00ab\u00a0J&rsquo;ai arr\u00eat\u00e9 la radio\u00a0\u00bb, a lanc\u00e9 celui qui fait partie des <a href=\"https:\/\/www.programme-tv.net\/news\/tv\/92792-qui-sont-les-15-plus-grands-gagnants-de-n-oubliez-pas-les-paroles-sur-france-2\/\" data-api-deeplink=\"teleloisirs:\/\/news\/92792\" rel=\"nofollow noopener\" target=\"_blank\">32 plus grands maestros<\/a> du programme. En effet, le 4 juillet dernier, Kristofer a annonc\u00e9 <a href=\"https:\/\/www.instagram.com\/p\/DLr7LXEoxuF\/?img_index=1\" rel=\"nofollow noopener\" target=\"_blank\">sur son compte Instagram<\/a> son d\u00e9part de la cha\u00eene Tipik. \u00ab\u00a0Clap de fin sur Tipik pour moi aujourd\u2019hui !! Apr\u00e8s deux ann\u00e9es riches en apprentissages, en rencontres et en moments inoubliables, c\u2019est le moment pour moi de tourner une page et de me lancer dans de nouvelles aventures\u00a0\u00bb, a-t-il notamment \u00e9crit. Sur le plateau de France 2, <a href=\"https:\/\/www.programme-tv.net\/news\/tv\/364058-n-oubliez-pas-les-paroles-margaux-jeremy-kristofer-kevin-qui-sont-les-2-maestros-qualifies-pour-la-demi-finale-des-masters-2024\/\" data-api-deeplink=\"teleloisirs:\/\/news\/364058\" rel=\"nofollow noopener\" target=\"_blank\">Kristofer<\/a> a expliqu\u00e9 pour quelle raison, il a choisi de quitter la matinale de cette radio. <b>\u00ab\u00a0C&rsquo;est trop bien, mais c&rsquo;est juste que je voulais faire autre chose et les r\u00e9veils \u00e7a pique, t&rsquo;en sais quelque chose toi.<\/b> Et en plus les pains au chocolat, tu m&rsquo;avais dit de ne pas manger de pains au chocolat. Je l&rsquo;ai fait, je n\u2019ai pas pris beaucoup de poids, mais c&rsquo;\u00e9tait quand m\u00eame un rythme assez soutenu. J&rsquo;ai ador\u00e9 cette exp\u00e9rience-l\u00e0, mais j&rsquo;avais envie d&rsquo;autre chose\u00a0\u00bb, a confi\u00e9 le jeune homme.<\/p>\n<p>                        Nagui \u00e9voque les matinales \u00e0 la radio : \u00ab\u00a0Il suffit de demander \u00e0 Bruno Guillon et \u00e0 Manu L\u00e9vy\u2026\u00a0\u00bb<\/p>\n<p>\u00ab\u00a0Les matinales, c&rsquo;est un truc de fou\u00a0\u00bb, a reconnu Nagui avant d&rsquo;\u00e9voquer les animateurs de radio : \u00ab\u00a0Il suffit de demander \u00e0 <a href=\"https:\/\/www.programme-tv.net\/biographie\/21856-guillon-bruno\/\" data-link-people=\"4e652433-4c3a-493d-a383-6724b1015fc8\" rel=\"nofollow noopener\" target=\"_blank\">Bruno Guillon<\/a> et <a href=\"https:\/\/www.programme-tv.net\/biographie\/116931-levy-manu\/\" data-link-people=\"8acb3d15-999b-4ed3-9d73-e71895dfc214\" rel=\"nofollow noopener\" target=\"_blank\">Manu L\u00e9vy<\/a> qui font les matinales\u2026\u00a0\u00bb. Kristofer a alors gliss\u00e9 une petite phrase sur <a href=\"https:\/\/www.programme-tv.net\/news\/tv\/381493-lea-salame-devrait-presenter-le-jt-de-20-heures-sur-france-2-et-quitter-la-matinale-de-france-inter\/\" data-api-deeplink=\"teleloisirs:\/\/news\/381493\" rel=\"nofollow noopener\" target=\"_blank\">le d\u00e9part de L\u00e9a Salam\u00e9 \u00e0 la matinale de France Inter<\/a>. \u00ab\u00a0M\u00eame L\u00e9a Salam\u00e9 s&rsquo;est barr\u00e9e, donc c&rsquo;est pour dire. (&#8230;) Elle est tr\u00e8s bien dans le 20h d&rsquo;ailleurs\u00a0\u00bb.<\/p>\n<p>        <script async src=\"\/\/www.instagram.com\/embed.js\"><\/script><\/p>\n","protected":false},"excerpt":{"rendered":"Ce mardi 21 octobre, Kristofer a affront\u00e9 Karine lors des Masters sur le plateau de N&rsquo;oubliez pas les&hellip;\n","protected":false},"author":2,"featured_media":480999,"comment_status":"","ping_status":"","sticky":false,"template":"","format":"standard","meta":{"footnotes":""},"categories":[1359],"tags":[244,58,59,1011,27,594,60444,22678,31009,10477,973,1630],"class_list":{"0":"post-480998","1":"post","2":"type-post","3":"status-publish","4":"format-standard","5":"has-post-thumbnail","7":"category-people","8":"tag-commentaire","9":"tag-divertissement","10":"tag-entertainment","11":"tag-fr","12":"tag-france","13":"tag-france-2","14":"tag-les-masters-de-noubliez-pas-les-paroles","15":"tag-maestro","16":"tag-noubliez-pas-les-paroles","17":"tag-nagui","18":"tag-people","19":"tag-zapping"},"share_on_mastodon":{"url":"https:\/\/pubeurope.com\/@fr\/115415596764241878","error":""},"_links":{"self":[{"href":"https:\/\/www.europesays.com\/fr\/wp-json\/wp\/v2\/posts\/480998","targetHints":{"allow":["GET"]}}],"collection":[{"href":"https:\/\/www.europesays.com\/fr\/wp-json\/wp\/v2\/posts"}],"about":[{"href":"https:\/\/www.europesays.com\/fr\/wp-json\/wp\/v2\/types\/post"}],"author":[{"embeddable":true,"href":"https:\/\/www.europesays.com\/fr\/wp-json\/wp\/v2\/users\/2"}],"replies":[{"embeddable":true,"href":"https:\/\/www.europesays.com\/fr\/wp-json\/wp\/v2\/comments?post=480998"}],"version-history":[{"count":0,"href":"https:\/\/www.europesays.com\/fr\/wp-json\/wp\/v2\/posts\/480998\/revisions"}],"wp:featuredmedia":[{"embeddable":true,"href":"https:\/\/www.europesays.com\/fr\/wp-json\/wp\/v2\/media\/480999"}],"wp:attachment":[{"href":"https:\/\/www.europesays.com\/fr\/wp-json\/wp\/v2\/media?parent=480998"}],"wp:term":[{"taxonomy":"category","embeddable":true,"href":"https:\/\/www.europesays.com\/fr\/wp-json\/wp\/v2\/categories?post=480998"},{"taxonomy":"post_tag","embeddable":true,"href":"https:\/\/www.europesays.com\/fr\/wp-json\/wp\/v2\/tags?post=480998"}],"curies":[{"name":"wp","href":"https:\/\/api.w.org\/{rel}","templated":true}]}}