{"id":481018,"date":"2025-10-22T03:12:20","date_gmt":"2025-10-22T03:12:20","guid":{"rendered":"https:\/\/www.europesays.com\/fr\/481018\/"},"modified":"2025-10-22T03:12:20","modified_gmt":"2025-10-22T03:12:20","slug":"on-a-fini-dans-le-camion-que-je-doublais-les-freinages-fantomes-sont-ils-le-nouveau-takata-rtl-fr","status":"publish","type":"post","link":"https:\/\/www.europesays.com\/fr\/481018\/","title":{"rendered":"&quot;On a fini dans le camion que je doublais&quot; : les &quot;freinages fant\u00f4mes&quot; sont-ils le nouveau &quot;Takata&quot; ? &#8211; RTL.fr"},"content":{"rendered":"<ol>\n<li><a href=\"https:\/\/news.google.com\/rss\/articles\/CBMi1wFBVV95cUxNNS1LU3ZPQkl5MERJd1l2WWpwR1pOTVIyUG9zaEtGT0tZR0YyZVl0Q3FEaWhVTnJjSVpScEhFYnZtYnc3Z1QyUGs3VUo2Y19FR2FnV0dKc1BqT1FpSVNhMDFSbWs4aXkwOEtFRFNISVFobzdmV2ttSzVrbE5mWVBsVkNRaVZkWHVlYzF4ZzV0TTNpY1JvcjRCV2NfX0o2TXpHRVpQTi1HN1hFcVY3QWhrOWQzWUZIZnplanNSZHlqTUs2QXlUdmdlWFZBd0pzYXAxU2JVOTk1RQ?oc=5\" target=\"_blank\" rel=\"noopener\">\u00ab\u00a0On a fini dans le camion que je doublais\u00a0\u00bb : les \u00ab\u00a0freinages fant\u00f4mes\u00a0\u00bb sont-ils le nouveau \u00ab\u00a0Takata\u00a0\u00bb ?<\/a>&nbsp;&nbsp;RTL.fr<\/li>\n<li><a href=\"https:\/\/news.google.com\/rss\/articles\/CBMi5wFBVV95cUxPN0xkb19oVVJZVFNlRUluNUZlUTAyamlvZk0wdmJUTmZUUWhYd3F6SGlpVGFXa2QtNGRHNm5sUmZhUFQ3U21xVFZSMVpMQk8zTm5yVUNUaHltdnlJcjVPUjdZOU0yT3JnU3ZxWWhic1BBS2cwY0JKa3FxdXBNZFZJYklCNnE5a1V3VEFpNXAwRkpSWnI0WDh0MGowRVhDN2ZBMzBzM3Zwa28xdkQ3bHJmVXQ2ZU54ODN2UFFTNnFlUV9VNElEc2s1dW9BQm9XZkdWQkplcXNLMDJBZUVEeGQ5Mnhqb25CcXc?oc=5\" target=\"_blank\" rel=\"noopener\">\u00ab\u00a0Je suis pass\u00e9e de 50 km\/h \u00e0 l\u2019arr\u00eat\u2026 Coup du lapin\u00a0\u00bb : des conducteurs victimes de freinages fant\u00f4mes<\/a>&nbsp;&nbsp;Midi Libre<\/li>\n<li><a href=\"https:\/\/news.google.com\/rss\/articles\/CBMi5AFBVV95cUxNQV9IWTFPTEllMXhWUlFaOGhvOTdad2hWU0c0U25uUEt2a1VWendsSEpUdTVSQzZaRDg5dkpBMVJEYm83OWZwM1JtSGxPNTNkbUstSk5GQUxfUlJzWWhhbVVMZTdZTmoyU2NEeW9UcUNmekNKVFdTajVTZjFWLXBteTVQTzhtUWN5a1JicHBhYlBYUHJMeHFJek83Um5jWlBCRDM2YUozanl1X01FNXhMSnRhRXpSWU1rUy00TUJsMU0zSEpWU09JQjkta09ScVBzWGk1Sm5YY3pUWEJOcVNIYzhMeTE?oc=5\" target=\"_blank\" rel=\"noopener\">Freinage fant\u00f4me : le minist\u00e8re des Transports lance un questionnaire en ligne pour r\u00e9pertorier les victimes<\/a>&nbsp;&nbsp;Le Figaro<\/li>\n<li><a href=\"https:\/\/news.google.com\/rss\/articles\/CBMijwFBVV95cUxOd1RuYnJHRlBQdFRUaHFrMDh3TW5aQXlCRWI1MzVtaDdEU3NMeFR3U2FiVEVOX2FwbmdLd2lhdGxqR29DVjZlWWdfOUI2OVJmSklWa2xjNXNpYUtNcWxKRDJNTWR6OWJNV3pCUEM3RjVDTThsdnVnWGtQYkhRRm5RaWxxUGZKRXRfYVlSRUZVMA?oc=5\" target=\"_blank\" rel=\"noopener\">La chasse aux \u00ab freinages fant\u00f4mes \u00bb sur la route est ouverte<\/a>&nbsp;&nbsp;20 Minutes<\/li>\n<li><a href=\"https:\/\/news.google.com\/rss\/articles\/CBMingJBVV95cUxQYlMzdVpvVWg3UE1IRnV5ZEpveGJ4R3BwSGp0QmtTcXdTWGZ2LXNoOG96c004UUxlaU4zU1FjNHJuX0xtS0hkak1NNzlhNXJhMFBPcllCOHA2MWlFSUF0bVJvcUFNalZlVHlndkRYdWxtUDJKMTdsS2RqbV9GTk53MHUxZ2lZZWxZaUNOTjZDa2lWMDd1ZTllWXFvLTZlX3U5YkttNnNqRXFYSExsaHl0eDFwcWxSMXNlV3EwUXhzaWlMUHZPWWg2T0tnclZGNHFwc1Y2cHdYYnZybHhONWJqR1ZiRUJ5VTZiaUg2ZUE2bHIzTDhHcTRiS0NQaFZKb2hmWDN1MmxVR3BCWWdJMkFPNUltaEpISTVfSkJnQ0d3?oc=5\" target=\"_blank\" rel=\"noopener\">Face aux \u00ab freinages fant\u00f4mes \u00bb, le minist\u00e8re des Transports va r\u00e9colter les signalements des automobilistes<\/a>&nbsp;&nbsp;Le Parisien<\/li>\n<\/ol>\n","protected":false},"excerpt":{"rendered":"\u00ab\u00a0On a fini dans le camion que je doublais\u00a0\u00bb : les \u00ab\u00a0freinages fant\u00f4mes\u00a0\u00bb sont-ils le nouveau \u00ab\u00a0Takata\u00a0\u00bb ?&nbsp;&nbsp;RTL.fr&hellip;\n","protected":false},"author":2,"featured_media":481019,"comment_status":"","ping_status":"","sticky":false,"template":"","format":"standard","meta":{"footnotes":""},"categories":[6],"tags":[646,35,3542,33,34,107,1011,27,362,360,5009],"class_list":{"0":"post-481018","1":"post","2":"type-post","3":"status-publish","4":"format-standard","5":"has-post-thumbnail","7":"category-economie","8":"tag-automobile","9":"tag-business","10":"tag-circulation","11":"tag-economie","12":"tag-economy","13":"tag-fil-info","14":"tag-fr","15":"tag-france","16":"tag-replay","17":"tag-replay-integral","18":"tag-securite-routiere"},"share_on_mastodon":{"url":"https:\/\/pubeurope.com\/@fr\/115415636224840120","error":""},"_links":{"self":[{"href":"https:\/\/www.europesays.com\/fr\/wp-json\/wp\/v2\/posts\/481018","targetHints":{"allow":["GET"]}}],"collection":[{"href":"https:\/\/www.europesays.com\/fr\/wp-json\/wp\/v2\/posts"}],"about":[{"href":"https:\/\/www.europesays.com\/fr\/wp-json\/wp\/v2\/types\/post"}],"author":[{"embeddable":true,"href":"https:\/\/www.europesays.com\/fr\/wp-json\/wp\/v2\/users\/2"}],"replies":[{"embeddable":true,"href":"https:\/\/www.europesays.com\/fr\/wp-json\/wp\/v2\/comments?post=481018"}],"version-history":[{"count":0,"href":"https:\/\/www.europesays.com\/fr\/wp-json\/wp\/v2\/posts\/481018\/revisions"}],"wp:featuredmedia":[{"embeddable":true,"href":"https:\/\/www.europesays.com\/fr\/wp-json\/wp\/v2\/media\/481019"}],"wp:attachment":[{"href":"https:\/\/www.europesays.com\/fr\/wp-json\/wp\/v2\/media?parent=481018"}],"wp:term":[{"taxonomy":"category","embeddable":true,"href":"https:\/\/www.europesays.com\/fr\/wp-json\/wp\/v2\/categories?post=481018"},{"taxonomy":"post_tag","embeddable":true,"href":"https:\/\/www.europesays.com\/fr\/wp-json\/wp\/v2\/tags?post=481018"}],"curies":[{"name":"wp","href":"https:\/\/api.w.org\/{rel}","templated":true}]}}