{"id":481020,"date":"2025-10-22T03:13:15","date_gmt":"2025-10-22T03:13:15","guid":{"rendered":"https:\/\/www.europesays.com\/fr\/481020\/"},"modified":"2025-10-22T03:13:15","modified_gmt":"2025-10-22T03:13:15","slug":"la-technique-de-cette-sud-coreenne-pour-tuer-un-cafard-au-lance-flammes-a-tourne-au-drame","status":"publish","type":"post","link":"https:\/\/www.europesays.com\/fr\/481020\/","title":{"rendered":"La technique de cette Sud-Cor\u00e9enne pour tuer un cafard au lance-flammes a tourn\u00e9 au drame"},"content":{"rendered":"<p>        <img decoding=\"async\" loading=\"lazy\" src=\"https:\/\/www.europesays.com\/fr\/wp-content\/uploads\/2025\/10\/efc07e1_upload-1-l4wok3hvggbh-cr10.jpg\"  width=\"728\" height=\"410\" alt=\"En voulant tuer un cafard, une Sud-Cor\u00e9enne a mis le feu \u00e0 son immeuble (photo d\u2019illustration).\"\/>  <\/p>\n<p>Adobe Stock<\/p>\n<p>En voulant tuer un cafard, une Sud-Cor\u00e9enne a mis le feu \u00e0 son immeuble (photo d\u2019illustration).<\/p>\n<p class=\"asset asset-text\">INTERNATIONAL &#8211; Un briquet et un spray inflammable. C\u2019est la m\u00e9thode imprudente qu\u2019a choisie une femme vivant \u00e0 Osan, en Cor\u00e9e du Sud, pour tuer un <a href=\"https:\/\/www.huffingtonpost.fr\/life\/article\/le-sniper-un-insecticide-utilise-contre-les-punaises-de-lit-et-les-cafards-dans-le-viseur-des-autorites-sanitaires_226630.html\" target=\"_blank\" rel=\"noopener\" title=\"Nouvelle fen\u00eatre\">cafard<\/a> qui s\u2019\u00e9tait introduit dans son appartement. D\u2019apr\u00e8s cette derni\u00e8re, le lance-flammes improvis\u00e9 qu\u2019elle a appris \u00e0 fabriquer sur <a href=\"https:\/\/www.huffingtonpost.fr\/tech-futurs\/article\/youtube-s-incline-face-a-trump-qui-s-en-felicite-avec-un-photomontage-improbable_255411.html\" target=\"_blank\" rel=\"noopener\" title=\"Nouvelle fen\u00eatre\">YouTube<\/a> avait d\u00e9j\u00e0 fonctionn\u00e9 auparavant \u2013 sauf que ce lundi 20\u00a0octobre, comme l\u2019explique la <a href=\"https:\/\/www.bbc.com\/news\/articles\/c0l7z53pe4go\" target=\"_blank\" rel=\"noopener\" title=\"Nouvelle fen\u00eatre\">BBC<\/a>, il a mis le feu au logement.<\/p>\n<p class=\"asset asset-text\">Selon les informations du <a href=\"https:\/\/www.straitstimes.com\/asia\/east-asia\/south-korean-woman-dies-saving-her-baby-from-apartment-fire\" target=\"_blank\" rel=\"noopener\" title=\"Nouvelle fen\u00eatre\">Straits Times<\/a>, un quotidien singapourien, <a href=\"https:\/\/www.huffingtonpost.fr\/international\/article\/10-mois-apres-les-incendies-de-los-angeles-un-chauffeur-uber-arrete_255764.html\" target=\"_blank\" rel=\"noopener\" title=\"Nouvelle fen\u00eatre\">l\u2019incendie<\/a> a d\u00e9marr\u00e9 au deuxi\u00e8me \u00e9tage vers 5\u00a0h\u00a030\u00a0heure locale et s\u2019est rapidement propag\u00e9 dans l\u2019immeuble abritant \u00e0 la fois des appartements et des commerces. Les habitants ont alors commenc\u00e9 \u00e0 \u00e9vacuer, mais un couple vivant au cinqui\u00e8me et dernier \u00e9tage avec leur b\u00e9b\u00e9 de deux mois s\u2019est retrouv\u00e9 pi\u00e9g\u00e9 par les flammes.<\/p>\n<p class=\"asset asset-text\">D\u2019apr\u00e8s la police, la famille n\u2019a pas pu sortir par les escaliers car la fum\u00e9e y \u00e9tait trop \u00e9paisse. Contraint de passer par leur fen\u00eatre, le couple a tout d\u2019abord mis le b\u00e9b\u00e9 en s\u00e9curit\u00e9 en le tendant \u00e0 un voisin, avant de tenter d\u2019\u00e9vacuer. La BBC indique que le mari a pu sortir du logement, mais que sa femme est tomb\u00e9e par la fen\u00eatre en essayant d\u2019\u00e9chapper \u00e0 l\u2019incendie.<\/p>\n<p class=\"asset asset-text\">Transport\u00e9e \u00e0 l\u2019h\u00f4pital, elle y est d\u00e9c\u00e9d\u00e9e quelques heures plus tard. Huit\u00a0autres habitants de l\u2019immeuble ont quant \u00e0 eux \u00e9t\u00e9 pris en charge pour inhalation de fum\u00e9e. Selon des m\u00e9dias locaux, les autorit\u00e9s vont exiger l\u2019\u00e9mission d\u2019un mandat d\u2019arr\u00eat visant la voisine ayant caus\u00e9 l\u2019incendie avec son lance-flammes improvis\u00e9. The Straits Times pr\u00e9cise que cette derni\u00e8re pourrait entre autres \u00eatre poursuivie pour homicide involontaire.<\/p>\n<p class=\"asset asset-text\">Ce n\u2019est pas la premi\u00e8re fois que cette technique dangereuse pour tuer des insectes nuisibles tourne \u00e0 la catastrophe. En 2018, la cha\u00eene australienne <a href=\"https:\/\/www.abc.net.au\/news\/2018-03-08\/insect-spray-flame-thrower-causes-explosion-in-mt-isa-kitchen\/9526452\" target=\"_blank\" rel=\"noopener\" title=\"Nouvelle fen\u00eatre\">ABC<\/a> racontait qu\u2019un homme s\u2019\u00e9tait bless\u00e9 et avait fait exploser sa cuisine en tentant de br\u00fbler des cafards avec un insecticide, malgr\u00e9 les avertissements sur l\u2019\u00e9tiquette indiquant que ces sprays sont tr\u00e8s inflammables.<\/p>\n","protected":false},"excerpt":{"rendered":"Adobe Stock En voulant tuer un cafard, une Sud-Cor\u00e9enne a mis le feu \u00e0 son immeuble (photo d\u2019illustration).&hellip;\n","protected":false},"author":2,"featured_media":481021,"comment_status":"","ping_status":"","sticky":false,"template":"","format":"standard","meta":{"footnotes":""},"categories":[5],"tags":[11,5640,1011,27,1310,24925,14,12,28],"class_list":{"0":"post-481020","1":"post","2":"type-post","3":"status-publish","4":"format-standard","5":"has-post-thumbnail","7":"category-international","8":"tag-actualites","9":"tag-coree-du-sud","10":"tag-fr","11":"tag-france","12":"tag-incendie","13":"tag-insectes","14":"tag-international","15":"tag-news","16":"tag-world"},"share_on_mastodon":{"url":"https:\/\/pubeurope.com\/@fr\/115415640257538468","error":""},"_links":{"self":[{"href":"https:\/\/www.europesays.com\/fr\/wp-json\/wp\/v2\/posts\/481020","targetHints":{"allow":["GET"]}}],"collection":[{"href":"https:\/\/www.europesays.com\/fr\/wp-json\/wp\/v2\/posts"}],"about":[{"href":"https:\/\/www.europesays.com\/fr\/wp-json\/wp\/v2\/types\/post"}],"author":[{"embeddable":true,"href":"https:\/\/www.europesays.com\/fr\/wp-json\/wp\/v2\/users\/2"}],"replies":[{"embeddable":true,"href":"https:\/\/www.europesays.com\/fr\/wp-json\/wp\/v2\/comments?post=481020"}],"version-history":[{"count":0,"href":"https:\/\/www.europesays.com\/fr\/wp-json\/wp\/v2\/posts\/481020\/revisions"}],"wp:featuredmedia":[{"embeddable":true,"href":"https:\/\/www.europesays.com\/fr\/wp-json\/wp\/v2\/media\/481021"}],"wp:attachment":[{"href":"https:\/\/www.europesays.com\/fr\/wp-json\/wp\/v2\/media?parent=481020"}],"wp:term":[{"taxonomy":"category","embeddable":true,"href":"https:\/\/www.europesays.com\/fr\/wp-json\/wp\/v2\/categories?post=481020"},{"taxonomy":"post_tag","embeddable":true,"href":"https:\/\/www.europesays.com\/fr\/wp-json\/wp\/v2\/tags?post=481020"}],"curies":[{"name":"wp","href":"https:\/\/api.w.org\/{rel}","templated":true}]}}