{"id":481022,"date":"2025-10-22T03:14:10","date_gmt":"2025-10-22T03:14:10","guid":{"rendered":"https:\/\/www.europesays.com\/fr\/481022\/"},"modified":"2025-10-22T03:14:10","modified_gmt":"2025-10-22T03:14:10","slug":"valls-etrille-la-decision-de-macron-et-lecornu-de-lavoir-ecarte-du-gouvernement","status":"publish","type":"post","link":"https:\/\/www.europesays.com\/fr\/481022\/","title":{"rendered":"Valls \u00e9trille la d\u00e9cision de Macron et Lecornu de l\u2019avoir \u00e9cart\u00e9 du gouvernement"},"content":{"rendered":"<p>\n    Dans une interview au Point, l\u2019ancien ministre des Outre-mer pointe une incoh\u00e9rence dans l\u2019\u00e9quipe \u00abLecornu 2\u00bb qui, \u00e0 rebours du constat du premier ministre, ne serait \u00abni renouvel\u00e9e ni compos\u00e9e exclusivement de membres de la soci\u00e9t\u00e9 civile\u00bb.<\/p>\n<p class=\"fig-paragraph\">Il \u00e9tait revenu, \u00e0 la surprise g\u00e9n\u00e9rale, aux affaires dans l\u2019\u00e9quipe de\u00a0<a href=\"http:\/\/www.lefigaro.fr\/politique\/guillaume-tabard-barnier-bayrou-lecornu-le-tragique-de-repetition-20251006\" data-fig-type=\"Article\" data-gtm-custom-categorie=\"navigation\" data-gtm-custom-action=\"crossclick\" data-gtm-custom-label=\"Contextuel\" data-gtm-event=\"customEventSPE\" data-fig-domain=\"LEFIGARO\" target=\"_blank\" rel=\"noopener\">Fran\u00e7ois Bayrou,\u00a0<\/a>avant de faire, dix mois plus tard, les frais de la crise politique d\u00e9clench\u00e9e par la nomination du gouvernement \u00abLecornu 1\u00bb. Un peu plus d\u2019une semaine apr\u00e8s son d\u00e9part forc\u00e9,\u00a0<a href=\"http:\/\/www.lefigaro.fr\/politique\/outre-mer-manuel-valls-regrette-de-ne-pas-pouvoir-terminer-son-action-a-la-tete-du-ministere-20251013\" data-fig-type=\"NewsFlash\" data-gtm-custom-categorie=\"navigation\" data-gtm-custom-action=\"crossclick\" data-gtm-custom-label=\"Contextuel\" data-gtm-event=\"customEventSPE\" data-fig-domain=\"LEFIGARO\" target=\"_blank\" rel=\"noopener\">Manuel Valls<\/a>\u00a0laisse transpara\u00eetre sa frustration de ne pas poursuivre son action au minist\u00e8re des Outre-mer. Notamment dans la lanc\u00e9e de l\u2019accord historique de Bougival, qu\u2019il avait fait aboutir en juillet sur l\u2019avenir de la Nouvelle-Cal\u00e9donie, entre les non-ind\u00e9pendantistes, l\u2019\u00c9tat et les ind\u00e9pendantistes, mais dont le FLNKS s\u2019est depuis retir\u00e9.<\/p>\n<p class=\"fig-paragraph\">Dans une interview publi\u00e9e mardi soir sur le site du magazine\u00a0<a href=\"https:\/\/www.lepoint.fr\/politique\/exclusif-manuel-valls-le-macronisme-a-ete-la-negation-du-politique-21-10-2025-2601468_20.php\" target=\"_blank\" rel=\"sponsored noopener\" data-gtm-custom-categorie=\"navigation\" data-gtm-custom-action=\"crossclick\" data-gtm-custom-label=\"Contextuel\" data-gtm-event=\"customEventSPE\">Le Point<\/a> , l\u2019ancien premier ministre affirme \u00abne pas comprendre la d\u00e9cision\u00bb d\u2019Emmanuel Macron et de S\u00e9bastien Lecornu de l\u2019\u00e9carter du gouvernement \u00abLecornu 2\u00bb, &#8211; un \u00abm\u00e9lange de mesquinerie et de cynisme\u00bb, grince-t-il. Une pique d\u2019autant plus acide que le couple ex\u00e9cutif l\u2019avait confirm\u00e9 dans ses fonctions le 5 octobre. Et ce, quelques heures \u00e0 peine avant que le premier ministre ne pr\u00e9sente sa d\u00e9mission, le lendemain, en r\u00e9action au tweet mordant de\u00a0<a href=\"http:\/\/www.lefigaro.fr\/politique\/bruno-retailleau-au-figaro-le-projet-de-budget-de-l-executif-est-invotable-par-la-droite-20251021\" data-fig-type=\"Article\" data-gtm-custom-categorie=\"navigation\" data-gtm-custom-action=\"crossclick\" data-gtm-custom-label=\"Contextuel\" data-gtm-event=\"customEventSPE\" data-fig-domain=\"LEFIGARO\" target=\"_blank\" rel=\"noopener\">Bruno Retailleau<\/a>, qui s\u2019\u00e9tonnait sur X des \u00e9quilibres politiques de \u00abLecornu 1\u00bb et, sans le nommer, de la nomination de Bruno Le Maire aux Arm\u00e9es. Un choix dont le pr\u00e9sident de LR a dit ne pas avoir \u00e9t\u00e9 inform\u00e9, et qui lui a servi de pr\u00e9texte pour claquer la porte du gouvernement.<\/p>\n<p class=\"fig-body-link\">\n            \u00c0 lire aussi<br \/>\n        <a class=\"fig-body-link__link fig-premium-mark\" href=\"http:\/\/www.lefigaro.fr\/politique\/a-l-assemblee-sebastien-lecornu-donne-de-nouveaux-gages-aux-socialistes-sur-la-suspension-de-la-reforme-des-retraites-20251021\" data-fig-type=\"Article\" data-gtm-custom-categorie=\"navigation\" data-gtm-custom-action=\"crossclick\" data-gtm-custom-label=\"Contextuel\" data-gtm-event=\"customEventSPE\" data-fig-domain=\"LEFIGARO\" target=\"_blank\" rel=\"noopener\">\u00c0 l\u2019Assembl\u00e9e, S\u00e9bastien Lecornu donne de nouveaux gages aux socialistes sur la suspension de la r\u00e9forme des retraites<br \/>\n    <\/a>\n<\/p>\n<p>                                    <a class=\"fig-a11y-skip a11y-hidden\" href=\"#fig-a11y-skip-main-inarticle\"><br \/>\n        Passer la publicit\u00e9<br \/>\n    <\/a><\/p>\n<p class=\"fig-paragraph\">Manuel Valls a beau assurer qu\u2019il ne tire de sa sortie ni \u00abamertume\u00bb ni \u00abranc\u0153ur\u00bb, il n\u2019en demeure pas moins circonspect\u00a0: \u00abMa mission n\u00e9cessitait du temps et de la stabilit\u00e9\u00bb et \u00abavait vocation \u00e0 se poursuivre\u00bb, se lamente l\u2019ancien socialiste, d\u00e9mis de ses fonctions le 12 octobre. Car, au-del\u00e0 du dossier cal\u00e9donien, l\u2019ex-ministre de l\u2019Int\u00e9rieur entendait aussi \u00abd\u00e9fendre la loi contre la vie ch\u00e8re qui brise le lien social, mener des chantiers institutionnels pour la Guyane, la Martinique, la Guadeloupe et suivre la refondation de Mayotte\u00bb. Autant de dossiers br\u00fblants qu\u2019il a d\u00fb laisser sur le bureau de sa successeure, la philippiste\u00a0<a href=\"http:\/\/www.lefigaro.fr\/politique\/naima-moutchou-une-proche-d-edouard-philippe-a-la-fonction-publique-20251005\" data-fig-type=\"Article\" data-gtm-custom-categorie=\"navigation\" data-gtm-custom-action=\"crossclick\" data-gtm-custom-label=\"Contextuel\" data-gtm-event=\"customEventSPE\" data-fig-domain=\"LEFIGARO\" target=\"_blank\" rel=\"noopener\">Na\u00efma Moutchou<\/a>. Si le Franco-Espagnol confie que \u00abpersonne n\u2019est irrempla\u00e7able\u00bb, il sait sans doute qu\u2019il paie ici le prix d\u2019\u00eatre une figure politique tr\u00e8s identifi\u00e9e par les Fran\u00e7ais. Peut-\u00eatre trop.<\/p>\n<p>Un gouvernement h\u00e9t\u00e9roclite<\/p>\n<p class=\"fig-paragraph\">Peu importe pour Manuel Valls, chez qui la pilule semble avoir du mal \u00e0 passer. \u00c0 rebours de S\u00e9bastien Lecornu, qui a vant\u00e9 une \u00e9quipe \u00abm\u00ealant soci\u00e9t\u00e9 civile, profils exp\u00e9riment\u00e9s et jeunes parlementaires\u00bb afin de d\u00e9connecter son action des logiques partisanes et pr\u00e9sidentielles &#8211; dans le but, plus ou moins avou\u00e9, de repousser le risque de censure -, l\u2019ancien premier ministre, lui, \u00abconstate que ce n\u2019est ni un gouvernement renouvel\u00e9 ni compos\u00e9 exclusivement de membres de la soci\u00e9t\u00e9 civile.\u00bb<\/p>\n<p class=\"fig-paragraph\">Il n\u2019emp\u00eache\u00a0: de nouveaux profils \u00abtechniques\u00bb ont bel et bien fait leur entr\u00e9e dans l\u2019\u00e9quipe minist\u00e9rielle &#8211; \u00e0 commencer par\u00a0<a href=\"http:\/\/www.lefigaro.fr\/politique\/crise-de-l-investigation-le-ministre-de-l-interieur-laurent-nunez-promet-un-plan-et-rejette-une-remise-en-cause-de-la-reforme-20251021\" data-fig-type=\"NewsFlash\" data-gtm-custom-categorie=\"navigation\" data-gtm-custom-action=\"crossclick\" data-gtm-custom-label=\"Contextuel\" data-gtm-event=\"customEventSPE\" data-fig-domain=\"LEFIGARO\" target=\"_blank\" rel=\"noopener\">Laurent Nu\u00f1ez<\/a>, pr\u00e9fet de police de Paris, nomm\u00e9 \u00e0 l\u2019Int\u00e9rieur ; Jean-Pierre Farandou, ancien PDG de la SNCF, au Travail, Monique Barbut, ex-pr\u00e9sidente de WWF France, \u00e0 la Transition \u00e9cologique ; ou encore l\u2019ex-directeur g\u00e9n\u00e9ral de l\u2019Enseignement scolaire, \u00c9douard Geffray, \u00e0 l\u2019\u00c9ducation. Plusieurs ministres, d\u00e9j\u00e0 pr\u00e9sents dans les gouvernements Bayrou ou Barnier, demeurent toutefois en place, comme l\u2019insinue Manuel Valls &#8211; \u00e0 l\u2019instar de Catherine Vautrin, pass\u00e9e du Travail et de la Sant\u00e9 aux Arm\u00e9es, de G\u00e9rald Darmanin maintenu \u00e0 la Justice, de Jean-No\u00ebl Barrot, rest\u00e9 aux Affaires \u00e9trang\u00e8res, ou de Rachida Dati, reconduite \u00e0 la Culture.<\/p>\n<p class=\"fig-body-link\">\n            \u00c0 lire aussi<br \/>\n        <a class=\"fig-body-link__link fig-premium-mark\" href=\"http:\/\/www.lefigaro.fr\/politique\/lecornu-2-un-fragile-gouvernement-signe-emmanuel-macron-20251012\" data-fig-type=\"Article\" data-gtm-custom-categorie=\"navigation\" data-gtm-custom-action=\"crossclick\" data-gtm-custom-label=\"Contextuel\" data-gtm-event=\"customEventSPE\" data-fig-domain=\"LEFIGARO\" target=\"_blank\" rel=\"noopener\">\u00ab\u00a0Lecornu 2\u00a0\u00bb, un fragile gouvernement sign\u00e9 Emmanuel Macron<br \/>\n    <\/a>\n<\/p>\n<p class=\"fig-paragraph\">Comment Manuel Valls justifie-t-il alors sa mise \u00e0 l&rsquo;\u00e9cart\u00a0? Il estime subir \u00absans doute plut\u00f4t le fait d\u2019avoir r\u00e9ussi \u00e0 r\u00e9instaurer le dialogue en Nouvelle-Cal\u00e9donie alors que ceux qui ont d\u00e9cid\u00e9 de (son) d\u00e9part avaient \u00e9chou\u00e9 sur ce dossier\u00bb. Mais surtout, il laisse entendre que \u00ab(ses) d\u00e9saccords avec le pr\u00e9sident, moins sur la reconnaissance d\u2019un \u00c9tat palestinien sans conditions (annonc\u00e9e le 22 septembre dernier \u00e0 l\u2019ONU, NDLR) que sur une question plus profonde\u00a0: le rapport de la France aux Fran\u00e7ais juifs\u00bb ont pes\u00e9 dans la balance.<\/p>\n<p class=\"fig-paragraph\">L\u2019ancien premier ministre, connu pour son engagement dans la lutte contre\u00a0<a href=\"http:\/\/www.lefigaro.fr\/actualite-france\/la-place-d-un-juif-n-est-plus-en-france-face-a-la-montee-de-l-antisemitisme-ces-jeunes-francais-choisissent-israel-20251016\" data-fig-type=\"Article\" data-gtm-custom-categorie=\"navigation\" data-gtm-custom-action=\"crossclick\" data-gtm-custom-label=\"Contextuel\" data-gtm-event=\"customEventSPE\" data-fig-domain=\"LEFIGARO\" target=\"_blank\" rel=\"noopener\">l\u2019antis\u00e9mitisme\u00a0<\/a>&#8211; un fl\u00e9au en forte recrudescence dans l\u2019Hexagone depuis le 7-Octobre &#8211; en profite pour r\u00e9gler ses comptes avec Emmanuel Macron, qu\u2019il n\u2019a jamais m\u00e9nag\u00e9. Le pr\u00e9sident aurait, selon lui, contribu\u00e9 au \u00abmalaise\u00bb des Juifs de France. En cause\u00a0? Son refus de participer \u00e0 la grande marche de novembre 2023 contre l\u2019antis\u00e9mitisme, et \u00abun certain nombre de propos\u00bb incriminant l\u2019\u00c9tat h\u00e9breu pour la guerre men\u00e9e pendant deux ans \u00e0 Gaza contre le Hamas.<\/p>\n","protected":false},"excerpt":{"rendered":"Dans une interview au Point, l\u2019ancien ministre des Outre-mer pointe une incoh\u00e9rence dans l\u2019\u00e9quipe \u00abLecornu 2\u00bb qui, \u00e0&hellip;\n","protected":false},"author":2,"featured_media":481023,"comment_status":"","ping_status":"","sticky":false,"template":"","format":"standard","meta":{"footnotes":""},"categories":[4],"tags":[11,1073,1011,27,15315,12,4166,25],"class_list":{"0":"post-481022","1":"post","2":"type-post","3":"status-publish","4":"format-standard","5":"has-post-thumbnail","7":"category-france","8":"tag-actualites","9":"tag-emmanuel-macron","10":"tag-fr","11":"tag-france","12":"tag-manuel-valls","13":"tag-news","14":"tag-outre-mer","15":"tag-republique-francaise"},"share_on_mastodon":{"url":"https:\/\/pubeurope.com\/@fr\/115415644111945950","error":""},"_links":{"self":[{"href":"https:\/\/www.europesays.com\/fr\/wp-json\/wp\/v2\/posts\/481022","targetHints":{"allow":["GET"]}}],"collection":[{"href":"https:\/\/www.europesays.com\/fr\/wp-json\/wp\/v2\/posts"}],"about":[{"href":"https:\/\/www.europesays.com\/fr\/wp-json\/wp\/v2\/types\/post"}],"author":[{"embeddable":true,"href":"https:\/\/www.europesays.com\/fr\/wp-json\/wp\/v2\/users\/2"}],"replies":[{"embeddable":true,"href":"https:\/\/www.europesays.com\/fr\/wp-json\/wp\/v2\/comments?post=481022"}],"version-history":[{"count":0,"href":"https:\/\/www.europesays.com\/fr\/wp-json\/wp\/v2\/posts\/481022\/revisions"}],"wp:featuredmedia":[{"embeddable":true,"href":"https:\/\/www.europesays.com\/fr\/wp-json\/wp\/v2\/media\/481023"}],"wp:attachment":[{"href":"https:\/\/www.europesays.com\/fr\/wp-json\/wp\/v2\/media?parent=481022"}],"wp:term":[{"taxonomy":"category","embeddable":true,"href":"https:\/\/www.europesays.com\/fr\/wp-json\/wp\/v2\/categories?post=481022"},{"taxonomy":"post_tag","embeddable":true,"href":"https:\/\/www.europesays.com\/fr\/wp-json\/wp\/v2\/tags?post=481022"}],"curies":[{"name":"wp","href":"https:\/\/api.w.org\/{rel}","templated":true}]}}