{"id":481026,"date":"2025-10-22T03:16:55","date_gmt":"2025-10-22T03:16:55","guid":{"rendered":"https:\/\/www.europesays.com\/fr\/481026\/"},"modified":"2025-10-22T03:16:55","modified_gmt":"2025-10-22T03:16:55","slug":"firminy-un-public-venu-en-nombre-pour-laubade-au-parc","status":"publish","type":"post","link":"https:\/\/www.europesays.com\/fr\/481026\/","title":{"rendered":"Firminy. Un public venu en nombre pour l\u2019aubade au Parc"},"content":{"rendered":"<p>Comme chaque ann\u00e9e, le Corso a commenc\u00e9 samedi soir par une belle pr\u00e9sentation des troupes, au cours d\u2019un repas qui a rassembl\u00e9 pr\u00e8s de 500 convives au Firmament.<\/p>\n<p>Dimanche matin, tout le monde \u00e9tait \u00e0 nouveau r\u00e9uni, mais cette fois au parc Vincent-Brunon. Les troupes invit\u00e9es, parfois venues de tr\u00e8s loin, y ont pr\u00e9sent\u00e9 de tr\u00e8s belles prestations devant un public venu en nombre. La matin\u00e9e s\u2019est termin\u00e9e par le traditionnel l\u00e2cher de pigeons par la soci\u00e9t\u00e9 colombophile de l\u2019Ondaine.<\/p>\n","protected":false},"excerpt":{"rendered":"Comme chaque ann\u00e9e, le Corso a commenc\u00e9 samedi soir par une belle pr\u00e9sentation des troupes, au cours d\u2019un&hellip;\n","protected":false},"author":2,"featured_media":481027,"comment_status":"","ping_status":"","sticky":false,"template":"","format":"standard","meta":{"footnotes":""},"categories":[9653],"tags":[1111,11,2430,1687,7539,1777,674,3326,10282,10283,1011,27,12,25,4001],"class_list":{"0":"post-481026","1":"post","2":"type-post","3":"status-publish","4":"format-standard","5":"has-post-thumbnail","7":"category-saint-etienne","8":"tag-actu","9":"tag-actualites","10":"tag-auvergne-rhone-alpes","11":"tag-culture-loisirs","12":"tag-edition-loire-sud","13":"tag-eu","14":"tag-europe","15":"tag-fete-locale","16":"tag-firminy","17":"tag-firminy-ville","18":"tag-fr","19":"tag-france","20":"tag-news","21":"tag-republique-francaise","22":"tag-saint-etienne"},"share_on_mastodon":{"url":"https:\/\/pubeurope.com\/@fr\/115415655581350466","error":""},"_links":{"self":[{"href":"https:\/\/www.europesays.com\/fr\/wp-json\/wp\/v2\/posts\/481026","targetHints":{"allow":["GET"]}}],"collection":[{"href":"https:\/\/www.europesays.com\/fr\/wp-json\/wp\/v2\/posts"}],"about":[{"href":"https:\/\/www.europesays.com\/fr\/wp-json\/wp\/v2\/types\/post"}],"author":[{"embeddable":true,"href":"https:\/\/www.europesays.com\/fr\/wp-json\/wp\/v2\/users\/2"}],"replies":[{"embeddable":true,"href":"https:\/\/www.europesays.com\/fr\/wp-json\/wp\/v2\/comments?post=481026"}],"version-history":[{"count":0,"href":"https:\/\/www.europesays.com\/fr\/wp-json\/wp\/v2\/posts\/481026\/revisions"}],"wp:featuredmedia":[{"embeddable":true,"href":"https:\/\/www.europesays.com\/fr\/wp-json\/wp\/v2\/media\/481027"}],"wp:attachment":[{"href":"https:\/\/www.europesays.com\/fr\/wp-json\/wp\/v2\/media?parent=481026"}],"wp:term":[{"taxonomy":"category","embeddable":true,"href":"https:\/\/www.europesays.com\/fr\/wp-json\/wp\/v2\/categories?post=481026"},{"taxonomy":"post_tag","embeddable":true,"href":"https:\/\/www.europesays.com\/fr\/wp-json\/wp\/v2\/tags?post=481026"}],"curies":[{"name":"wp","href":"https:\/\/api.w.org\/{rel}","templated":true}]}}