{"id":481041,"date":"2025-10-22T03:28:33","date_gmt":"2025-10-22T03:28:33","guid":{"rendered":"https:\/\/www.europesays.com\/fr\/481041\/"},"modified":"2025-10-22T03:28:33","modified_gmt":"2025-10-22T03:28:33","slug":"national-a-onze-contre-dix-en-deuxieme-mi-temps-caen-prend-un-point-face-a-rouen","status":"publish","type":"post","link":"https:\/\/www.europesays.com\/fr\/481041\/","title":{"rendered":"National. \u00c0 onze contre dix en deuxi\u00e8me mi-temps, Caen prend un point face \u00e0 Rouen"},"content":{"rendered":"<p>            Par<br \/>\n        <strong><br \/>\n            <a href=\"https:\/\/actu.fr\/auteur\/aline-chatel\" title=\"Consulter tous les articles de Aline Chatel\" target=\"_blank\" rel=\"noopener\">Aline Chatel<\/a><br \/>\n        <\/strong><\/p>\n<p>        Publi\u00e9 le<\/p>\n<p>            21 oct. 2025 \u00e0 22h07        <\/p>\n<p>Quatre jours apr\u00e8s une<b> d\u00e9faite piteuse<\/b> \u00e0 Orl\u00e9ans (<a href=\"https:\/\/actu.fr\/normandie\/caen_14118\/national-a-nouveau-decevant-le-stade-malherbe-caen-replonge-a-orleans_63318553.html\" target=\"_blank\" rel=\"noopener\">2-1<\/a>), le <a href=\"https:\/\/actu.fr\/tag\/stade-malherbe-de-caen\" target=\"_blank\" rel=\"noopener\">Stade Malherbe Caen<\/a> a r\u00e9ussi ce qu\u2019aucune autre formation de National n\u2019\u00e9tait parvenue \u00e0 faire au cours des cinq derni\u00e8res rencontres :<b> prendre un point au FC Rouen<\/b>. Le match nul obtenu ce mardi 21 octobre 2025 (1-1) devant les 17 128 spectateurs du stade d\u2019Ornano n<b>e peut toutefois pas satisfaire les Malherbistes<\/b>. Ils ont jou\u00e9 35 minutes \u00e0 onze contre dix sans trouver la solution dans la solide arri\u00e8re-garde seinomarine.\u00a0<\/p>\n<p>Pas de bascule au rouge rouennais<\/p>\n<p class=\" wall-content\">L\u2019<b>expulsion de Mustapha Benzia apr\u00e8s 52 minutes de jeu<\/b>, pour un deuxi\u00e8me carton jaune cons\u00e9cutif \u00e0 une faute sur Vinicius Gomes, avait pourtant des airs de tournant. Caen avait su<b> revenir dans le match en fin de premi\u00e8re mi-temps <\/b>et avait bien lanc\u00e9 la seconde p\u00e9riode. L\u00e9o Milliner (47\u2032) et Belkacem Dali-Amar (49\u2032) avaient illustr\u00e9 les bonnes intentions caennaises par des frappes lointaines. La sup\u00e9riorit\u00e9 num\u00e9rique<b> laissait pr\u00e9sager le meilleur<\/b>.<\/p>\n<p>    <img   decoding=\"async\" loading=\"lazy\" class=\"size-large\" src=\"https:\/\/www.europesays.com\/fr\/wp-content\/uploads\/2025\/10\/058bb396d7f86f88bb396d7f8cc8bbv-960x640.jpg\" alt=\"Ronny Labonne\" width=\"960\" height=\"640\"\/><br \/>\n    Ronny Labonne \u00a9Romain BOUILLON<\/p>\n<p class=\" wall-content\">Il y eut du mieux, incontestablement, au regard de ce que les Rouge et Bleu avaient produit un peu plus t\u00f4t \u00e0 Orl\u00e9ans. Mais ce ne fut <b>pas suffisant pour perturber la d\u00e9fense rouennaise<\/b>. Rouen n\u2019a m\u00eame pas cherch\u00e9 \u00e0 contester la possession de balle locale, mais les Malherbistes ont de nouveau manqu\u00e9 d\u2019id\u00e9es, de cr\u00e9ativit\u00e9, de changements de rythme et de courses franches pour <b>\u00e9viter une circulation p\u00e9riph\u00e9rique et st\u00e9rile<\/b>.\u00a0<\/p>\n<p>Une domination st\u00e9rile<\/p>\n<p class=\" wall-content\">En d\u00e9pit d\u2019une configuration r\u00e9solument offensive, autour d\u2019une d\u00e9fense \u00e0 trois adopt\u00e9e d\u2019entr\u00e9e de jeu et <b>des remplacements \u00e0 l\u2019ambition \u00e9vidente<\/b>, le danger est rest\u00e9 tr\u00e8s diffus jusque dans les derni\u00e8res minutes. Williams Mazi\u00e9 (65\u2032), Didi Gaucho (69\u2032) et Lorenzo Rajot (75\u2032) n\u2019ont pas cadr\u00e9. Anthony Mandr\u00e9a a d\u00fb intervenir, sans difficult\u00e9, face aux tentatives de Cl\u00e9ment Bassin (79\u2032) et Idrissa Seydi (81\u2032).\u00a0<\/p>\n<p>    <img   decoding=\"async\" loading=\"lazy\" class=\"size-large\" src=\"https:\/\/www.europesays.com\/fr\/wp-content\/uploads\/2025\/10\/49937496d7f863d937496d7f801a37v-960x640.jpg\" alt=\"Didi Gaucho\" width=\"960\" height=\"640\"\/><br \/>\n    Didi Gaucho \u00a9Romain BOUILLON<\/p>\n<p class=\" wall-content\">Caen a<b> surtout pouss\u00e9 apr\u00e8s l\u2019expulsion d\u2019Ivann Botella<\/b> pour une grosse perte de contr\u00f4le (87\u2032). Les cinq minutes de temps additionnel ont permis de mettre un peu plus Rouen sur le reculoir, mais cela n\u2019a pas suffi. Les Malherbistes ne se sont <b>pas procur\u00e9s d\u2019occasions franches<\/b> malgr\u00e9 quelques ballons devant le but adverse. Ils auront bien trop peu camp\u00e9 dans la surface rouennaise tout au long des d\u00e9bats, eux qui \u00e9taient<b> plut\u00f4t bien entr\u00e9s dans le match sans \u00eatre incisifs<\/b>. Rouen s\u2019\u00e9tait montr\u00e9 bien plus <b>tranchant<\/b> et avait ouvert le score par son capitaine, Bassin, apr\u00e8s seulement onze minutes de jeu. Ronny Labonne, tr\u00e8s en difficult\u00e9, avait d\u00e9sert\u00e9 le second poteau (0-1, 12\u2032).\u00a0<\/p>\n<p>Votre r\u00e9gion, votre actu !<\/p>\n<p>Recevez chaque jour les infos qui comptent pour vous.<\/p>\n<p>\t<a href=\"https:\/\/actu.fr\/newsletter\" class=\"ac-btn ac-btn--corner ac-btn--medium ac-btn--blue800\" target=\"_blank\" rel=\"noopener\">S&rsquo;incrire<\/a><br \/>\nCaen tr\u00e8s peu dangereux<\/p>\n<p class=\" wall-content\">Les Malherbistes n\u2019\u00e9taient pas parvenus \u00e0 r\u00e9agir, les tentatives de Belkacem Dali-Amar (27\u2032) ou Etuin (34\u2032) traduisant surtout des aveux d\u2019impuissance. Pourtant, <b>Rouen avait commenc\u00e9 \u00e0 l\u00e2cher du lest<\/b>, montrant moins d\u2019agressivit\u00e9 dans sa mani\u00e8re de d\u00e9fendre. Longtemps emprunt\u00e9s, les Caennais ont fini par acc\u00e9l\u00e9rer via <b>un centre de Mohamed Hafid,<\/b> tr\u00e8s l\u00e9g\u00e8rement d\u00e9vi\u00e9 par un d\u00e9fenseur.\u00a0Suffisant pour tromper Temperton (1-1, 43\u2032).\u00a0<\/p>\n<p>    <img   decoding=\"async\" loading=\"lazy\" class=\"size-large\" src=\"https:\/\/www.europesays.com\/fr\/wp-content\/uploads\/2025\/10\/1eb91496d7f8602c91496d7f8e5c91v-960x640.jpg\" alt=\"Maxime Etuin\" width=\"960\" height=\"640\"\/><br \/>\n    Maxime Etuin \u00a9Romain BOUILLON<\/p>\n<p class=\" wall-content\">Le score n\u2019\u00e9voluera pas. <b>Le Stade Malherbe est encore trop inoffensif et peu inspir\u00e9<\/b>, mais il n\u2019a pas perdu le derby face au leader. Un moindre mal dans la configuration actuelle. Les autres r\u00e9sultats lui permettent de rester \u00e0 six points de la deuxi\u00e8me place, avec un match de plus que Dijon.<\/p>\n<p class=\" wall-content\">Personnalisez votre actualit\u00e9 en ajoutant vos villes et m\u00e9dias en favori avec <a href=\"https:\/\/moncompte.actu.fr\" title=\"D\u00e9couvez Mon Actu\" rel=\"nofollow noopener\" data-trk=\"{&quot;cta&quot;:{&quot;action&quot;:&quot;https:\\\/\\\/moncompte.actu.fr&quot;,&quot;category&quot;:&quot;mon compte&quot;,&quot;from&quot;:&quot;article footer&quot;,&quot;name&quot;:&quot;Mon actu&quot;,&quot;type&quot;:&quot;cta&quot;}}\" target=\"_blank\">Mon Actu<\/a>.<\/p>\n","protected":false},"excerpt":{"rendered":"Par Aline Chatel Publi\u00e9 le 21 oct. 2025 \u00e0 22h07 Quatre jours apr\u00e8s une d\u00e9faite piteuse \u00e0 Orl\u00e9ans&hellip;\n","protected":false},"author":2,"featured_media":481042,"comment_status":"","ping_status":"","sticky":false,"template":"","format":"standard","meta":{"footnotes":""},"categories":[9587],"tags":[1111,11,1777,674,63,1011,27,12,5161,25,9590,15104,1745,60,266],"class_list":{"0":"post-481041","1":"post","2":"type-post","3":"status-publish","4":"format-standard","5":"has-post-thumbnail","7":"category-rouen","8":"tag-actu","9":"tag-actualites","10":"tag-eu","11":"tag-europe","12":"tag-football","13":"tag-fr","14":"tag-france","15":"tag-news","16":"tag-normandie","17":"tag-republique-francaise","18":"tag-rouen","19":"tag-sm-caen","20":"tag-sport-caen","21":"tag-sports","22":"tag-stade-malherbe-de-caen"},"share_on_mastodon":{"url":"https:\/\/pubeurope.com\/@fr\/115415699730854055","error":""},"_links":{"self":[{"href":"https:\/\/www.europesays.com\/fr\/wp-json\/wp\/v2\/posts\/481041","targetHints":{"allow":["GET"]}}],"collection":[{"href":"https:\/\/www.europesays.com\/fr\/wp-json\/wp\/v2\/posts"}],"about":[{"href":"https:\/\/www.europesays.com\/fr\/wp-json\/wp\/v2\/types\/post"}],"author":[{"embeddable":true,"href":"https:\/\/www.europesays.com\/fr\/wp-json\/wp\/v2\/users\/2"}],"replies":[{"embeddable":true,"href":"https:\/\/www.europesays.com\/fr\/wp-json\/wp\/v2\/comments?post=481041"}],"version-history":[{"count":0,"href":"https:\/\/www.europesays.com\/fr\/wp-json\/wp\/v2\/posts\/481041\/revisions"}],"wp:featuredmedia":[{"embeddable":true,"href":"https:\/\/www.europesays.com\/fr\/wp-json\/wp\/v2\/media\/481042"}],"wp:attachment":[{"href":"https:\/\/www.europesays.com\/fr\/wp-json\/wp\/v2\/media?parent=481041"}],"wp:term":[{"taxonomy":"category","embeddable":true,"href":"https:\/\/www.europesays.com\/fr\/wp-json\/wp\/v2\/categories?post=481041"},{"taxonomy":"post_tag","embeddable":true,"href":"https:\/\/www.europesays.com\/fr\/wp-json\/wp\/v2\/tags?post=481041"}],"curies":[{"name":"wp","href":"https:\/\/api.w.org\/{rel}","templated":true}]}}