{"id":481046,"date":"2025-10-22T03:32:20","date_gmt":"2025-10-22T03:32:20","guid":{"rendered":"https:\/\/www.europesays.com\/fr\/481046\/"},"modified":"2025-10-22T03:32:20","modified_gmt":"2025-10-22T03:32:20","slug":"40-000-professionnels-du-btp-attendus-pendant-trois-jours-a-rennes","status":"publish","type":"post","link":"https:\/\/www.europesays.com\/fr\/481046\/","title":{"rendered":"40\u00a0000\u00a0professionnels du BTP attendus pendant trois jours \u00e0 Rennes"},"content":{"rendered":"<p>Rendez-vous majeur dans l\u2019ouest de la fili\u00e8re des professionnels du b\u00e2timent et des travaux publics, <a href=\"https:\/\/www.artibat.com\/\" target=\"_blank\" rel=\"nofollow noopener\">le salon Artibat tient sa 20e \u00e9dition au parc des expositions de Rennes<\/a>, du 22 au 24\u00a0octobre 2025. Un millier d\u2019exposants sont annonc\u00e9s et 40\u00a0000\u00a0visiteurs professionnels sont attendus \u00e0 ce salon. <strong>\u00ab\u00a0\u00c0 la t\u00eate de nos entreprises, nous sommes tous un peu la t\u00eate dans le guidon. Artibat est vraiment l\u2019occasion, dans notre r\u00e9gion, de d\u00e9couvrir des nouveaut\u00e9s et les innovations dans nos m\u00e9tiers\u00a0\u00bb<\/strong>, conc\u00e8de\u00a0Jean-Michel Galle, pr\u00e9sident de la <a href=\"https:\/\/www.ffbatiment.fr\/organisation-ffb\/federations-departementales-chambres-syndicales\/ille-et-vilaine\" target=\"_blank\" rel=\"nofollow noopener\">F\u00e9d\u00e9ration du b\u00e2timent et des travaux publics d\u2019Ille-et-Vilaine (FFB 35)<\/a> et dirigeant de l\u2019entreprise de couverture, plomberie-chauffage Galle, install\u00e9e \u00e0 Foug\u00e8res et Romagn\u00e9 depuis 1904. V\u00e9ritable vitrine des nouveaut\u00e9s dans les diff\u00e9rentes fili\u00e8res, des d\u00e9monstrations technologiques d\u2019assistance robotis\u00e9e et d\u2019intelligence artificielle sont notamment au programme du p\u00f4le \u00ab\u00a0innovation\u00a0\u00bb.<\/p>\n<p><strong>Lire aussi\u00a0:<\/strong> <a href=\"https:\/\/saint-brieuc.maville.com\/actu\/actudet_-construction-renovation...-le-marche-du-batiment-breton-rebondit-doucement-_5-6960770_actu.Htm\" target=\"_blank\" rel=\"nofollow noopener\">Construction, r\u00e9novation\u2026 le march\u00e9 du b\u00e2timent breton rebondit doucement<\/a><\/p>\n<p>Dans la conjoncture d\u2019un march\u00e9 encore morose, les professionnels esp\u00e8rent aussi de prochaines annonces pour relancer l\u2019investissement dans l\u2019immobilier neuf. <strong>\u00ab\u00a0Notamment la mise en \u0153uvre du statut de bailleur social<\/strong>, souligne J\u00e9r\u00f4me Solito, d\u00e9l\u00e9gu\u00e9 g\u00e9n\u00e9ral de la <a href=\"https:\/\/fpifrance.fr\/regions\/fpi-bretagne\" target=\"_blank\" rel=\"nofollow noopener\">f\u00e9d\u00e9ration r\u00e9gionale des promoteurs immobiliers de Bretagne (FPI)<\/a>. <strong>Pour r\u00e9pondre aux besoins, il faudrait livrer 25\u00a0000\u00a0logements neufs chaque ann\u00e9e, en Bretagne. Nous n\u2019y sommes pas\u00a0\u00bb<\/strong>. Un autre enjeu majeur est celui des effectifs. <strong>\u00ab\u00a0Nos centres de formations sont presque tous pleins. Mais nous sommes toujours en recherche de personnels qualifi\u00e9s, nous avons du mal \u00e0 les trouver, <\/strong>conc\u00e8de le pr\u00e9sident de la FFB 35\u00a0qui esp\u00e8re un sursaut. <strong>Un euro inject\u00e9 dans la pierre rapporte 5\u00a0\u20ac en taxes diverses \u00e0 l\u2019\u00c9tat. L\u2019immobilier doit donc \u00eatre soutenu\u00a0!\u00a0\u00bb<\/strong><\/p>\n<p>\u00a0<\/p>\n","protected":false},"excerpt":{"rendered":"Rendez-vous majeur dans l\u2019ouest de la fili\u00e8re des professionnels du b\u00e2timent et des travaux publics, le salon Artibat&hellip;\n","protected":false},"author":2,"featured_media":481047,"comment_status":"","ping_status":"","sticky":false,"template":"","format":"standard","meta":{"footnotes":""},"categories":[2821],"tags":[6541,5058,1111,11,17144,829,1771,1777,674,1011,27,7285,12,2427,584,25],"class_list":{"0":"post-481046","1":"post","2":"type-post","3":"status-publish","4":"format-standard","5":"has-post-thumbnail","7":"category-rennes","8":"tag-6541","9":"tag-5058","10":"tag-actu","11":"tag-actualites","12":"tag-attendus","13":"tag-bretagne","14":"tag-btp","15":"tag-eu","16":"tag-europe","17":"tag-fr","18":"tag-france","19":"tag-jours","20":"tag-news","21":"tag-professionnels","22":"tag-rennes","23":"tag-republique-francaise"},"share_on_mastodon":{"url":"https:\/\/pubeurope.com\/@fr\/115415714579774352","error":""},"_links":{"self":[{"href":"https:\/\/www.europesays.com\/fr\/wp-json\/wp\/v2\/posts\/481046","targetHints":{"allow":["GET"]}}],"collection":[{"href":"https:\/\/www.europesays.com\/fr\/wp-json\/wp\/v2\/posts"}],"about":[{"href":"https:\/\/www.europesays.com\/fr\/wp-json\/wp\/v2\/types\/post"}],"author":[{"embeddable":true,"href":"https:\/\/www.europesays.com\/fr\/wp-json\/wp\/v2\/users\/2"}],"replies":[{"embeddable":true,"href":"https:\/\/www.europesays.com\/fr\/wp-json\/wp\/v2\/comments?post=481046"}],"version-history":[{"count":0,"href":"https:\/\/www.europesays.com\/fr\/wp-json\/wp\/v2\/posts\/481046\/revisions"}],"wp:featuredmedia":[{"embeddable":true,"href":"https:\/\/www.europesays.com\/fr\/wp-json\/wp\/v2\/media\/481047"}],"wp:attachment":[{"href":"https:\/\/www.europesays.com\/fr\/wp-json\/wp\/v2\/media?parent=481046"}],"wp:term":[{"taxonomy":"category","embeddable":true,"href":"https:\/\/www.europesays.com\/fr\/wp-json\/wp\/v2\/categories?post=481046"},{"taxonomy":"post_tag","embeddable":true,"href":"https:\/\/www.europesays.com\/fr\/wp-json\/wp\/v2\/tags?post=481046"}],"curies":[{"name":"wp","href":"https:\/\/api.w.org\/{rel}","templated":true}]}}