{"id":481055,"date":"2025-10-22T03:38:12","date_gmt":"2025-10-22T03:38:12","guid":{"rendered":"https:\/\/www.europesays.com\/fr\/481055\/"},"modified":"2025-10-22T03:38:12","modified_gmt":"2025-10-22T03:38:12","slug":"fc-nantes-mercato-ganago-cash-sur-son-avenir","status":"publish","type":"post","link":"https:\/\/www.europesays.com\/fr\/481055\/","title":{"rendered":"FC Nantes Mercato\u00a0: Ganago cash sur son avenir"},"content":{"rendered":"<p><strong>Il est pr\u00eat\u00e9 par le FC Nantes aux New England Revolution<\/strong><\/p>\n<p>Depuis son arriv\u00e9e en MLS, Ignatius Ganago a encore fr\u00e9quent\u00e9 l\u2019infirmerie \u00e0 cause de soucis au mollet. Depuis ses d\u00e9buts en Europe en 2017, le Camerounais a manqu\u00e9 plus de 90 matchs avec Nice, Lens, Nantes et d\u00e9sormais les New England Revolution. L\u2019\u00e9quivalent de trois saisons pleines pass\u00e9es \u00e0 l\u2019infirmerie\u00a0!<\/p>\n<p>Ganago veut rester aux Etats-Unis<\/p>\n<p>L\u2019attaquant, qui n\u2019avait inscrit que 8 buts en 65 matchs avec le FCN, est out depuis la mi-septembre, mais il s\u2019appr\u00eate \u00e0 retrouver les terrains et esp\u00e8re rester \u00e0 Boston, qui dispose d\u2019une option d\u2019achat.<\/p>\n<p>Dans une interview relay\u00e9e sur Instagram, Ignatius Ganago, c\u2019est ce qu\u2019il a confi\u00e9.<\/p>\n<p>\u00ab Oui je veux rester. J\u2019aime le championnat, j\u2019aime le club, tout le monde est vraiment sympa ici, les entra\u00eeneurs, le staff. Je me sens comme chez moi ici\u00bb, a-t-il gliss\u00e9. Reste \u00e0 savoir ce qu\u2019en pensent les dirigeants am\u00e9ricains. En 20 matches depuis son arriv\u00e9e en MLS, Ganago a inscrit 3 buts et d\u00e9livr\u00e9 4 passes d\u00e9cisives.<\/p>\n<blockquote class=\"instagram-media\" data-instgrm-captioned=\"\" data-instgrm-permalink=\"https:\/\/www.instagram.com\/reel\/DP_ghoTjfhP\/?utm_source=ig_embed&amp;utm_campaign=loading\" data-instgrm-version=\"14\" style=\"background:#FFF;border:0;border-radius:3px;box-shadow:0 0 1px 0 rgba(0,0,0,0.5),0 1px 10px 0 rgba(0,0,0,0.15);margin:1px;max-width:540px;min-width:326px;padding:0;width:calc(100% - 2px)\"\/>\n<p><script async src=\"\/\/www.instagram.com\/embed.js\"><\/script><\/p>\n","protected":false},"excerpt":{"rendered":"Il est pr\u00eat\u00e9 par le FC Nantes aux New England Revolution Depuis son arriv\u00e9e en MLS, Ignatius Ganago&hellip;\n","protected":false},"author":2,"featured_media":481056,"comment_status":"","ping_status":"","sticky":false,"template":"","format":"standard","meta":{"footnotes":""},"categories":[2818],"tags":[1111,11,448,1777,674,63,1011,27,66,3388,766,12,2636,25,10662],"class_list":{"0":"post-481055","1":"post","2":"type-post","3":"status-publish","4":"format-standard","5":"has-post-thumbnail","7":"category-nantes","8":"tag-actu","9":"tag-actualites","10":"tag-champions-league","11":"tag-eu","12":"tag-europe","13":"tag-football","14":"tag-fr","15":"tag-france","16":"tag-ligue-1","17":"tag-matchs","18":"tag-nantes","19":"tag-news","20":"tag-pays-de-la-loire","21":"tag-republique-francaise","22":"tag-transferts"},"share_on_mastodon":{"url":"https:\/\/pubeurope.com\/@fr\/115415738269473299","error":""},"_links":{"self":[{"href":"https:\/\/www.europesays.com\/fr\/wp-json\/wp\/v2\/posts\/481055","targetHints":{"allow":["GET"]}}],"collection":[{"href":"https:\/\/www.europesays.com\/fr\/wp-json\/wp\/v2\/posts"}],"about":[{"href":"https:\/\/www.europesays.com\/fr\/wp-json\/wp\/v2\/types\/post"}],"author":[{"embeddable":true,"href":"https:\/\/www.europesays.com\/fr\/wp-json\/wp\/v2\/users\/2"}],"replies":[{"embeddable":true,"href":"https:\/\/www.europesays.com\/fr\/wp-json\/wp\/v2\/comments?post=481055"}],"version-history":[{"count":0,"href":"https:\/\/www.europesays.com\/fr\/wp-json\/wp\/v2\/posts\/481055\/revisions"}],"wp:featuredmedia":[{"embeddable":true,"href":"https:\/\/www.europesays.com\/fr\/wp-json\/wp\/v2\/media\/481056"}],"wp:attachment":[{"href":"https:\/\/www.europesays.com\/fr\/wp-json\/wp\/v2\/media?parent=481055"}],"wp:term":[{"taxonomy":"category","embeddable":true,"href":"https:\/\/www.europesays.com\/fr\/wp-json\/wp\/v2\/categories?post=481055"},{"taxonomy":"post_tag","embeddable":true,"href":"https:\/\/www.europesays.com\/fr\/wp-json\/wp\/v2\/tags?post=481055"}],"curies":[{"name":"wp","href":"https:\/\/api.w.org\/{rel}","templated":true}]}}