{"id":481070,"date":"2025-10-22T03:47:12","date_gmt":"2025-10-22T03:47:12","guid":{"rendered":"https:\/\/www.europesays.com\/fr\/481070\/"},"modified":"2025-10-22T03:47:12","modified_gmt":"2025-10-22T03:47:12","slug":"une-epreuve-de-medecine-tourne-a-la-catastrophe-generale","status":"publish","type":"post","link":"https:\/\/www.europesays.com\/fr\/481070\/","title":{"rendered":"une \u00e9preuve de m\u00e9decine tourne \u00e0 la catastrophe g\u00e9n\u00e9rale"},"content":{"rendered":"<p>            Par<br \/>\n        <strong><br \/>\n            <a href=\"https:\/\/actu.fr\/auteur\/julien-damboise\" title=\"Consulter tous les articles de Julien Damboise\" target=\"_blank\" rel=\"noopener\">Julien Damboise<\/a><br \/>\n        <\/strong><\/p>\n<p>        Publi\u00e9 le<\/p>\n<p>            21 oct. 2025 \u00e0 15h21        <\/p>\n<p>La premi\u00e8re \u00e9preuve du <strong>concours d\u2019internat de m\u00e9decine<\/strong> a \u00e9t\u00e9 annul\u00e9e lundi apr\u00e8s plus de deux heures d\u2019\u00e9preuve, en raison d\u2019un <strong>bug informatique<\/strong>, et a \u00e9t\u00e9 reprogramm\u00e9e vendredi, a indiqu\u00e9 ce mardi \u00e0 l\u2019AFP le ministre de l\u2019Enseignement sup\u00e9rieur et de syndicats \u00e9tudiants. Les \u00e9tudiants \u00e0 <a href=\"https:\/\/actu.fr\/lyon\/\" target=\"_blank\" rel=\"noopener\">Lyon<\/a> ont \u00e9t\u00e9 impact\u00e9s par ce probl\u00e8me.<\/p>\n<p>Un concours important<\/p>\n<p class=\" wall-content\">Pour rappel, les internes sont les \u00e9tudiants de troisi\u00e8me cycle, soit \u00e0 partir de la septi\u00e8me ann\u00e9e, qui exercent \u00e0 plein temps \u00e0 l\u2019h\u00f4pital ou en ambulatoire. En sixi\u00e8me ann\u00e9e, les \u00e9tudiants passent un concours afin de choisir, en fonction du rang obtenu,<strong> leur future sp\u00e9cialit\u00e9 et la ville<\/strong> dans laquelle ils effectueront l\u2019internat.<\/p>\n<p class=\" wall-content\">Les \u00e9preuves \u00e9crites \u2013 \u00e9preuves d\u00e9mat\u00e9rialis\u00e9es nationales s\u2019\u00e9talent sur quatre jours et se d\u00e9roulent sur tablettes tactiles. Elles sont plus tard compl\u00e9t\u00e9es par des \u00e9preuves pratiques.<\/p>\n<p class=\" wall-content\">Lundi, les \u00e9tudiants \u00e9taient donc convoqu\u00e9s, chacun dans leur propre facult\u00e9, pour une <strong>\u00e9preuve de trois heures<\/strong>, organis\u00e9e simultan\u00e9ment sur tout le territoire national, y compris en Outre-mer.<\/p>\n<p>\u00ab\u00a0Un bug technique\u00a0\u00bb<\/p>\n<p class=\" wall-content\">Mais tout ne s\u2019est pas pass\u00e9 comme pr\u00e9vu, loin de l\u00e0.<\/p>\n<p class=\" wall-content\">\u00ab\u00a0Il y a eu un bug technique ce lundi\u00a0\u00bb dans l\u2019une des universit\u00e9s, a indiqu\u00e9 mardi le ministre de l\u2019Enseignement Philippe Baptiste, interpell\u00e9 par un \u00e9tudiant en marge d\u2019un d\u00e9placement. \u00ab\u00a0Un des sites localement avait \u00e9t\u00e9 mal param\u00e9tr\u00e9\u00a0\u00bb et \u00ab\u00a0environ <strong>500 \u00e9tudiants<\/strong> \u00e9taient en rade\u00a0\u00bb, a-t-il pr\u00e9cis\u00e9 ensuite.<\/p>\n<p class=\" wall-content\">L\u2019\u00e9preuve devait se d\u00e9rouler dans l\u2019apr\u00e8s-midi, \u00ab\u00a0avec un test de connexion (pr\u00e9alable) \u00e0 midi. Le centre national de gestion avait rep\u00e9r\u00e9 lors de ce test quelques dysfonctionnements, qu\u2019il pensait pouvoir r\u00e9soudre\u00a0\u00bb, a expliqu\u00e9 \u00e0 l\u2019AFP Marion Da Ros Poli, pr\u00e9sidente de l\u2019Association nationale des \u00e9tudiants de m\u00e9decine en France (Anemf).<\/p>\n<p>Votre r\u00e9gion, votre actu !<\/p>\n<p>Recevez chaque jour les infos qui comptent pour vous.<\/p>\n<p>\t<a href=\"https:\/\/actu.fr\/newsletter\" class=\"ac-btn ac-btn--corner ac-btn--medium ac-btn--blue800\" target=\"_blank\" rel=\"noopener\">S&rsquo;incrire<\/a><br \/>\nLyon Sud impact\u00e9<\/p>\n<p class=\" wall-content\">\u00ab\u00a0Au lieu de commencer \u00e0 14 h, l\u2019\u00e9preuve a commenc\u00e9 \u00e0 16 h. Malheureusement dans la facult\u00e9 de <strong>Lyon Sud<\/strong>, il y a eu des soucis. Les \u00e9tudiants r\u00e9pondaient \u00e0 deux questions, \u00e9taient d\u00e9connect\u00e9s, se reconnectaient, re-r\u00e9pondaient \u00e0 deux questions avant d\u2019\u00eatre d\u00e9connect\u00e9s de nouveau\u00a0\u00bb, a-t-elle racont\u00e9.<\/p>\n<p class=\" wall-content\">\u00ab\u00a0Tous les ans, il y a des probl\u00e8mes. C\u2019est un tr\u00e8s gros dispositif, avec 11 000 personnes connect\u00e9es simultan\u00e9ment\u00a0\u00bb mais \u00ab\u00a0un souci de force majeure \u00e0 ce point-l\u00e0, c\u2019est heureusement rare\u00a0\u00bb, a-t-elle pr\u00e9cis\u00e9. Cette \u00ab\u00a0rupture de l\u2019\u00e9galit\u00e9 des chances\u00a0\u00bb a conduit \u00e0 <strong>l\u2019annulation de l\u2019\u00e9preuve<\/strong>.<\/p>\n<p class=\" wall-content\">Pour les \u00e9tudiants, cette annulation \u00ab\u00a0est vraiment une <strong>catastrophe<\/strong>. C\u2019est un concours qu\u2019ils pr\u00e9parent pendant deux ans. Hier (lundi), beaucoup sortaient en pleurs\u2026 Ils jouent litt\u00e9ralement toute leur vie sur ce concours\u00a0\u00bb, a-t-elle ajout\u00e9. Mardi apr\u00e8s-midi, \u00ab\u00a0on esp\u00e8re que le probl\u00e8me sera r\u00e9solu et que \u00e7a fonctionnera\u00a0\u00bb.<\/p>\n<p class=\" wall-content\">Comme l\u2019\u00e9preuve est classante au niveau national, \u00ab\u00a0il faut refaire l\u2019\u00e9preuve\u00a0\u00bb pour tous. Les internes ont de nouveau<strong> rendez-vous vendredi<\/strong>, en esp\u00e9rant que tout se passe bien.<\/p>\n<p class=\" wall-content\"><strong>Avec AFP<\/strong><\/p>\n<p class=\" wall-content\">Personnalisez votre actualit\u00e9 en ajoutant vos villes et m\u00e9dias en favori avec <a href=\"https:\/\/moncompte.actu.fr\" title=\"D\u00e9couvez Mon Actu\" rel=\"nofollow noopener\" data-trk=\"{&quot;cta&quot;:{&quot;action&quot;:&quot;https:\\\/\\\/moncompte.actu.fr&quot;,&quot;category&quot;:&quot;mon compte&quot;,&quot;from&quot;:&quot;article footer&quot;,&quot;name&quot;:&quot;Mon actu&quot;,&quot;type&quot;:&quot;cta&quot;}}\" target=\"_blank\">Mon Actu<\/a>.<\/p>\n","protected":false},"excerpt":{"rendered":"Par Julien Damboise Publi\u00e9 le 21 oct. 2025 \u00e0 15h21 La premi\u00e8re \u00e9preuve du concours d\u2019internat de m\u00e9decine&hellip;\n","protected":false},"author":2,"featured_media":481071,"comment_status":"","ping_status":"","sticky":false,"template":"","format":"standard","meta":{"footnotes":""},"categories":[1889],"tags":[1111,11,2430,1777,674,1011,27,100,2428,2673,12,25,104],"class_list":{"0":"post-481070","1":"post","2":"type-post","3":"status-publish","4":"format-standard","5":"has-post-thumbnail","7":"category-lyon","8":"tag-actu","9":"tag-actualites","10":"tag-auvergne-rhone-alpes","11":"tag-eu","12":"tag-europe","13":"tag-fr","14":"tag-france","15":"tag-hopital","16":"tag-lyon","17":"tag-medecins","18":"tag-news","19":"tag-republique-francaise","20":"tag-societe"},"share_on_mastodon":{"url":"https:\/\/pubeurope.com\/@fr\/115415773620972207","error":""},"_links":{"self":[{"href":"https:\/\/www.europesays.com\/fr\/wp-json\/wp\/v2\/posts\/481070","targetHints":{"allow":["GET"]}}],"collection":[{"href":"https:\/\/www.europesays.com\/fr\/wp-json\/wp\/v2\/posts"}],"about":[{"href":"https:\/\/www.europesays.com\/fr\/wp-json\/wp\/v2\/types\/post"}],"author":[{"embeddable":true,"href":"https:\/\/www.europesays.com\/fr\/wp-json\/wp\/v2\/users\/2"}],"replies":[{"embeddable":true,"href":"https:\/\/www.europesays.com\/fr\/wp-json\/wp\/v2\/comments?post=481070"}],"version-history":[{"count":0,"href":"https:\/\/www.europesays.com\/fr\/wp-json\/wp\/v2\/posts\/481070\/revisions"}],"wp:featuredmedia":[{"embeddable":true,"href":"https:\/\/www.europesays.com\/fr\/wp-json\/wp\/v2\/media\/481071"}],"wp:attachment":[{"href":"https:\/\/www.europesays.com\/fr\/wp-json\/wp\/v2\/media?parent=481070"}],"wp:term":[{"taxonomy":"category","embeddable":true,"href":"https:\/\/www.europesays.com\/fr\/wp-json\/wp\/v2\/categories?post=481070"},{"taxonomy":"post_tag","embeddable":true,"href":"https:\/\/www.europesays.com\/fr\/wp-json\/wp\/v2\/tags?post=481070"}],"curies":[{"name":"wp","href":"https:\/\/api.w.org\/{rel}","templated":true}]}}