{"id":481074,"date":"2025-10-22T03:50:56","date_gmt":"2025-10-22T03:50:56","guid":{"rendered":"https:\/\/www.europesays.com\/fr\/481074\/"},"modified":"2025-10-22T03:50:56","modified_gmt":"2025-10-22T03:50:56","slug":"ile-de-france-de-nouvelles-pistes-pour-produire-des-centaines-de-milliers-de-logements","status":"publish","type":"post","link":"https:\/\/www.europesays.com\/fr\/481074\/","title":{"rendered":"\u00cele-de-France\u00a0: de nouvelles pistes pour produire des centaines de milliers de logements"},"content":{"rendered":"\n<p style=\"margin-bottom: 0cm;\">Trois organisations (France Nature Environnement \u00cele-de-France, la Fondation pour la Nature et l\u2019Homme et la Fondation pour le Logement des D\u00e9favoris\u00e9s), affirment qu\u2019il est possible de construire 70.000 logements par an sans d\u00e9truire de nouvelles terres naturelles ou agricoles. <a href=\"https:\/\/www.fondationpourlelogement.fr\/wp-content\/uploads\/2025\/10\/zan-logements-loger-sans-artificialiser.pdf\" rel=\"noopener\" target=\"_blank\">Leur \u00e9tude<\/a> \u00e9voque un important potentiel de production urbaine d\u00e9j\u00e0 existant : logements vacants, bureaux inoccup\u00e9s mais aussi la sur\u00e9l\u00e9vation du b\u00e2ti ou la densification des zones pavillonnaires. Actuellement, 1,3 million de Franciliens souffrent du mal-logement.<\/p>\n<p style=\"margin-bottom: 0cm;\">\u00a0<\/p>\n<p lang=\"fr-FR\" style=\"margin-bottom: 0cm;\">Nicolas Chacun<\/p>\n<p>!function(f,b,e,v,n,t,s){if(f.fbq)return;n=f.fbq=function(){n.callMethod?<br \/>\nn.callMethod.apply(n,arguments):n.queue.push(arguments)};if(!f._fbq)f._fbq=n;<br \/>\nn.push=n;n.loaded=!0;n.version=&rsquo;2.0&prime;;n.queue=[];t=b.createElement(e);t.async=!0;<br \/>\nt.src=v;s=b.getElementsByTagName(e)[0];s.parentNode.insertBefore(t,s)}(window,<br \/>\ndocument,&rsquo;script&rsquo;,&rsquo;https:\/\/connect.facebook.net\/en_US\/fbevents.js&rsquo;);<br \/>\nfbq(&lsquo;init&rsquo;, &lsquo;278974969201861&rsquo;); \/\/ Insert your pixel ID here.<br \/>\nfbq(&lsquo;track&rsquo;, &lsquo;PageView&rsquo;);<\/p>\n","protected":false},"excerpt":{"rendered":"Trois organisations (France Nature Environnement \u00cele-de-France, la Fondation pour la Nature et l\u2019Homme et la Fondation pour le&hellip;\n","protected":false},"author":2,"featured_media":481075,"comment_status":"","ping_status":"","sticky":false,"template":"","format":"standard","meta":{"footnotes":""},"categories":[1592],"tags":[1111,11,1933,1936,1777,1939,674,1011,27,662,1934,12,1940,626,1935,25,1937,1941,1938],"class_list":{"0":"post-481074","1":"post","2":"type-post","3":"status-publish","4":"format-standard","5":"has-post-thumbnail","7":"category-ile-de-france","8":"tag-actu","9":"tag-actualites","10":"tag-actualites-locales","11":"tag-essonne","12":"tag-eu","13":"tag-eure-et-loir","14":"tag-europe","15":"tag-fr","16":"tag-france","17":"tag-ile-de-france","18":"tag-infos-locales","19":"tag-news","20":"tag-oise","21":"tag-paris","22":"tag-pres-de-chez-vous","23":"tag-republique-francaise","24":"tag-seine-et-marne","25":"tag-somme","26":"tag-yvelines"},"share_on_mastodon":{"url":"https:\/\/pubeurope.com\/@fr\/115415789270545880","error":""},"_links":{"self":[{"href":"https:\/\/www.europesays.com\/fr\/wp-json\/wp\/v2\/posts\/481074","targetHints":{"allow":["GET"]}}],"collection":[{"href":"https:\/\/www.europesays.com\/fr\/wp-json\/wp\/v2\/posts"}],"about":[{"href":"https:\/\/www.europesays.com\/fr\/wp-json\/wp\/v2\/types\/post"}],"author":[{"embeddable":true,"href":"https:\/\/www.europesays.com\/fr\/wp-json\/wp\/v2\/users\/2"}],"replies":[{"embeddable":true,"href":"https:\/\/www.europesays.com\/fr\/wp-json\/wp\/v2\/comments?post=481074"}],"version-history":[{"count":0,"href":"https:\/\/www.europesays.com\/fr\/wp-json\/wp\/v2\/posts\/481074\/revisions"}],"wp:featuredmedia":[{"embeddable":true,"href":"https:\/\/www.europesays.com\/fr\/wp-json\/wp\/v2\/media\/481075"}],"wp:attachment":[{"href":"https:\/\/www.europesays.com\/fr\/wp-json\/wp\/v2\/media?parent=481074"}],"wp:term":[{"taxonomy":"category","embeddable":true,"href":"https:\/\/www.europesays.com\/fr\/wp-json\/wp\/v2\/categories?post=481074"},{"taxonomy":"post_tag","embeddable":true,"href":"https:\/\/www.europesays.com\/fr\/wp-json\/wp\/v2\/tags?post=481074"}],"curies":[{"name":"wp","href":"https:\/\/api.w.org\/{rel}","templated":true}]}}