{"id":481076,"date":"2025-10-22T03:52:21","date_gmt":"2025-10-22T03:52:21","guid":{"rendered":"https:\/\/www.europesays.com\/fr\/481076\/"},"modified":"2025-10-22T03:52:21","modified_gmt":"2025-10-22T03:52:21","slug":"amazon-prime-nouveau-diffuseur-bein-sports-en-attente-ou-suivre-la-nouvelle-saison-de-nba-en-france","status":"publish","type":"post","link":"https:\/\/www.europesays.com\/fr\/481076\/","title":{"rendered":"Amazon Prime nouveau diffuseur, BeIN Sports en attente\u2026 O\u00f9 suivre la nouvelle saison de NBA en France\u00a0?"},"content":{"rendered":"<p class=\"paragraph text_align_left lp-f-body-02\">L\u2019entreprise de <a href=\"https:\/\/www.leparisien.fr\/international\/jeff-bezos\/\" target=\"_blank\" rel=\"noreferrer nofollow noopener\">Jeff Bezos<\/a> a cass\u00e9 sa colossale tirelire pour s\u2019offrir ce qui se fait de mieux sur la plan\u00e8te <a href=\"https:\/\/www.leparisien.fr\/sports\/basket\/\" target=\"_blank\" rel=\"noreferrer nofollow noopener\">basket<\/a>. \u00c0 partir de cette saison, et pour la premi\u00e8re fois, la NBA est diffus\u00e9e en dehors des \u00c9tats-Unis sur Amazon Prime. Et le deal va durer jusqu\u2019en\u2026 2036.<\/p>\n<p class=\"paragraph text_align_left lp-f-body-02\">Les droits TV de la <a href=\"https:\/\/www.leparisien.fr\/sports\/basket\/moi-meme-je-my-perds-victor-wembanyama-revele-enfin-la-verite-sur-sa-taille-19-10-2025-JEEAUCQA2JGJDMHFYID3II2RUU.php\" target=\"_blank\" rel=\"noreferrer nofollow noopener\">NBA<\/a>, en partie pay\u00e9s par <a href=\"https:\/\/www.leparisien.fr\/high-tech\/amazon\/\" target=\"_blank\" rel=\"noreferrer nofollow noopener\">Amazon<\/a> pour les onze prochaines ann\u00e9es, atteignent le chiffre surr\u00e9aliste de 76 milliards de dollars soit environ 67,4 milliards d\u2019euros. Cela correspond \u00e0 la somme de 6 milliards d\u2019euros par an qui tombent dans les poches de la ligue, des franchises et surtout des joueurs.<\/p>\n<p><img decoding=\"async\" class=\"image \" loading=\"lazy\" src=\"https:\/\/www.europesays.com\/fr\/wp-content\/uploads\/2025\/10\/XDPQ6X2XOFFKPGMPXV3VKK5DL4.jpg\" alt=\"Dennis Schr\u0161der, avec Sacramento, a assur\u00e9 le spectacle le 17 octobre 2025 contre les Lakers de Los Angeles.\" align=\"\" data-rubrique-principale=\"\" data-article-type=\"\" fetchpriority=\"auto\"\/>Dennis Schr\u0161der, avec Sacramento, a assur\u00e9 le spectacle le 17 octobre 2025 contre les Lakers de Los Angeles. <\/p>\n<p class=\"paragraph text_align_left lp-f-body-02\">En France, c\u2019est Prime Vid\u00e9o qui devient le diffuseur num\u00e9ro 1 de la NBA avec un premier match diffus\u00e9 sur la plate-forme ce 25 octobre : un all\u00e9chant Boston New York \u00e0 1h30 avec Isabelle Yacoubou, la m\u00e9daill\u00e9e d\u2019argent olympique de 2012 au micro. Ses coll\u00e8gues consultants sont Diandra Tchatchouang, m\u00e9daill\u00e9e de bronze \u00e0 Tokyo en 2021 avec les Bleues, et Simon Darnauzan, ancien meneur pass\u00e9 par Bourg-en-Bresse. Amazon Prime les accompagne avec trois journalistes sp\u00e9cialis\u00e9s : Cl\u00e9ment Halberstadt, Maximilien Le Liard et Beno\u00eet Daniel.<\/p>\n<p class=\"paragraph text_align_left lp-f-body-02\">Un d\u00e9tail essentiel : pour les abonn\u00e9s Prime, la NBA arrive sans abonnement ni co\u00fbt suppl\u00e9mentaire. Pour les autres, l\u2019abonnement d\u00e9marre \u00e0 6,99\u20ac par mois.<\/p>\n<p>Des consultants stars aux commentaires sur Prime<\/p>\n<p class=\"paragraph text_align_left lp-f-body-02\">Pour ceux qui veulent rester \u00e0 l\u2019heure US, la puissance de la plate-forme permettra de passer en direct sur les commentaires am\u00e9ricains pour \u00e9couter les \u00e9missions d\u2019avant et d\u2019apr\u00e8s match sous-titr\u00e9es en fran\u00e7ais, avec les consultants stars : Blake Griffin, Steve Nash, Dirk Nowitzki et Dwyane Wade.<\/p>\n<p class=\"paragraph text_align_left lp-f-body-02\">Ce dimanche 26 octobre, Amazon diffusera en direct \u00e0 19 heures fran\u00e7aise, le match des Spurs de <a href=\"https:\/\/www.leparisien.fr\/sports\/basket\/victor-wembanyama\/\" target=\"_blank\" rel=\"noreferrer nofollow noopener\">Wembanyama<\/a> contre les Brooklyn Nets de Nolan Traor\u00e9.<\/p>\n<p class=\"paragraph text_align_left lp-f-body-02\">Prime proposera d\u2019ici juin, quatre-vingts matchs de saison r\u00e9guli\u00e8re (dont vingt-neuf en prime time incluant ceux de Londres et Berlin en janvier) mais aussi la NBA Cup, l\u2019int\u00e9gralit\u00e9 du play-in, la moiti\u00e9 des playoffs, une finale de conf\u00e9rence et les finales NBA.<\/p>\n<p class=\"paragraph text_align_left lp-f-body-02\">Quatre-vingt-six matchs en direct, c\u2019est loin des quelque 2 500 rencontres d\u2019une saison compl\u00e8te de NBA.<\/p>\n<p>BeIN Sports toujours en pourparlers<\/p>\n<p class=\"paragraph text_align_left lp-f-body-02\">Pour les plus mordus, il existe une autre solution : le NBA League Pass (\u00e0 partir de 19,99 \u20ac par mois), distribu\u00e9 \u00e9galement par Prime Video. Tout y est : matchs, stats\u2026<\/p>\n<p class=\"paragraph text_align_left lp-f-body-02\">Diffuseur historique et exclusif de la NBA en France qu\u2019elle retransmet depuis 2012 avec NBA Extra, sa plus ancienne \u00e9mission encore \u00e0 l\u2019antenne, BeIN Sports n\u2019est pas exclu du jeu. La cha\u00eene est toujours en pourparlers avanc\u00e9s avec la ligue pour signer un nouveau contrat \u00e0 long terme et \u00eatre codiffuseur de la NBA avec Amazon Prime.<\/p>\n<p class=\"paragraph text_align_left lp-f-body-02\">Malgr\u00e9 l\u2019optimisme qui semble r\u00e9gner dans les bureaux de la cha\u00eene \u00e0 Boulogne-Billancourt, rien n\u2019est toutefois encore sign\u00e9 ni officiel. Affaire en cours et \u00e0 suivre.<\/p>\n","protected":false},"excerpt":{"rendered":"L\u2019entreprise de Jeff Bezos a cass\u00e9 sa colossale tirelire pour s\u2019offrir ce qui se fait de mieux sur&hellip;\n","protected":false},"author":2,"featured_media":481077,"comment_status":"","ping_status":"","sticky":false,"template":"","format":"standard","meta":{"footnotes":""},"categories":[1888],"tags":[1111,1928,11,1927,1465,872,1777,674,1011,27,12,1926,626,1925,25,60],"class_list":{"0":"post-481076","1":"post","2":"type-post","3":"status-publish","4":"format-standard","5":"has-post-thumbnail","7":"category-paris","8":"tag-actu","9":"tag-actu-paris","10":"tag-actualites","11":"tag-actualites-paris","12":"tag-basket","13":"tag-culture-et-loisirs","14":"tag-eu","15":"tag-europe","16":"tag-fr","17":"tag-france","18":"tag-news","19":"tag-news-paris","20":"tag-paris","21":"tag-paris-news","22":"tag-republique-francaise","23":"tag-sports"},"share_on_mastodon":{"url":"https:\/\/pubeurope.com\/@fr\/115415793690586364","error":""},"_links":{"self":[{"href":"https:\/\/www.europesays.com\/fr\/wp-json\/wp\/v2\/posts\/481076","targetHints":{"allow":["GET"]}}],"collection":[{"href":"https:\/\/www.europesays.com\/fr\/wp-json\/wp\/v2\/posts"}],"about":[{"href":"https:\/\/www.europesays.com\/fr\/wp-json\/wp\/v2\/types\/post"}],"author":[{"embeddable":true,"href":"https:\/\/www.europesays.com\/fr\/wp-json\/wp\/v2\/users\/2"}],"replies":[{"embeddable":true,"href":"https:\/\/www.europesays.com\/fr\/wp-json\/wp\/v2\/comments?post=481076"}],"version-history":[{"count":0,"href":"https:\/\/www.europesays.com\/fr\/wp-json\/wp\/v2\/posts\/481076\/revisions"}],"wp:featuredmedia":[{"embeddable":true,"href":"https:\/\/www.europesays.com\/fr\/wp-json\/wp\/v2\/media\/481077"}],"wp:attachment":[{"href":"https:\/\/www.europesays.com\/fr\/wp-json\/wp\/v2\/media?parent=481076"}],"wp:term":[{"taxonomy":"category","embeddable":true,"href":"https:\/\/www.europesays.com\/fr\/wp-json\/wp\/v2\/categories?post=481076"},{"taxonomy":"post_tag","embeddable":true,"href":"https:\/\/www.europesays.com\/fr\/wp-json\/wp\/v2\/tags?post=481076"}],"curies":[{"name":"wp","href":"https:\/\/api.w.org\/{rel}","templated":true}]}}