{"id":481088,"date":"2025-10-22T03:58:10","date_gmt":"2025-10-22T03:58:10","guid":{"rendered":"https:\/\/www.europesays.com\/fr\/481088\/"},"modified":"2025-10-22T03:58:10","modified_gmt":"2025-10-22T03:58:10","slug":"une-intervention-de-limmigration-degenere-a-los-angeles-faisant-deux-blesses-dont-un-agent-federal","status":"publish","type":"post","link":"https:\/\/www.europesays.com\/fr\/481088\/","title":{"rendered":"Une intervention de l\u2019immigration d\u00e9g\u00e9n\u00e8re \u00e0 Los Angeles, faisant deux bless\u00e9s, dont un agent f\u00e9d\u00e9ral"},"content":{"rendered":"<p>Un contr\u00f4le migratoire a d\u00e9g\u00e9n\u00e9r\u00e9, mardi matin \u00e0 South <a href=\"https:\/\/www.20minutes.fr\/dossier\/los_angeles\" target=\"_blank\" class=\"c-link c-link--is-underlined\" rel=\"noopener\">Los Angeles<\/a>, lorsqu\u2019un agent du U.S. Marshals Service a \u00e9t\u00e9 bless\u00e9 par une balle perdue tir\u00e9e par un officier d\u2019Immigration and Customs Enforcement (ICE). L\u2019op\u00e9ration visait un homme recherch\u00e9 pour entr\u00e9e ill\u00e9gale et \u00e9vasion de garde \u00e0 vue, selon des informations du <a href=\"https:\/\/www.latimes.com\/california\/story\/2025-10-21\/immigration-enforcement-hurt-operation-southla\" rel=\"nofollow noopener\" target=\"_blank\" class=\"c-link c-link--is-underlined\">Los Angeles Times<\/a>.<\/p>\n<p>Peu avant 9 heures, plusieurs agents f\u00e9d\u00e9raux ont encercl\u00e9 un v\u00e9hicule dans le quartier de East 20th Street, \u00e0 proximit\u00e9 du Santee Education Complex. Le suspect, d\u00e9crit par le D\u00e9partement de la s\u00e9curit\u00e9 int\u00e9rieure (DHS) comme un <a href=\"https:\/\/www.20minutes.fr\/dossier\/immigration_clandestine\" target=\"_blank\" class=\"c-link c-link--is-underlined\" rel=\"noopener\">\u00e9tranger en situation irr\u00e9guli\u00e8re<\/a>, aurait tent\u00e9 une nouvelle fois d\u2019\u00e9chapper \u00e0 son arrestation. D\u2019apr\u00e8s le communiqu\u00e9 du DHS cit\u00e9 par le Los Angeles Times, l\u2019homme aurait percut\u00e9 le v\u00e9hicule des forces de l\u2019ordre dans une tentative de fuite.<\/p>\n<p>Le DHS d\u00e9nonce les politiques \u00ab\u00a0sanctuaires\u00a0\u00bb<\/p>\n<p>Les agents ont alors ouvert le feu \u00ab\u00a0pour prot\u00e9ger la s\u00e9curit\u00e9 publique et celle des policiers\u00a0\u00bb. Le conducteur a \u00e9t\u00e9 bless\u00e9 au bras, tandis qu\u2019une balle de ricochet a atteint un marshal \u00e0 la main. Les deux hommes ont \u00e9t\u00e9 hospitalis\u00e9s, leurs jours ne seraient pas en danger.<\/p>\n<\/p>\n<p>Dans une d\u00e9claration transmise au Los Angeles Times, Tricia McLaughlin, assistante secr\u00e9taire du DHS, a d\u00e9nonc\u00e9 \u00ab\u00a0le climat cr\u00e9\u00e9 par certains responsables politiques et militants\u00a0\u00bb qui, selon elle, inciteraient des <a href=\"https:\/\/www.20minutes.fr\/dossier\/migrants\" target=\"_blank\" class=\"c-link c-link--is-underlined\" rel=\"noopener\">migrants<\/a> \u00e0 r\u00e9sister aux forces de l\u2019ordre. Elle a estim\u00e9 que ce type d\u2019incident illustrait les \u00ab\u00a0cons\u00e9quences directes\u00a0\u00bb de ces appels \u00e0 la d\u00e9sob\u00e9issance.<\/p>\n<blockquote class=\"twitter-tweet\" align=\"center\" data-lang=\"fr_FR\">\n<p lang=\"en\" dir=\"ltr\">BREAKING: U.S. Marshal wounded in hand by ricochet, undocumented immigrant shot in elbow during LA ICE operation. Suspect allegedly rammed vehicles to evade arrest. Both expected to survive. Non-life-threatening injuries. <a href=\"https:\/\/twitter.com\/hashtag\/Immigration?src=hash&amp;ref_src=twsrc%5Etfw\" target=\"_blank\" rel=\"noopener\">#Immigration<\/a> <a href=\"https:\/\/twitter.com\/hashtag\/LA?src=hash&amp;ref_src=twsrc%5Etfw\" target=\"_blank\" rel=\"noopener\">#LA<\/a> <a href=\"https:\/\/t.co\/Tpq3AswZHC\">pic.twitter.com\/Tpq3AswZHC<\/a><\/p>\n<p>\u2014 Joshua T. Hosler (@JoshuaHosler) <a href=\"https:\/\/twitter.com\/JoshuaHosler\/status\/1980749495936905458?ref_src=twsrc%5Etfw\" target=\"_blank\" rel=\"noopener\">October 21, 2025<\/a><\/p><\/blockquote>\n<p class=\"mb-xxl@xs color-ultramarine font-weight-semi-bold@xs font-source-serif-pro heading-s@xs\">L\u2019acc\u00e8s \u00e0 ce contenu a \u00e9t\u00e9 bloqu\u00e9 afin de respecter votre choix de consentement<\/p>\n<p class=\"mb-m@xs text-l@xs\">En cliquant sur\u00ab J\u2019accepte \u00bb, vous acceptez le d\u00e9p\u00f4t de cookies par des services externes et aurez ainsi acc\u00e8s aux contenus de nos partenaires.<\/p>\n<p class=\"mb-xl@xs text-s@xs\">Plus d\u2019informations sur la page<a href=\"https:\/\/www.20minutes.fr\/gestion-cookies\" class=\"mx-xxs@xs color-ultramarine\" target=\"_blank\" rel=\"noopener\">Politique de gestion des cookies<\/a><\/p>\n<p>J\u2019accepteVives tensions sur le terrain<\/p>\n<p>L\u2019intervention a suscit\u00e9 la col\u00e8re de plusieurs habitants. Derri\u00e8re les rubans jaunes de la police, des dizaines de r\u00e9sidents ont observ\u00e9 la sc\u00e8ne, sans toujours comprendre ce qui s\u2019\u00e9tait pass\u00e9. Certains ont exprim\u00e9 leur indignation face \u00e0 la participation de la police de Los Angeles aux op\u00e9rations f\u00e9d\u00e9rales d\u2019immigration. La technique du \u00ab\u00a0boxing\u00a0\u00bb, qui consiste \u00e0 encercler un v\u00e9hicule avec des voitures de police pour emp\u00eacher toute fuite, est courante dans le sud de la <a href=\"https:\/\/www.20minutes.fr\/dossier\/californie\" target=\"_blank\" class=\"c-link c-link--is-underlined\" rel=\"noopener\">Californie<\/a>. Mais elle suscite des critiques croissantes depuis plusieurs incidents similaires.<\/p>\n<p><a href=\"https:\/\/www.20minutes.fr\/monde\/etats-unis\/\" target=\"_blank\" class=\"c-link c-btn c-btn--primary\" rel=\"noopener\">Notre dossier sur les Etats-Unis<\/a><\/p>\n<p>Le U.S. Marshals Service a confirm\u00e9 que son agent bless\u00e9 participait \u00e0 une mission d\u2019assistance \u00e0 l\u2019ICE dans le cadre d\u2019une arrestation li\u00e9e \u00e0 une entr\u00e9e ill\u00e9gale sur le territoire. Il a pr\u00e9cis\u00e9 que le fonctionnaire \u00e9tait dans un \u00e9tat stable. L\u2019incident fait d\u00e9sormais l\u2019objet d\u2019une enqu\u00eate conjointe du <a href=\"https:\/\/www.20minutes.fr\/dossier\/fbi\" target=\"_blank\" class=\"c-link c-link--is-underlined\" rel=\"noopener\">FBI<\/a>, du Bureau de l\u2019Inspecteur g\u00e9n\u00e9ral et de la Direction des enqu\u00eates de la S\u00e9curit\u00e9 int\u00e9rieure.<\/p>\n<p><script async src=\"https:\/\/platform.twitter.com\/widgets.js\" charset=\"utf-8\"><\/script><\/p>\n","protected":false},"excerpt":{"rendered":"Un contr\u00f4le migratoire a d\u00e9g\u00e9n\u00e9r\u00e9, mardi matin \u00e0 South Los Angeles, lorsqu\u2019un agent du U.S. Marshals Service a&hellip;\n","protected":false},"author":2,"featured_media":481089,"comment_status":"","ping_status":"","sticky":false,"template":"","format":"standard","meta":{"footnotes":""},"categories":[1589],"tags":[47,11,2441,2139,5143,1067,73,1866,18120,6734,6116,1251,74,12,1864,1865,1863,308],"class_list":{"0":"post-481088","1":"post","2":"type-post","3":"status-publish","4":"format-standard","5":"has-post-thumbnail","7":"category-etats-unis","8":"tag-actualite","9":"tag-actualites","10":"tag-arrestation","11":"tag-californie","12":"tag-coups-de-feu","13":"tag-enquete","14":"tag-etats-unis","15":"tag-etats-unis-damerique","16":"tag-fbi","17":"tag-immigration-clandestine","18":"tag-los-angeles","19":"tag-migrants","20":"tag-monde","21":"tag-news","22":"tag-united-states","23":"tag-united-states-of-america","24":"tag-us","25":"tag-usa"},"share_on_mastodon":{"url":"https:\/\/pubeurope.com\/@fr\/115415816840437645","error":""},"_links":{"self":[{"href":"https:\/\/www.europesays.com\/fr\/wp-json\/wp\/v2\/posts\/481088","targetHints":{"allow":["GET"]}}],"collection":[{"href":"https:\/\/www.europesays.com\/fr\/wp-json\/wp\/v2\/posts"}],"about":[{"href":"https:\/\/www.europesays.com\/fr\/wp-json\/wp\/v2\/types\/post"}],"author":[{"embeddable":true,"href":"https:\/\/www.europesays.com\/fr\/wp-json\/wp\/v2\/users\/2"}],"replies":[{"embeddable":true,"href":"https:\/\/www.europesays.com\/fr\/wp-json\/wp\/v2\/comments?post=481088"}],"version-history":[{"count":0,"href":"https:\/\/www.europesays.com\/fr\/wp-json\/wp\/v2\/posts\/481088\/revisions"}],"wp:featuredmedia":[{"embeddable":true,"href":"https:\/\/www.europesays.com\/fr\/wp-json\/wp\/v2\/media\/481089"}],"wp:attachment":[{"href":"https:\/\/www.europesays.com\/fr\/wp-json\/wp\/v2\/media?parent=481088"}],"wp:term":[{"taxonomy":"category","embeddable":true,"href":"https:\/\/www.europesays.com\/fr\/wp-json\/wp\/v2\/categories?post=481088"},{"taxonomy":"post_tag","embeddable":true,"href":"https:\/\/www.europesays.com\/fr\/wp-json\/wp\/v2\/tags?post=481088"}],"curies":[{"name":"wp","href":"https:\/\/api.w.org\/{rel}","templated":true}]}}