{"id":481090,"date":"2025-10-22T03:59:17","date_gmt":"2025-10-22T03:59:17","guid":{"rendered":"https:\/\/www.europesays.com\/fr\/481090\/"},"modified":"2025-10-22T03:59:17","modified_gmt":"2025-10-22T03:59:17","slug":"le-ciel-du-royaume-uni-en-mouvement-cobra-warrior-2025","status":"publish","type":"post","link":"https:\/\/www.europesays.com\/fr\/481090\/","title":{"rendered":"Le ciel du Royaume-Uni en mouvement : COBRA WARRIOR 2025"},"content":{"rendered":"<p><strong>Le 21 octobre 2025 \u2013 Nouvelles de la D\u00e9fense<\/strong><\/p>\n<p><strong>Temps de lecture estim\u00e9 \u2013 3:30<\/strong><\/p>\n<p><img decoding=\"async\" src=\"https:\/\/www.europesays.com\/fr\/wp-content\/uploads\/2025\/10\/10-21-cobra-warrior-2025-img1.jpg\" alt=\"Photo de groupe de la FOA lors de l\u2019exercice COBRA WARRIOR 25-2\" class=\"img-responsive\"\/>L\u00e9gende<\/p>\n<p class=\"small\">Photo de groupe de la FOA lors de l\u2019exercice COBRA WARRIOR 25-2, qui fait partie de l\u2019op\u00e9ration REASSURANCE, \u00e0 la station Waddington de la RAF, au Royaume-Uni, le\u00a028\u00a0septembre\u00a02025.<br \/>Photo\u00a0: Caporale B\u00e9lynda Casse, Services d\u2019imagerie, 3e\u00a0Escadre Bagotville.<\/p>\n<p>Bien que l\u2019exercice COBRA WARRIOR 25-2 soit termin\u00e9, le d\u00e9ploiement de l\u2019Aviation royale canadienne\u00a0(ARC) en Europe a\u00a0continu\u00e9.<\/p>\n<p>Pendant trois semaines, du 15\u00a0septembre au\u00a03\u00a0octobre, des op\u00e9rations a\u00e9riennes multinationales \u00e0 haute intensit\u00e9 se sont d\u00e9roul\u00e9es \u00e0 la station Waddington de la Royal Air Force\u00a0(RAF), au Royaume-Uni. L\u2019exercice, men\u00e9 dans le cadre de l\u2019op\u00e9ration REASSURANCE, a mobilis\u00e9 plus de 160\u00a0membres de l\u2019ARC, des chasseurs\u00a0CF-188 Hornet de la 3e\u00a0Escadre Bagotville, ainsi qu\u2019un ravitailleur a\u00e9rien CC-130HT Hercules du 435e\u00a0Escadron.<\/p>\n<p>COBRA WARRIOR, qui est le plus important exercice a\u00e9rien multinational organis\u00e9 par la RAF, vise \u00e0 pr\u00e9parer les participants \u00e0 effectuer des op\u00e9rations de guerre a\u00e9rienne tactique complexes et \u00e0 grande \u00e9chelle. Les aviateurs canadiens ont pilot\u00e9 aux c\u00f4t\u00e9s de plus de 60\u00a0pilotes alli\u00e9s, ce qui leur a permis de perfectionner leurs comp\u00e9tences dans des sc\u00e9narios de combat simul\u00e9s \u00e0 l\u2019emploi d\u2019une grande force, notamment des op\u00e9rations a\u00e9riennes offensives et d\u00e9fensives, d\u2019interdiction a\u00e9rienne et de ravitaillement en vol.<\/p>\n<p>\u00ab\u00a0COBRA WARRIOR est un excellent exercice qui est consid\u00e9r\u00e9 comme l\u2019un des plus complexes et des plus importants d\u2019Europe\u00a0\u00bb, a d\u00e9clar\u00e9 le colonel d\u2019aviation Paul Hanson, chef des op\u00e9rations et de l\u2019instruction au Air and Space Warfare Center de la Royal Air Force. \u00ab\u00a0Il permet au Royaume-Uni de rassembler ses alli\u00e9s pour s\u2019entra\u00eener et se pr\u00e9parer \u00e0 mener des op\u00e9rations conjointes. Cet exercice nous permet non seulement de nous entra\u00eener ensemble, mais aussi de renforcer la coop\u00e9ration, l\u2019interop\u00e9rabilit\u00e9 et le travail d\u2019\u00e9quipe.\u00a0\u00bb<\/p>\n<p>L\u2019exercice a \u00e9galement servi de terrain d\u2019\u00e9valuation des comp\u00e9tences en leadership tactique des participants. Trois pilotes de chasse de l\u2019ARC se sont ainsi qualifi\u00e9s en tant que commandants de mission, ce qui repr\u00e9sente une \u00e9tape cl\u00e9 du cheminement de l\u2019ARC en tant que leader tactique au sein de la puissance a\u00e9rienne de l\u2019OTAN. En coulisses, les techniciens de maintenance et de soutien des 425e et 433e\u00a0Escadrons d\u2019appui tactique et du 435e\u00a0Escadron ont travaill\u00e9 sans rel\u00e2che pour que les a\u00e9ronefs canadiens soient pr\u00eats \u00e0 \u00eatre utilis\u00e9s dans le cadre des missions pr\u00e9vues tout au long de l\u2019exercice.<\/p>\n<p>\u00ab\u00a0Je suis extr\u00eamement fier de toute l\u2019\u00e9quipe de la Force op\u00e9rationnelle a\u00e9rienne canadienne pour son d\u00e9vouement et son professionnalisme durant l\u2019exercice\u00a0\u00bb, a\u00a0indiqu\u00e9 le lieutenant-colonel Maxime Renaud, commandant de la Force op\u00e9rationnelle a\u00e9rienne COBRA WARRIOR\u00a025-2. \u00ab\u00a0Les membres de l\u2019\u00e9quipe se sont int\u00e9gr\u00e9s sans probl\u00e8me \u00e0 nos alli\u00e9s et ont d\u00e9montr\u00e9 l\u2019expertise du Canada dans un sc\u00e9nario simul\u00e9 exigeant. Notre \u00e9quipage du CC-130HT Hercules, qui a livr\u00e9 pr\u00e8s d\u2019un million de livres de carburant en vol, a jou\u00e9 un r\u00f4le essentiel en maintenant nos CF-188 Hornet en \u00e9tat de combat et en assurant le succ\u00e8s de la mission.\u00a0\u00bb<\/p>\n<p>La collaboration de l\u2019ARC avec les alli\u00e9s de l\u2019OTAN ne s\u2019est pas arr\u00eat\u00e9e l\u00e0. Apr\u00e8s la cl\u00f4ture de l\u2019exercice COBRA WARRIOR, environ 80\u00a0membres du personnel de l\u2019ARC ont poursuivi leurs efforts pour soutenir l\u2019op\u00e9ration REASSURANCE \u00e0 bord des m\u00eames a\u00e9ronefs tout en int\u00e9grant des sc\u00e9narios d\u2019emploi de forces de combat adaptables et d\u2019op\u00e9rations de combat adaptables.<\/p>\n<p>Ils se concentrent d\u00e9sormais sur TARASSIS, une s\u00e9rie d\u2019activit\u00e9s multinationales dirig\u00e9es par la Joint Expeditionary Force\u00a0(JEF), qui s\u2019est d\u00e9roul\u00e9e en Estonie du 6 au 17\u00a0octobre 2025. Cette occasion d\u2019entra\u00eenement \u00e0 grande \u00e9chelle et multi-domaines a d\u00e9montr\u00e9 la capacit\u00e9 de la JEF \u00e0 r\u00e9pondre rapidement en cas de crise dans la zone d\u2019op\u00e9rations de l\u2019OTAN.<\/p>\n<p>\u00ab\u00a0TARASSIS repr\u00e9sente une \u00e9tape majeure dans l\u2019\u00e9volution des capacit\u00e9s op\u00e9rationnelles de l\u2019ARC\u00a0\u00bb, a indiqu\u00e9 le major S\u00e9bastien Tremblay-Verreault, commandant adjoint de la Force op\u00e9rationnelle a\u00e9rienne COBRA WARRIOR 25-2.<\/p>\n<p>TARASSIS comportait la r\u00e9alisation d\u2019op\u00e9rations \u00e0 partir de zones d\u2019atterrissage tactiques, une coordination avec les contr\u00f4leurs interarm\u00e9es de la finale de l\u2019attaque et une int\u00e9gration avec les contr\u00f4leurs tactiques de la circulation a\u00e9rienne et les gestionnaires de combat a\u00e9rien. Les forces canadiennes de la Brigade multinationale Lettonie dirig\u00e9e par le Canada et de la Force op\u00e9rationnelle a\u00e9rienne\u00a0COBRA WARRIOR 25-2 se sont entra\u00een\u00e9es aux c\u00f4t\u00e9s d\u2019alli\u00e9s de l\u2019OTAN, comme l\u2019Estonie, la Lettonie, la Finlande et le Royaume-Uni, pour renforcer l\u2019interop\u00e9rabilit\u00e9 et la d\u00e9fense collective. Ces concepts mettent l\u2019accent sur la flexibilit\u00e9, la r\u00e9silience et la capacit\u00e9 \u00e0 fonctionner dans des environnements aust\u00e8res ou perturb\u00e9s, lesquelles sont des capacit\u00e9s essentielles dans un contexte de s\u00e9curit\u00e9 en constante \u00e9volution.<\/p>\n","protected":false},"excerpt":{"rendered":"Le 21 octobre 2025 \u2013 Nouvelles de la D\u00e9fense Temps de lecture estim\u00e9 \u2013 3:30 L\u00e9gende Photo de&hellip;\n","protected":false},"author":2,"featured_media":481091,"comment_status":"","ping_status":"","sticky":false,"template":"","format":"standard","meta":{"footnotes":""},"categories":[1588],"tags":[11,60455,1777,674,60457,60458,12,60456,473,1853,1851,1850,1852],"class_list":{"0":"post-481090","1":"post","2":"type-post","3":"status-publish","4":"format-standard","5":"has-post-thumbnail","7":"category-royaume-uni","8":"tag-actualites","9":"tag-aviation-royal-canadienne","10":"tag-eu","11":"tag-europe","12":"tag-exercice-cobra-warrior","13":"tag-force-operationnelle-tarassis","14":"tag-news","15":"tag-operation-reassurance","16":"tag-royaume-uni","17":"tag-royaume-uni-de-grande-bretagne-et-dirlande-du-nord","18":"tag-uk","19":"tag-united-kingdom","20":"tag-united-kingdom-of-great-britain-and-northern-ireland"},"share_on_mastodon":{"url":"https:\/\/pubeurope.com\/@fr\/115415821258878814","error":""},"_links":{"self":[{"href":"https:\/\/www.europesays.com\/fr\/wp-json\/wp\/v2\/posts\/481090","targetHints":{"allow":["GET"]}}],"collection":[{"href":"https:\/\/www.europesays.com\/fr\/wp-json\/wp\/v2\/posts"}],"about":[{"href":"https:\/\/www.europesays.com\/fr\/wp-json\/wp\/v2\/types\/post"}],"author":[{"embeddable":true,"href":"https:\/\/www.europesays.com\/fr\/wp-json\/wp\/v2\/users\/2"}],"replies":[{"embeddable":true,"href":"https:\/\/www.europesays.com\/fr\/wp-json\/wp\/v2\/comments?post=481090"}],"version-history":[{"count":0,"href":"https:\/\/www.europesays.com\/fr\/wp-json\/wp\/v2\/posts\/481090\/revisions"}],"wp:featuredmedia":[{"embeddable":true,"href":"https:\/\/www.europesays.com\/fr\/wp-json\/wp\/v2\/media\/481091"}],"wp:attachment":[{"href":"https:\/\/www.europesays.com\/fr\/wp-json\/wp\/v2\/media?parent=481090"}],"wp:term":[{"taxonomy":"category","embeddable":true,"href":"https:\/\/www.europesays.com\/fr\/wp-json\/wp\/v2\/categories?post=481090"},{"taxonomy":"post_tag","embeddable":true,"href":"https:\/\/www.europesays.com\/fr\/wp-json\/wp\/v2\/tags?post=481090"}],"curies":[{"name":"wp","href":"https:\/\/api.w.org\/{rel}","templated":true}]}}