{"id":481094,"date":"2025-10-22T04:01:23","date_gmt":"2025-10-22T04:01:23","guid":{"rendered":"https:\/\/www.europesays.com\/fr\/481094\/"},"modified":"2025-10-22T04:01:23","modified_gmt":"2025-10-22T04:01:23","slug":"lagarde-exhorte-leurope-a-unifier-ses-marches-pour-debloquer-1-200-milliards-deuros-par-an","status":"publish","type":"post","link":"https:\/\/www.europesays.com\/fr\/481094\/","title":{"rendered":"Lagarde exhorte l\u2019Europe \u00e0 unifier ses march\u00e9s pour d\u00e9bloquer 1 200 milliards d\u2019euros par an"},"content":{"rendered":"<p>L\u2019Europe fait face \u00e0 un imp\u00e9ratif de financement colossal pour r\u00e9ussir sa transition \u00e9nerg\u00e9tique. Christine Lagarde, pr\u00e9sidente de la Banque centrale europ\u00e9enne, a rappel\u00e9 lors d\u2019un discours en Norv\u00e8ge les estimations de la Commission europ\u00e9enne : la d\u00e9carbonation de l\u2019industrie, des transports et de l\u2019approvisionnement \u00e9nerg\u00e9tique exige 1 200 milliards d\u2019euros par an. C\u2019est le prix \u00e0 payer pour sortir d\u2019un \u00ab\u00a0statu quo insoutenable et co\u00fbteux\u00a0\u00bb, v\u00e9rit\u00e9 brutale r\u00e9v\u00e9l\u00e9e par la crise \u00e9nerg\u00e9tique post-guerre en Ukraine, qui a mis en lumi\u00e8re la d\u00e9pendance aux importations de combustibles fossiles bon march\u00e9.<\/p>\n<p>La direction est pourtant claire\u00a0: pr\u00e8s de neuf Europ\u00e9ens sur dix soutiennent d\u00e9sormais un d\u00e9veloppement accru des \u00e9nergies renouvelables. Mais si la volont\u00e9 politique et citoyenne est l\u00e0, la structure de financement ne suit pas. La BCE pointe du doigt le manque de leviers pour orienter l\u2019importante \u00ab\u00a0\u00e9pargne priv\u00e9e\u00a0\u00bb du continent vers les projets climatiques. Le secteur priv\u00e9 est cens\u00e9 assumer plus des deux tiers de ces investissements massifs.<\/p>\n<p>L\u2019\u00e9chec des march\u00e9s de capitaux fragment\u00e9s&#13;\n<\/p>\n<p>Le diagnostic de Christine Lagarde est sans appel\u00a0: \u00ab\u00a0le maillon manquant, ce sont les march\u00e9s de capitaux\u00a0\u00bb. En l\u2019\u00e9tat actuel, les m\u00e9canismes de financement peinent \u00e0 inciter les investisseurs. Un chiffre illustre l\u2019inertie\u00a0: pr\u00e8s de quatre entreprises europ\u00e9ennes sur dix consid\u00e8rent que le manque d\u2019app\u00e9tit des investisseurs pour les projets verts repr\u00e9sente un obstacle \u00ab\u00a0tr\u00e8s s\u00e9rieux\u00a0\u00bb.<\/p>\n<p>Pour la pr\u00e9sidente de la BCE, l\u2019Europe dispose des \u00ab\u00a0ressources pour r\u00e9ussir\u00a0\u00bb cette transition, mais la fragmentation r\u00e9glementaire et l\u2019absence d\u2019une v\u00e9ritable int\u00e9gration financi\u00e8re entravent la circulation et la mobilisation de ces fonds. L\u2019Union des march\u00e9s de capitaux (UMC), projet r\u00e9current des sommets des 27, vise pr\u00e9cis\u00e9ment \u00e0 harmoniser les r\u00e9glementations des diff\u00e9rentes bourses europ\u00e9ennes pour fluidifier les flux financiers au sein de l\u2019UE et, par ricochet, faciliter les investissements.<\/p>\n<p>Le soutien de Berlin&#13;\n<\/p>\n<p>La bonne nouvelle, a temp\u00e9r\u00e9 Mme Lagarde, est que \u00ab\u00a0l\u2019\u00e9lan politique en faveur de l\u2019Union des march\u00e9s de capitaux n\u2019a jamais \u00e9t\u00e9 aussi fort\u00a0\u00bb. Elle a explicitement \u00e9voqu\u00e9 le r\u00e9cent appel du chancelier Friedrich Merz.<\/p>\n<p>Le dirigeant allemand a en effet plaid\u00e9 publiquement la semaine derni\u00e8re pour la cr\u00e9ation d\u2019une place boursi\u00e8re europ\u00e9enne unifi\u00e9e. L\u2019objectif est double\u00a0: d\u2019une part, concurrencer les rivales am\u00e9ricaines et asiatiques en cr\u00e9ant un march\u00e9 attractif de taille continentale\u00a0; d\u2019autre part, endiguer la fuite des capitaux des entreprises europ\u00e9ennes qui tendent \u00e0 se financer ailleurs.<\/p>\n<p>L\u2019Europe doit d\u00e9sormais \u00ab\u00a0choisir\u00a0\u00bb\u00a0: soit elle maintient un mod\u00e8le co\u00fbteux et intenable, soit elle cr\u00e9e les conditions n\u00e9cessaires pour \u00ab\u00a0lib\u00e9rer l\u2019investissement indispensable \u00e0 un syst\u00e8me \u00e9nerg\u00e9tique durable, s\u00fbr et abordable\u00a0\u00bb. La balle est dans le camp des dirigeants pour concr\u00e9tiser cette UMC, seule voie capable, selon Francfort, de d\u00e9verrouiller la force de frappe financi\u00e8re priv\u00e9e face aux besoins de la transition verte.<\/p>\n","protected":false},"excerpt":{"rendered":"L\u2019Europe fait face \u00e0 un imp\u00e9ratif de financement colossal pour r\u00e9ussir sa transition \u00e9nerg\u00e9tique. Christine Lagarde, pr\u00e9sidente de&hellip;\n","protected":false},"author":2,"featured_media":481095,"comment_status":"","ping_status":"","sticky":false,"template":"","format":"standard","meta":{"footnotes":""},"categories":[1586],"tags":[12106,10546,17,11,9626,10183,60461,33,12187,1777,674,60459,1011,27,1808,54155,635,10260,12,25,6481,60460],"class_list":{"0":"post-481094","1":"post","2":"type-post","3":"status-publish","4":"format-standard","5":"has-post-thumbnail","7":"category-europe","8":"tag-12106","9":"tag-10546","10":"tag-17","11":"tag-actualites","12":"tag-an","13":"tag-deuros","14":"tag-debloquer","15":"tag-economie","16":"tag-energetique","17":"tag-eu","18":"tag-europe","19":"tag-exhorte","20":"tag-fr","21":"tag-france","22":"tag-leurope","23":"tag-lagarde","24":"tag-marches","25":"tag-milliards","26":"tag-news","27":"tag-republique-francaise","28":"tag-transition","29":"tag-unifier"},"share_on_mastodon":{"url":"https:\/\/pubeurope.com\/@fr\/115415828672569165","error":""},"_links":{"self":[{"href":"https:\/\/www.europesays.com\/fr\/wp-json\/wp\/v2\/posts\/481094","targetHints":{"allow":["GET"]}}],"collection":[{"href":"https:\/\/www.europesays.com\/fr\/wp-json\/wp\/v2\/posts"}],"about":[{"href":"https:\/\/www.europesays.com\/fr\/wp-json\/wp\/v2\/types\/post"}],"author":[{"embeddable":true,"href":"https:\/\/www.europesays.com\/fr\/wp-json\/wp\/v2\/users\/2"}],"replies":[{"embeddable":true,"href":"https:\/\/www.europesays.com\/fr\/wp-json\/wp\/v2\/comments?post=481094"}],"version-history":[{"count":0,"href":"https:\/\/www.europesays.com\/fr\/wp-json\/wp\/v2\/posts\/481094\/revisions"}],"wp:featuredmedia":[{"embeddable":true,"href":"https:\/\/www.europesays.com\/fr\/wp-json\/wp\/v2\/media\/481095"}],"wp:attachment":[{"href":"https:\/\/www.europesays.com\/fr\/wp-json\/wp\/v2\/media?parent=481094"}],"wp:term":[{"taxonomy":"category","embeddable":true,"href":"https:\/\/www.europesays.com\/fr\/wp-json\/wp\/v2\/categories?post=481094"},{"taxonomy":"post_tag","embeddable":true,"href":"https:\/\/www.europesays.com\/fr\/wp-json\/wp\/v2\/tags?post=481094"}],"curies":[{"name":"wp","href":"https:\/\/api.w.org\/{rel}","templated":true}]}}