{"id":481098,"date":"2025-10-22T04:03:14","date_gmt":"2025-10-22T04:03:14","guid":{"rendered":"https:\/\/www.europesays.com\/fr\/481098\/"},"modified":"2025-10-22T04:03:14","modified_gmt":"2025-10-22T04:03:14","slug":"cette-depression-doit-etre-prise-au-serieux","status":"publish","type":"post","link":"https:\/\/www.europesays.com\/fr\/481098\/","title":{"rendered":"Cette d\u00e9pression doit \u00eatre prise au s\u00e9rieux"},"content":{"rendered":"<p>            Par<br \/>\n        <strong><br \/>\n            <a href=\"https:\/\/actu.fr\/auteur\/samuel-sauneuf\" title=\"Consulter tous les articles de Samuel Sauneuf\" rel=\"nofollow noopener\" target=\"_blank\">Samuel Sauneuf<\/a><br \/>\n        <\/strong><\/p>\n<p>        Publi\u00e9 le<\/p>\n<p>            21 oct. 2025 \u00e0 18h08        <\/p>\n<p>Il \u00e9tait pressenti depuis plusieurs jours, il est maintenant confirm\u00e9. Un vent violent va souffler sur la <a href=\"https:\/\/actu.fr\/bretagne\/\" rel=\"nofollow noopener\" target=\"_blank\">Bretagne<\/a> ce jeudi 23 octobre 2025 . Toute la r\u00e9gion est concern\u00e9e. Des rafales jusqu\u2019\u00e0 130 km\/h sont annonc\u00e9es sur le littoral. Dans les terres, on devrait atteindre les 100 km\/h.<\/p>\n<p>Premiers signaux mercredi soir au sud<\/p>\n<p class=\" wall-content\">\u00ab\u00a0Le vent de sud-ouest se renforcera d\u00e8s mercredi soir sur le littoral sud-breton entre 70 et 80 km\/h. Ces rafales gagneront progressivement en intensit\u00e9 et se propageront \u00e0 l\u2019ensemble du littoral dans la nuit. Dans les terres, le vent se renforcera \u00e9galement pour atteindre 60 \u00e0 80 km\/h\u00a0\u00bb, d\u00e9crit Gr\u00e9gory V\u00e9deau sur le <a href=\"https:\/\/www.meteo.bzh\/actualite\/fort-coup-de-vent-a-quoi-sattendre-2025-10-21?fbclid=IwY2xjawNkfLRleHRuA2FlbQIxMABicmlkETFHVTNlTjZxa1lYUHVHSGo5AR5V87BSg87tFbweXVzM3cOVkqesvSvJXXOF1tNXUZHKYeavSt7udkhykuOw4w_aem_O6YLwGcDzUR--x3EbvFkLA\" rel=\"nofollow noopener\" target=\"_blank\">site M\u00e9t\u00e9o-Bretagne<\/a>.<\/p>\n<p>Une fin de nuit agit\u00e9e\u00a0<\/p>\n<p class=\" wall-content\">\u00ab\u00a0Le vent s\u2019accentuera une premi\u00e8re fois en seconde partie de nuit de mercredi \u00e0 jeudi sur les c\u00f4tes du L\u00e9on et du Tr\u00e9gor avec des rafales pouvant atteindre 110 \u00e0 130 km\/h. Dans les terres, le vent de sud-ouest atteindra passag\u00e8rement 70 \u00e0 90 km\/h, surtout en Basse-Bretagne\u00a0\u00bb, compl\u00e8te St\u00e9ven Tual sur la page de Temps Breton.<\/p>\n<p>    <a href=\"https:\/\/www.facebook.com\/plugins\/video.php?height=314&amp;href=https%3A%2F%2Fwww.facebook.com%2Freel%2F1667435397994252%2F&amp;show_text=false&amp;width=350&amp;t=0\" title=\"Ouvrie le lien\" rel=\"nofollow noopener\" target=\"_blank\">Cliquez ici pour visualiser le contenu<\/a><\/p>\n<p>Le pic jeudi entre 8h et 13h<\/p>\n<p class=\" wall-content\">La situation se g\u00e2tera jeudi matin, d\u00e8s le lever du jour, avec un vent qui gagnera en puissance entre 8h et 13h. \u00ab\u00a0Il s\u2019orientera au secteur ouest puis nord-ouest. Sur les caps et les \u00eeles du Finist\u00e8re et du Morbihan, les rafales sont voisines de 110 \u00e0 120 km\/h voire 130 km\/h. Dans les terres, les rafales sont souvent comprises entre 80 et 90 km\/h, parfois plus\u00a0\u00bb, annonce M\u00e9t\u00e9o-Bretagne.\u00a0<\/p>\n<p>Vid\u00e9os : en ce moment sur Actu<\/p>\n<p class=\" wall-content\">Il faiblira progressivement durant l\u2019apr\u00e8s-midi. \u00ab\u00a0La situation s\u2019apaisera apr\u00e8s 18h\u00a0\u00bb, explique Temps Breton.<\/p>\n<p>Attention aux chutes de branches<\/p>\n<p class=\" wall-content\">Ce premier fort coup de vent de l\u2019automne pourrait faire des d\u00e9g\u00e2ts, \u00e0 cause d\u2019une v\u00e9g\u00e9tation encore trop dense. \u00ab\u00a0Les arbres sont encore feuillus et des chutes de branches sont tr\u00e8s probables\u00a0\u00bb, alerte Temps Breton.<\/p>\n<p>Votre r\u00e9gion, votre actu !<\/p>\n<p>Recevez chaque jour les infos qui comptent pour vous.<\/p>\n<p>\t<a href=\"https:\/\/actu.fr\/newsletter\" class=\"ac-btn ac-btn--corner ac-btn--medium ac-btn--blue800\" rel=\"nofollow noopener\" target=\"_blank\">S&rsquo;incrire<\/a><\/p>\n<p class=\" wall-content\">M\u00eame son de cloche du c\u00f4t\u00e9 de M\u00e9t\u00e9o Bretagne qui rappelle ainsi pourquoi cette d\u00e9pression \u00ab\u00a0doit \u00eatre prise au s\u00e9rieux\u00a0\u00bb car elle survient \u00ab\u00a0en pleine journ\u00e9e et dans un contexte de vacances scolaires o\u00f9 la population est nombreuse dans la r\u00e9gion\u00a0\u00bb.<\/p>\n<p class=\" wall-content\">Personnalisez votre actualit\u00e9 en ajoutant vos villes et m\u00e9dias en favori avec <a href=\"https:\/\/moncompte.actu.fr\" title=\"D\u00e9couvez Mon Actu\" rel=\"nofollow noopener\" data-trk=\"{&quot;cta&quot;:{&quot;action&quot;:&quot;https:\\\/\\\/moncompte.actu.fr&quot;,&quot;category&quot;:&quot;mon compte&quot;,&quot;from&quot;:&quot;article footer&quot;,&quot;name&quot;:&quot;Mon actu&quot;,&quot;type&quot;:&quot;cta&quot;}}\" target=\"_blank\">Mon Actu<\/a>.<\/p>\n","protected":false},"excerpt":{"rendered":"Par Samuel Sauneuf Publi\u00e9 le 21 oct. 2025 \u00e0 18h08 Il \u00e9tait pressenti depuis plusieurs jours, il est&hellip;\n","protected":false},"author":2,"featured_media":481099,"comment_status":"","ping_status":"","sticky":false,"template":"","format":"standard","meta":{"footnotes":""},"categories":[2],"tags":[11,1011,27,2487,2357,12,25],"class_list":{"0":"post-481098","1":"post","2":"type-post","3":"status-publish","4":"format-standard","5":"has-post-thumbnail","7":"category-actualites","8":"tag-actualites","9":"tag-fr","10":"tag-france","11":"tag-meteo","12":"tag-meteo-france","13":"tag-news","14":"tag-republique-francaise"},"share_on_mastodon":{"url":"https:\/\/pubeurope.com\/@fr\/115415836544066960","error":""},"_links":{"self":[{"href":"https:\/\/www.europesays.com\/fr\/wp-json\/wp\/v2\/posts\/481098","targetHints":{"allow":["GET"]}}],"collection":[{"href":"https:\/\/www.europesays.com\/fr\/wp-json\/wp\/v2\/posts"}],"about":[{"href":"https:\/\/www.europesays.com\/fr\/wp-json\/wp\/v2\/types\/post"}],"author":[{"embeddable":true,"href":"https:\/\/www.europesays.com\/fr\/wp-json\/wp\/v2\/users\/2"}],"replies":[{"embeddable":true,"href":"https:\/\/www.europesays.com\/fr\/wp-json\/wp\/v2\/comments?post=481098"}],"version-history":[{"count":0,"href":"https:\/\/www.europesays.com\/fr\/wp-json\/wp\/v2\/posts\/481098\/revisions"}],"wp:featuredmedia":[{"embeddable":true,"href":"https:\/\/www.europesays.com\/fr\/wp-json\/wp\/v2\/media\/481099"}],"wp:attachment":[{"href":"https:\/\/www.europesays.com\/fr\/wp-json\/wp\/v2\/media?parent=481098"}],"wp:term":[{"taxonomy":"category","embeddable":true,"href":"https:\/\/www.europesays.com\/fr\/wp-json\/wp\/v2\/categories?post=481098"},{"taxonomy":"post_tag","embeddable":true,"href":"https:\/\/www.europesays.com\/fr\/wp-json\/wp\/v2\/tags?post=481098"}],"curies":[{"name":"wp","href":"https:\/\/api.w.org\/{rel}","templated":true}]}}