{"id":481108,"date":"2025-10-22T04:11:17","date_gmt":"2025-10-22T04:11:17","guid":{"rendered":"https:\/\/www.europesays.com\/fr\/481108\/"},"modified":"2025-10-22T04:11:17","modified_gmt":"2025-10-22T04:11:17","slug":"laveu-de-confiance-de-johann-zarco-apres-le-grand-prix-daustralie","status":"publish","type":"post","link":"https:\/\/www.europesays.com\/fr\/481108\/","title":{"rendered":"l&rsquo;aveu de confiance de Johann Zarco apr\u00e8s le Grand Prix d&rsquo;Australie"},"content":{"rendered":"<p>Johann Zarco n&rsquo;a pas termin\u00e9 le Grand Prix d&rsquo;Australie mais le Fran\u00e7ais \u00e9tait cependant content apr\u00e8s la course hier. Alors que la 19e manche de la saison en MotoGP a eu lieu hier sur le circuit de Phillip Island, Zarco a \u00e9t\u00e9 auteur d&rsquo;une nouvelle chute qui l&rsquo;a emp\u00each\u00e9 de terminer la course. Cependant, le pilote cannois voulait voir le positif apr\u00e8s cette course et il a pris la parole pour faire un aveu fort concernant sa confiance.<\/p>\n<p>Zarco en confiance<\/p>\n<blockquote>\n<p>\u00ab\u00a0Quel dommage. Pas de bobo, m\u00eame si c\u2019est une chute dans un virage rapide. C\u2019\u00e9tait presque \u00e0 la fin du virage. J\u2019ai \u00e9t\u00e9 un peu d\u00e9stabilis\u00e9 au freinage et j\u2019ai rat\u00e9 le point de corde. Je ne sais pas si le vent m\u2019a un peu emport\u00e9 mais en voulant tourner la moto s\u2019est mise \u00e0 glisser et j\u2019aurais presque pu ne pas tomber, mais \u00e0 un moment on s\u2019\u00e9croule. C\u2019est dommage parce que le d\u00e9but de course est toujours tr\u00e8s intense, la position \u00e9tait correcte et \u00e0 voir comment la moto se serait comport\u00e9e avec l\u2019essence qui diminue. Au d\u00e9but elle bougeait beaucoup mais on sait que quand l\u2019essence diminue on retrouve un peu de stabilit\u00e9 et on trouve un meilleur rythme. L\u00e0 je me sentais bien derri\u00e8re Mir et Rins, j\u2019\u00e9tais m\u00eame un peu plus rapide que Mir mais ce n\u2019est pas facile de le passer parce qu\u2019il freine quand m\u00eame tr\u00e8s bien. Moi j\u2019\u00e9tais un peu mieux dans les virages rapides. \u00c7a s\u2019est pass\u00e9 tellement vite, en trois ou quatre tours, et la chute. Je suis d\u00e9\u00e7u.<\/p>\n<p>\u00ab\u00a0On s\u2019attend \u00e0 des moments difficiles apr\u00e8s des grands moments de bonheur mais quand \u00e7a dure aussi longtemps \u00e7a fait bizarre, mais on va prendre le positif : il y a eu un cran de confiance regagn\u00e9 ce week-end. En Indon\u00e9sie je craignais la chute parce que j\u2019avais vraiment perdu de la confiance sur le train avant. Ce week-end elle \u00e9tait plut\u00f4t bonne m\u00eame si j\u2019ai chut\u00e9 de l\u2019avant, mais l\u00e0 il y avait beaucoup de vent et il y a eu une erreur de trajectoire, d\u2019autres explications. Un petit cran de confiance gagn\u00e9 ce week-end. Malheureusement pas de points mais on avance\u00a0\u00bb, a d\u00e9clar\u00e9 le pilote LCR Honda, qui esp\u00e8re donc conna\u00eetre une meilleure issue \u00e0 Sepang.<\/p>\n<\/blockquote>\n<p>   Partagez cette info avec vos amis et vos proches en cliquant ici<br \/> Pour r\u00e9sumer<\/p>\n<p>Johann Zarco n&rsquo;a pas termin\u00e9 le Grand Prix d&rsquo;Australie mais le Fran\u00e7ais \u00e9tait cependant content apr\u00e8s la course hier. Alors que la 19e manche de la saison en MotoGP a eu lieu hier sur le circuit de Phillip Island, Zarco a \u00e9t\u00e9 auteur d&rsquo;une nouvelle chute qui l&rsquo;a emp\u00each\u00e9 de terminer la course.<\/p>\n<p>R\u00e9dacteur<\/p>\n<p><img decoding=\"async\" width=\"76\" height=\"76\" loading=\"lazy\" src=\"https:\/\/www.europesays.com\/fr\/wp-content\/uploads\/2025\/06\/logo-victor-willems.jpg\" alt=\"Victor Willems\"\/><\/p>\n","protected":false},"excerpt":{"rendered":"Johann Zarco n&rsquo;a pas termin\u00e9 le Grand Prix d&rsquo;Australie mais le Fran\u00e7ais \u00e9tait cependant content apr\u00e8s la course&hellip;\n","protected":false},"author":2,"featured_media":481109,"comment_status":"","ping_status":"","sticky":false,"template":"","format":"standard","meta":{"footnotes":""},"categories":[1413],"tags":[1011,27,1457,1456,60,59961],"class_list":{"0":"post-481108","1":"post","2":"type-post","3":"status-publish","4":"format-standard","5":"has-post-thumbnail","7":"category-moto","8":"tag-fr","9":"tag-france","10":"tag-moto","11":"tag-motocycle","12":"tag-sports","13":"tag-sports-moto"},"share_on_mastodon":{"url":"https:\/\/pubeurope.com\/@fr\/115415868147873704","error":""},"_links":{"self":[{"href":"https:\/\/www.europesays.com\/fr\/wp-json\/wp\/v2\/posts\/481108","targetHints":{"allow":["GET"]}}],"collection":[{"href":"https:\/\/www.europesays.com\/fr\/wp-json\/wp\/v2\/posts"}],"about":[{"href":"https:\/\/www.europesays.com\/fr\/wp-json\/wp\/v2\/types\/post"}],"author":[{"embeddable":true,"href":"https:\/\/www.europesays.com\/fr\/wp-json\/wp\/v2\/users\/2"}],"replies":[{"embeddable":true,"href":"https:\/\/www.europesays.com\/fr\/wp-json\/wp\/v2\/comments?post=481108"}],"version-history":[{"count":0,"href":"https:\/\/www.europesays.com\/fr\/wp-json\/wp\/v2\/posts\/481108\/revisions"}],"wp:featuredmedia":[{"embeddable":true,"href":"https:\/\/www.europesays.com\/fr\/wp-json\/wp\/v2\/media\/481109"}],"wp:attachment":[{"href":"https:\/\/www.europesays.com\/fr\/wp-json\/wp\/v2\/media?parent=481108"}],"wp:term":[{"taxonomy":"category","embeddable":true,"href":"https:\/\/www.europesays.com\/fr\/wp-json\/wp\/v2\/categories?post=481108"},{"taxonomy":"post_tag","embeddable":true,"href":"https:\/\/www.europesays.com\/fr\/wp-json\/wp\/v2\/tags?post=481108"}],"curies":[{"name":"wp","href":"https:\/\/api.w.org\/{rel}","templated":true}]}}