{"id":481110,"date":"2025-10-22T04:12:13","date_gmt":"2025-10-22T04:12:13","guid":{"rendered":"https:\/\/www.europesays.com\/fr\/481110\/"},"modified":"2025-10-22T04:12:13","modified_gmt":"2025-10-22T04:12:13","slug":"max-verstappen-soutient-le-pari-fou-de-kalle-rovanpera","status":"publish","type":"post","link":"https:\/\/www.europesays.com\/fr\/481110\/","title":{"rendered":"Max Verstappen soutient le pari fou de Kalle Rovanper\u00e4"},"content":{"rendered":"<p itemprop=\"description\">Max Verstappen affirme qu\u2019il soutient<br \/>\npleinement la d\u00e9cision surprenante de Kalle Rovanper\u00e4 de quitter le<br \/>\nrallye pour se lancer vers la F1 m\u00eame s\u2019il s\u2019agit, selon lui, d\u00a0\u00bbun<br \/>\nchoix de carri\u00e8re audacieux.<\/p>\n<p data-start=\"428\" data-end=\"672\">\u00ab C\u2019est un challenge<br \/>\ncompl\u00e8tement fou, mais j\u2019aime \u00e7a, a d\u00e9clar\u00e9 <a href=\"https:\/\/f1i.autojournal.fr\/dossiers\/pilotes-de-f1\/max-verstappen-357114.html\" target=\"_blank\" rel=\"noopener\"><br \/>\nVerstappen<\/a> \u00e0 Austin. Bien s\u00fbr, j\u2019aimerais aussi le voir<br \/>\nrester en rallye, parce que c\u2019est g\u00e9nial \u00e0 regarder. Mais passer en<br \/>\nSuper Formula, c\u2019est un grand saut. \u00bb<\/p>\n<p data-start=\"674\" data-end=\"944\">Le quadruple champion du monde<br \/>\nen titre, dont le p\u00e8re Jos Verstappen s&rsquo;est recycl\u00e9 en rallye, se<br \/>\ndit fascin\u00e9 par la mani\u00e8re dont la star finlandaise va s\u2019adapter au<br \/>\npilotage en monoplace : \u00ab Kalle a un \u00e9norme d\u00e9fi devant lui,<br \/>\nmais il a beaucoup de talent. J\u2019ai h\u00e2te de voir comment tout cela<br \/>\nva se passer. \u00bb<\/p>\n<p>Super Formula, puis F2 : en<br \/>\nroute vers la F1 ?<\/p>\n<p data-start=\"1022\" data-end=\"1367\">\u00c0 25 ans, Rovanper\u00e4 d\u00e9butera<br \/>\nen 2026 dans le championnat japonais de Super Formula, avant de<br \/>\nviser la Formule 2 en 2027, toujours soutenu par Toyota. Le<br \/>\nconstructeur japonais ayant r\u00e9cemment nou\u00e9 une alliance technique<br \/>\net financi\u00e8re avec l\u2019\u00e9quipe <a href=\"https:\/\/f1i.autojournal.fr\/dossiers\/ecuries-de-f1\/haas-f1-team-357167.html\" target=\"_blank\" rel=\"noopener\"><br \/>\nHaas<\/a>, les rumeurs se multiplient quant \u00e0 une future place en<br \/>\nFormule 1 pour le double champion du WRC.<\/p>\n<p data-start=\"1369\" data-end=\"1687\">Le patron d\u2019\u00e9quipe et figure<br \/>\ndu sport automobile finlandais, Marko Koiranen, l\u2019a expliqu\u00e9<br \/>\nclairement \u00e0 Iltalehti : \u00ab C\u2019est facile de faire un plus un :<br \/>\nToyota soutient Kalle, et collabore avec Haas. Si tout se passe<br \/>\ncomme pr\u00e9vu pour Kalle et Toyota, je n\u2019ai pas le moindre doute<br \/>\nqu\u2019il trouvera une place en F1. \u00bb<\/p>\n<p>En Nouvelle-Z\u00e9lande d\u00e8s cet<br \/>\nhiver<\/p>\n<p data-start=\"1739\" data-end=\"1904\">Le principal d\u00e9fi \u00e0 court<br \/>\nterme pour Rovanper\u00e4 sera d\u2019accumuler les points n\u00e9cessaires \u00e0<br \/>\nl\u2019obtention de la Super Licence FIA, indispensable pour courir en<br \/>\nFormule 1, obstacle que n&rsquo;avait pu franchir son pr\u00e9d\u00e9cesseur<br \/>\nS\u00e9bastien L\u0153b quand il avait envisag\u00e9 le m\u00eame d\u00e9fi en 2009.<\/p>\n<p data-start=\"1906\" data-end=\"2108\">C\u2019est pourquoi le Finlandais<br \/>\nenvisagerait de participer au championnat Formula Regional Oceania<br \/>\n(Toyota Racing Series) d\u00e8s le d\u00e9but de l\u2019ann\u00e9e prochaine, afin de<br \/>\nlancer son parcours en monoplace et engranger des points au plus<br \/>\nvite. En janvier dernier, le rookie du <a href=\"https:\/\/f1i.autojournal.fr\/dossiers\/ecuries-de-f1\/f1-red-bull-racing-357297.html\" target=\"_blank\" rel=\"noopener\"><br \/>\nRed Bull<\/a> Junior Team Arvid Lindblad avait profit\u00e9 de la m\u00eame<br \/>\ncomp\u00e9tition pour d\u00e9crocher le pr\u00e9cieux s\u00e9same avant m\u00eame de d\u00e9buter<br \/>\nen F2.<\/p>\n<p data-start=\"2110\" data-end=\"2399\">Un porte-parole du championnat<br \/>\nn\u00e9o-z\u00e9landais a confirm\u00e9 l\u2019int\u00e9r\u00eat : \u00ab \u00c0 ce stade, je peux<br \/>\nseulement dire que nous serions ravis de l\u2019accueillir et de lui<br \/>\noffrir l\u2019opportunit\u00e9 de faire ses premiers pas dans le monde des<br \/>\nformules de promotion. Mais je ne peux pas confirmer si cela se<br \/>\nfera ou non. \u00bb<\/p>\n","protected":false},"excerpt":{"rendered":"Max Verstappen affirme qu\u2019il soutient pleinement la d\u00e9cision surprenante de Kalle Rovanper\u00e4 de quitter le rallye pour se&hellip;\n","protected":false},"author":2,"featured_media":481111,"comment_status":"","ping_status":"","sticky":false,"template":"","format":"standard","meta":{"footnotes":""},"categories":[1412],"tags":[1451,1452,1453,1454,1455,1011,27,2255,59643,60,9454],"class_list":{"0":"post-481110","1":"post","2":"type-post","3":"status-publish","4":"format-standard","5":"has-post-thumbnail","7":"category-f1","8":"tag-f1","9":"tag-formula-1","10":"tag-formula1","11":"tag-formule-1","12":"tag-formule1","13":"tag-fr","14":"tag-france","15":"tag-red-bull","16":"tag-rovanpera","17":"tag-sports","18":"tag-verstappen"},"share_on_mastodon":{"url":"https:\/\/pubeurope.com\/@fr\/115415871939701434","error":""},"_links":{"self":[{"href":"https:\/\/www.europesays.com\/fr\/wp-json\/wp\/v2\/posts\/481110","targetHints":{"allow":["GET"]}}],"collection":[{"href":"https:\/\/www.europesays.com\/fr\/wp-json\/wp\/v2\/posts"}],"about":[{"href":"https:\/\/www.europesays.com\/fr\/wp-json\/wp\/v2\/types\/post"}],"author":[{"embeddable":true,"href":"https:\/\/www.europesays.com\/fr\/wp-json\/wp\/v2\/users\/2"}],"replies":[{"embeddable":true,"href":"https:\/\/www.europesays.com\/fr\/wp-json\/wp\/v2\/comments?post=481110"}],"version-history":[{"count":0,"href":"https:\/\/www.europesays.com\/fr\/wp-json\/wp\/v2\/posts\/481110\/revisions"}],"wp:featuredmedia":[{"embeddable":true,"href":"https:\/\/www.europesays.com\/fr\/wp-json\/wp\/v2\/media\/481111"}],"wp:attachment":[{"href":"https:\/\/www.europesays.com\/fr\/wp-json\/wp\/v2\/media?parent=481110"}],"wp:term":[{"taxonomy":"category","embeddable":true,"href":"https:\/\/www.europesays.com\/fr\/wp-json\/wp\/v2\/categories?post=481110"},{"taxonomy":"post_tag","embeddable":true,"href":"https:\/\/www.europesays.com\/fr\/wp-json\/wp\/v2\/tags?post=481110"}],"curies":[{"name":"wp","href":"https:\/\/api.w.org\/{rel}","templated":true}]}}